{"id":10221,"date":"2018-08-28T15:01:12","date_gmt":"2018-08-28T14:01:12","guid":{"rendered":"http:\/\/www.histoiresgalantes.fr\/blog\/?p=10221"},"modified":"2020-12-08T13:49:58","modified_gmt":"2020-12-08T12:49:58","slug":"casten-ronnow-medecin-et-confident-de-stanislas-i-conference-au-chateau-de-luneville","status":"publish","type":"post","link":"https:\/\/www.histoiresgalantes.fr\/blog\/2018\/08\/28\/casten-ronnow-medecin-et-confident-de-stanislas-i-conference-au-chateau-de-luneville\/","title":{"rendered":"Casten R\u00f6nnow, m\u00e9decin et confident de Stanislas. Conf\u00e9rence au ch\u00e2teau de Lun\u00e9ville."},"content":{"rendered":"<p>Par <strong>Virginie Leroux,<\/strong> docteur en m\u00e9decine.<br \/>\nUne int\u00e9ressante et passionnante approche de la <strong>m\u00e9decine au XVIIIe si\u00e8cle<\/strong> qui abordera, notamment, les relations \u00e9troites qu\u2019entretiennent le roi Stanislas et <strong>Casten R\u00f6nnow<\/strong> et le r\u00f4le cl\u00e9 que le m\u00e9decin su\u00e9dois joua dans la r\u00e9ussite du <strong>Coll\u00e8ge royal de m\u00e9decine en Lorraine<\/strong>.<br \/>\nSoutenue \u00e0 Nancy, la th\u00e8se de Virginie Leroux sur le sujet a \u00e9t\u00e9 prim\u00e9e par l\u2019<strong>Ac<\/strong><span class=\"text_exposed_show\"><strong>ad\u00e9mie de Stanisla<\/strong>s en janvier 2018.<\/span><\/p>\n<p>Le 07 septembre 2018.<br \/>\n18h<br \/>\nEn partenariat avec les Amis du Ch\u00e2teau de Lun\u00e9ville et de son mus\u00e9e.<br \/>\nEntr\u00e9e : 3\u20ac ou pass ch\u00e2teau<br \/>\nTexte et photo \u00a9 service de presse, facult\u00e9 de m\u00e9decine de Nancy<br \/>\nPortrait attribu\u00e9 \u00e0 <strong>Jean Girardet<\/strong><br \/>\n<a href=\"https:\/\/www.histoiresgalantes.fr\/blog\/wp-content\/uploads\/2018\/08\/Le_Pays_lorrain___revue_...Socie\u0301te\u0301_darche\u0301ologie_bpt6k9606968t2.pdf\"><strong>Lien vers + d&#8217;infos<\/strong><\/a><\/p>\n<p><strong><a href=\"https:\/\/www.histoiresgalantes.fr\/blog\/wp-content\/uploads\/2018\/08\/Le_Pays_lorrain___revue_...Socie%CC%81te%CC%81_darche%CC%81ologie_bpt6k9606968t2.pdf\">Lire aussi cet article du doyen A. Beau, Le Pays lorrain 1972<br \/>\n<\/a><a href=\"https:\/\/www.histoiresgalantes.fr\/blog\/2018\/08\/28\/casten-ronnow-medecin-et-confident-de-stanislas-i-conference-au-chateau-de-luneville\/confident-de-stanislas2\/\" rel=\"attachment wp-att-10239\"><img loading=\"lazy\" decoding=\"async\" class=\"alignnone size-full wp-image-10239\" src=\"https:\/\/www.histoiresgalantes.fr\/blog\/wp-content\/uploads\/2018\/08\/confident-de-stanislas2.jpg\" alt=\"confident-de-stanislas2\" width=\"457\" height=\"426\" srcset=\"https:\/\/www.histoiresgalantes.fr\/blog\/wp-content\/uploads\/2018\/08\/confident-de-stanislas2.jpg 457w, https:\/\/www.histoiresgalantes.fr\/blog\/wp-content\/uploads\/2018\/08\/confident-de-stanislas2-300x280.jpg 300w\" sizes=\"auto, (max-width: 457px) 100vw, 457px\" \/><\/a><\/strong><\/p>\n<p><a href=\"https:\/\/www.histoiresgalantes.fr\/blog\/2018\/08\/28\/casten-ronnow-medecin-et-confident-de-stanislas-i-conference-au-chateau-de-luneville\/39762450_2219387751631052_1395898636449087488_n-2\/\" rel=\"attachment wp-att-10225\"><img loading=\"lazy\" decoding=\"async\" class=\"alignnone size-full wp-image-10225\" src=\"https:\/\/www.histoiresgalantes.fr\/blog\/wp-content\/uploads\/2018\/08\/39762450_2219387751631052_1395898636449087488_n-1.jpg\" alt=\"39762450_2219387751631052_1395898636449087488_n\" width=\"708\" height=\"944\" srcset=\"https:\/\/www.histoiresgalantes.fr\/blog\/wp-content\/uploads\/2018\/08\/39762450_2219387751631052_1395898636449087488_n-1.jpg 708w, https:\/\/www.histoiresgalantes.fr\/blog\/wp-content\/uploads\/2018\/08\/39762450_2219387751631052_1395898636449087488_n-1-225x300.jpg 225w\" sizes=\"auto, (max-width: 708px) 100vw, 708px\" \/><\/a><\/p>\n","protected":false},"excerpt":{"rendered":"<p>Par Virginie Leroux, docteur en m\u00e9decine. Une int\u00e9ressante et passionnante approche de la m\u00e9decine au XVIIIe si\u00e8cle qui abordera, notamment, les relations \u00e9troites qu\u2019entretiennent le roi Stanislas et Casten R\u00f6nnow et le r\u00f4le cl\u00e9 que le m\u00e9decin su\u00e9dois joua dans la r\u00e9ussite du Coll\u00e8ge royal de m\u00e9decine en Lorraine. Soutenue \u00e0 Nancy, la th\u00e8se de [&hellip;]<\/p>\n","protected":false},"author":1,"featured_media":10224,"comment_status":"open","ping_status":"open","sticky":false,"template":"","format":"image","meta":{"om_disable_all_campaigns":false,"_monsterinsights_skip_tracking":false,"_monsterinsights_sitenote_active":false,"_monsterinsights_sitenote_note":"","_monsterinsights_sitenote_category":0,"_s2mail":"yes","footnotes":""},"categories":[67,81,13,17,71,56],"tags":[],"class_list":["post-10221","post","type-post","status-publish","format-image","has-post-thumbnail","hentry","category-artistes","category-conference","category-cour-de-stanislas","category-portraits","category-regne-de-stanislas","category-talents-et-artistes-exceptionnels","post_format-post-format-image"],"aioseo_notices":[],"_links":{"self":[{"href":"https:\/\/www.histoiresgalantes.fr\/blog\/wp-json\/wp\/v2\/posts\/10221","targetHints":{"allow":["GET"]}}],"collection":[{"href":"https:\/\/www.histoiresgalantes.fr\/blog\/wp-json\/wp\/v2\/posts"}],"about":[{"href":"https:\/\/www.histoiresgalantes.fr\/blog\/wp-json\/wp\/v2\/types\/post"}],"author":[{"embeddable":true,"href":"https:\/\/www.histoiresgalantes.fr\/blog\/wp-json\/wp\/v2\/users\/1"}],"replies":[{"embeddable":true,"href":"https:\/\/www.histoiresgalantes.fr\/blog\/wp-json\/wp\/v2\/comments?post=10221"}],"version-history":[{"count":16,"href":"https:\/\/www.histoiresgalantes.fr\/blog\/wp-json\/wp\/v2\/posts\/10221\/revisions"}],"predecessor-version":[{"id":16900,"href":"https:\/\/www.histoiresgalantes.fr\/blog\/wp-json\/wp\/v2\/posts\/10221\/revisions\/16900"}],"wp:featuredmedia":[{"embeddable":true,"href":"https:\/\/www.histoiresgalantes.fr\/blog\/wp-json\/wp\/v2\/media\/10224"}],"wp:attachment":[{"href":"https:\/\/www.histoiresgalantes.fr\/blog\/wp-json\/wp\/v2\/media?parent=10221"}],"wp:term":[{"taxonomy":"category","embeddable":true,"href":"https:\/\/www.histoiresgalantes.fr\/blog\/wp-json\/wp\/v2\/categories?post=10221"},{"taxonomy":"post_tag","embeddable":true,"href":"https:\/\/www.histoiresgalantes.fr\/blog\/wp-json\/wp\/v2\/tags?post=10221"}],"curies":[{"name":"wp","href":"https:\/\/api.w.org\/{rel}","templated":true}]}}