{"id":10232,"date":"2018-08-28T15:27:53","date_gmt":"2018-08-28T14:27:53","guid":{"rendered":"http:\/\/www.histoiresgalantes.fr\/blog\/?p=10232"},"modified":"2018-08-28T15:27:53","modified_gmt":"2018-08-28T14:27:53","slug":"roland-grunberg-le-realiste-de-lirreel-exposition-a-lhotel-du-departement-a-nancy","status":"publish","type":"post","link":"https:\/\/www.histoiresgalantes.fr\/blog\/2018\/08\/28\/roland-grunberg-le-realiste-de-lirreel-exposition-a-lhotel-du-departement-a-nancy\/","title":{"rendered":"Roland Gr\u00fcnberg, le r\u00e9aliste de l\u2019irr\u00e9el. Exposition \u00e0 l&#8217;h\u00f4tel du d\u00e9partement \u00e0 Nancy."},"content":{"rendered":"<p>Etrange similitude entre ce d\u00e9tail d&#8217;une fresque en grisaille du XVIe si\u00e8cle de la cath\u00e9drale de Troyes (photographi\u00e9 cet \u00e9t\u00e9), cette gravure de Roland Gr\u00fcnberg, et la b\u00eate du chef-d&#8217;\u0153uvre de Cocteau &#8220;La belle et la b\u00eate&#8221; !<br \/>\nRoland Gr\u00fcnberg, artiste polymorphe, graveur, illustrateur, sc\u00e9nographe et cr\u00e9ateur de manifestations culturelles telles que le NJP ou le Festival mondial de th\u00e9\u00e2tre de Nancy.<br \/>\nChaque gravure est associ\u00e9e \u00e0 un texte ou une po\u00e9sie. Des photographies sont <span class=\"text_exposed_show\">pr\u00e9sent\u00e9es \u00e9galement, pour mieux illustrer les travaux de sc\u00e9nographie, de d\u00e9cors, de costumes de Roland Gr\u00fcnberg.<br \/>\nEntr\u00e9e libre. 8h30 &#8211; 19h.<br \/>\nRoland Gr\u00fcnberg, le r\u00e9aliste de l\u2019irr\u00e9el du 18 juin au 19 septembre<br \/>\nH\u00f4tel du d\u00e9partement, 48 esplanade Jacques Baudot, NANCY<\/span><\/p>\n","protected":false},"excerpt":{"rendered":"<p>Etrange similitude entre ce d\u00e9tail d&#8217;une fresque en grisaille du XVIe si\u00e8cle de la cath\u00e9drale de Troyes (photographi\u00e9 cet \u00e9t\u00e9), cette gravure de Roland Gr\u00fcnberg, et la b\u00eate du chef-d&#8217;\u0153uvre de Cocteau &#8220;La belle et la b\u00eate&#8221; ! Roland Gr\u00fcnberg, artiste polymorphe, graveur, illustrateur, sc\u00e9nographe et cr\u00e9ateur de manifestations culturelles telles que le NJP ou [&hellip;]<\/p>\n","protected":false},"author":1,"featured_media":10233,"comment_status":"open","ping_status":"open","sticky":false,"template":"","format":"image","meta":{"om_disable_all_campaigns":false,"_monsterinsights_skip_tracking":false,"_monsterinsights_sitenote_active":false,"_monsterinsights_sitenote_note":"","_monsterinsights_sitenote_category":0,"_s2mail":"yes","footnotes":""},"categories":[48,67,32,29,14],"tags":[],"class_list":["post-10232","post","type-post","status-publish","format-image","has-post-thumbnail","hentry","category-talent","category-artistes","category-sites-a-visiter","category-evenements","category-insolite","post_format-post-format-image"],"aioseo_notices":[],"_links":{"self":[{"href":"https:\/\/www.histoiresgalantes.fr\/blog\/wp-json\/wp\/v2\/posts\/10232","targetHints":{"allow":["GET"]}}],"collection":[{"href":"https:\/\/www.histoiresgalantes.fr\/blog\/wp-json\/wp\/v2\/posts"}],"about":[{"href":"https:\/\/www.histoiresgalantes.fr\/blog\/wp-json\/wp\/v2\/types\/post"}],"author":[{"embeddable":true,"href":"https:\/\/www.histoiresgalantes.fr\/blog\/wp-json\/wp\/v2\/users\/1"}],"replies":[{"embeddable":true,"href":"https:\/\/www.histoiresgalantes.fr\/blog\/wp-json\/wp\/v2\/comments?post=10232"}],"version-history":[{"count":1,"href":"https:\/\/www.histoiresgalantes.fr\/blog\/wp-json\/wp\/v2\/posts\/10232\/revisions"}],"predecessor-version":[{"id":10234,"href":"https:\/\/www.histoiresgalantes.fr\/blog\/wp-json\/wp\/v2\/posts\/10232\/revisions\/10234"}],"wp:featuredmedia":[{"embeddable":true,"href":"https:\/\/www.histoiresgalantes.fr\/blog\/wp-json\/wp\/v2\/media\/10233"}],"wp:attachment":[{"href":"https:\/\/www.histoiresgalantes.fr\/blog\/wp-json\/wp\/v2\/media?parent=10232"}],"wp:term":[{"taxonomy":"category","embeddable":true,"href":"https:\/\/www.histoiresgalantes.fr\/blog\/wp-json\/wp\/v2\/categories?post=10232"},{"taxonomy":"post_tag","embeddable":true,"href":"https:\/\/www.histoiresgalantes.fr\/blog\/wp-json\/wp\/v2\/tags?post=10232"}],"curies":[{"name":"wp","href":"https:\/\/api.w.org\/{rel}","templated":true}]}}