{"id":10392,"date":"2018-09-13T19:14:25","date_gmt":"2018-09-13T18:14:25","guid":{"rendered":"http:\/\/www.histoiresgalantes.fr\/blog\/?p=10392"},"modified":"2018-09-17T19:21:14","modified_gmt":"2018-09-17T18:21:14","slug":"appel-a-contribution-pour-le-colloque-diderot-et-voltaire-sans-frontieres-langres-les-16-et-17-mai-2019","status":"publish","type":"post","link":"https:\/\/www.histoiresgalantes.fr\/blog\/2018\/09\/13\/appel-a-contribution-pour-le-colloque-diderot-et-voltaire-sans-frontieres-langres-les-16-et-17-mai-2019\/","title":{"rendered":"Appel \u00e0 contribution pour le colloque &#8220;Diderot et Voltaire sans fronti\u00e8res&#8221; &#8211;  Langres, les 16 et 17 mai 2019"},"content":{"rendered":"<p>Propositions \u00e0 faire parvenir\u00a0<strong>avant le 1er\u00a0d\u00e9cembre 2018<\/strong>\u00a0 le 1er d\u00e9c. 2018: <a href=\"http:\/\/www.fabula.org\/actualites\/appel-communications-diderot-et-voltaire-sans-frontieres-langres-16-17-mai-2019_86561.php\"><strong>&#8220;Diderot et Voltaire sans fronti\u00e8res&#8221;<br \/>\n<\/strong><\/a>Langres, 16-17 mai 2019. Journ\u00e9e des jeunes chercheurs 2019, organis\u00e9e par les <strong>soci\u00e9t\u00e9s Diderot et Voltaire<\/strong> qui s&#8217;associent pour l&#8217;\u00e9v\u00e9nement.<br \/>\n<strong><a href=\"http:\/\/www.fabula.org\/actualites\/appel-communications-diderot-et-voltaire-sans-frontieres-langres-16-17-mai-2019_86561.php\">Suivre ce lien pour plus d&#8217;informations<\/a><\/strong><\/p>\n","protected":false},"excerpt":{"rendered":"<p>Propositions \u00e0 faire parvenir\u00a0avant le 1er\u00a0d\u00e9cembre 2018\u00a0 le 1er d\u00e9c. 2018: &#8220;Diderot et Voltaire sans fronti\u00e8res&#8221; Langres, 16-17 mai 2019. Journ\u00e9e des jeunes chercheurs 2019, organis\u00e9e par les soci\u00e9t\u00e9s Diderot et Voltaire qui s&#8217;associent pour l&#8217;\u00e9v\u00e9nement. Suivre ce lien pour plus d&#8217;informations<\/p>\n","protected":false},"author":1,"featured_media":10394,"comment_status":"open","ping_status":"open","sticky":false,"template":"","format":"image","meta":{"om_disable_all_campaigns":false,"_monsterinsights_skip_tracking":false,"_monsterinsights_sitenote_active":false,"_monsterinsights_sitenote_note":"","_monsterinsights_sitenote_category":0,"_s2mail":"yes","footnotes":""},"categories":[84,41,31],"tags":[],"class_list":["post-10392","post","type-post","status-publish","format-image","has-post-thumbnail","hentry","category-colloque","category-litterature","category-voltaire","post_format-post-format-image"],"aioseo_notices":[],"_links":{"self":[{"href":"https:\/\/www.histoiresgalantes.fr\/blog\/wp-json\/wp\/v2\/posts\/10392","targetHints":{"allow":["GET"]}}],"collection":[{"href":"https:\/\/www.histoiresgalantes.fr\/blog\/wp-json\/wp\/v2\/posts"}],"about":[{"href":"https:\/\/www.histoiresgalantes.fr\/blog\/wp-json\/wp\/v2\/types\/post"}],"author":[{"embeddable":true,"href":"https:\/\/www.histoiresgalantes.fr\/blog\/wp-json\/wp\/v2\/users\/1"}],"replies":[{"embeddable":true,"href":"https:\/\/www.histoiresgalantes.fr\/blog\/wp-json\/wp\/v2\/comments?post=10392"}],"version-history":[{"count":2,"href":"https:\/\/www.histoiresgalantes.fr\/blog\/wp-json\/wp\/v2\/posts\/10392\/revisions"}],"predecessor-version":[{"id":10395,"href":"https:\/\/www.histoiresgalantes.fr\/blog\/wp-json\/wp\/v2\/posts\/10392\/revisions\/10395"}],"wp:featuredmedia":[{"embeddable":true,"href":"https:\/\/www.histoiresgalantes.fr\/blog\/wp-json\/wp\/v2\/media\/10394"}],"wp:attachment":[{"href":"https:\/\/www.histoiresgalantes.fr\/blog\/wp-json\/wp\/v2\/media?parent=10392"}],"wp:term":[{"taxonomy":"category","embeddable":true,"href":"https:\/\/www.histoiresgalantes.fr\/blog\/wp-json\/wp\/v2\/categories?post=10392"},{"taxonomy":"post_tag","embeddable":true,"href":"https:\/\/www.histoiresgalantes.fr\/blog\/wp-json\/wp\/v2\/tags?post=10392"}],"curies":[{"name":"wp","href":"https:\/\/api.w.org\/{rel}","templated":true}]}}