{"id":10687,"date":"2018-10-16T10:33:32","date_gmt":"2018-10-16T09:33:32","guid":{"rendered":"http:\/\/www.histoiresgalantes.fr\/blog\/?p=10687"},"modified":"2018-10-17T17:45:38","modified_gmt":"2018-10-17T16:45:38","slug":"il-est-ou-le-bonheur-il-est-ou","status":"publish","type":"post","link":"https:\/\/www.histoiresgalantes.fr\/blog\/2018\/10\/16\/il-est-ou-le-bonheur-il-est-ou\/","title":{"rendered":"Il est o\u00f9 le bonheur, il est o\u00f9 ?"},"content":{"rendered":"<p>Conf\u00e9rence ce jeudi 18 septembre \u00e0 Langres<br \/>\n&#8220;Emilie du Ch\u00e2telet et son discours sur le bonheur&#8221;,<br \/>\npar V\u00e9ronique Le Ru<br \/>\nArticle \u00a9 jhm 15-10-2018<\/p>\n<p><a href=\"https:\/\/www.histoiresgalantes.fr\/blog\/2018\/10\/15\/il-est-ou-le-bonheur-il-est-ou\/article\/\" rel=\"attachment wp-att-10694\"><img loading=\"lazy\" decoding=\"async\" class=\"alignnone size-full wp-image-10694\" src=\"https:\/\/www.histoiresgalantes.fr\/blog\/wp-content\/uploads\/2018\/10\/article.jpg\" alt=\"article\" width=\"800\" height=\"726\" srcset=\"https:\/\/www.histoiresgalantes.fr\/blog\/wp-content\/uploads\/2018\/10\/article.jpg 800w, https:\/\/www.histoiresgalantes.fr\/blog\/wp-content\/uploads\/2018\/10\/article-300x272.jpg 300w, https:\/\/www.histoiresgalantes.fr\/blog\/wp-content\/uploads\/2018\/10\/article-768x697.jpg 768w\" sizes=\"auto, (max-width: 800px) 100vw, 800px\" \/><\/a><\/p>\n","protected":false},"excerpt":{"rendered":"<p>Conf\u00e9rence ce jeudi 18 septembre \u00e0 Langres &#8220;Emilie du Ch\u00e2telet et son discours sur le bonheur&#8221;, par V\u00e9ronique Le Ru Article \u00a9 jhm 15-10-2018<\/p>\n","protected":false},"author":1,"featured_media":10693,"comment_status":"open","ping_status":"open","sticky":false,"template":"","format":"image","meta":{"om_disable_all_campaigns":false,"_monsterinsights_skip_tracking":false,"_monsterinsights_sitenote_active":false,"_monsterinsights_sitenote_note":"","_monsterinsights_sitenote_category":0,"_s2mail":"yes","footnotes":""},"categories":[81,74,17],"tags":[],"class_list":["post-10687","post","type-post","status-publish","format-image","has-post-thumbnail","hentry","category-conference","category-life-style-xviiie","category-portraits","post_format-post-format-image"],"aioseo_notices":[],"_links":{"self":[{"href":"https:\/\/www.histoiresgalantes.fr\/blog\/wp-json\/wp\/v2\/posts\/10687","targetHints":{"allow":["GET"]}}],"collection":[{"href":"https:\/\/www.histoiresgalantes.fr\/blog\/wp-json\/wp\/v2\/posts"}],"about":[{"href":"https:\/\/www.histoiresgalantes.fr\/blog\/wp-json\/wp\/v2\/types\/post"}],"author":[{"embeddable":true,"href":"https:\/\/www.histoiresgalantes.fr\/blog\/wp-json\/wp\/v2\/users\/1"}],"replies":[{"embeddable":true,"href":"https:\/\/www.histoiresgalantes.fr\/blog\/wp-json\/wp\/v2\/comments?post=10687"}],"version-history":[{"count":5,"href":"https:\/\/www.histoiresgalantes.fr\/blog\/wp-json\/wp\/v2\/posts\/10687\/revisions"}],"predecessor-version":[{"id":10697,"href":"https:\/\/www.histoiresgalantes.fr\/blog\/wp-json\/wp\/v2\/posts\/10687\/revisions\/10697"}],"wp:featuredmedia":[{"embeddable":true,"href":"https:\/\/www.histoiresgalantes.fr\/blog\/wp-json\/wp\/v2\/media\/10693"}],"wp:attachment":[{"href":"https:\/\/www.histoiresgalantes.fr\/blog\/wp-json\/wp\/v2\/media?parent=10687"}],"wp:term":[{"taxonomy":"category","embeddable":true,"href":"https:\/\/www.histoiresgalantes.fr\/blog\/wp-json\/wp\/v2\/categories?post=10687"},{"taxonomy":"post_tag","embeddable":true,"href":"https:\/\/www.histoiresgalantes.fr\/blog\/wp-json\/wp\/v2\/tags?post=10687"}],"curies":[{"name":"wp","href":"https:\/\/api.w.org\/{rel}","templated":true}]}}