{"id":10707,"date":"2023-07-06T19:50:45","date_gmt":"2023-07-06T18:50:45","guid":{"rendered":"http:\/\/www.histoiresgalantes.fr\/blog\/?p=10707"},"modified":"2023-07-12T17:08:46","modified_gmt":"2023-07-12T16:08:46","slug":"la-belle-et-la-bete-doit-son-succes-a-une-courtisane-de-la-cour-de-luneville","status":"publish","type":"post","link":"https:\/\/www.histoiresgalantes.fr\/blog\/2023\/07\/06\/la-belle-et-la-bete-doit-son-succes-a-une-courtisane-de-la-cour-de-luneville\/","title":{"rendered":"La Belle et la B\u00eate doit son succ\u00e8s \u00e0 une courtisane de la cour de Lun\u00e9ville"},"content":{"rendered":"<p><em><a href=\"https:\/\/www.histoiresgalantes.fr\/blog\/2018\/10\/23\/femmes-peintres-lavinia-fontana\/\"><strong>La Belle et la B\u00eate<\/strong><\/a> <\/em>est un conte inspir\u00e9 de l&#8217;histoire vraie d&#8217;un gentilhomme espagnol invit\u00e9 (\u00e0 l&#8217;\u00e2ge de 10 ans) \u00e0 la cour d&#8217;Henri II (XVIe).<br \/>Souffrant d&#8217;<strong>hypertrichose<\/strong> (croissance anormale de cheveux sur le visage), <strong>Pedro Gonzales<\/strong> ou Petrus Gonsalvus, est l&#8217;attraction de l&#8217;\u00e9poque.<br \/>La reine <strong>Catherine de M\u00e9dicis<\/strong> organise son mariage spectaculaire en imposant \u00e0 une tr\u00e8s jolie jeune fille de l&#8217;\u00e9pouser, celle-ci ayant \u00e9t\u00e9 emp\u00each\u00e9e de vo<span class=\"text_exposed_show\">ir son futur \u00e9poux avant la c\u00e9l\u00e9bration\u2026<br \/>Le couple aura sept enfants, dont certains h\u00e9riteront de la maladie de leur p\u00e8re.<\/span><\/p>\n<p><a href=\"https:\/\/www.histoiresgalantes.fr\/blog\/wp-content\/uploads\/2020\/11\/La_reine_Fantasque_par_J_...Rousseau_Jean-Jacques_bpt6k9604885c-1.pdf\"><strong>Gabrielle-Suzanne de Villeneuve <\/strong><\/a>s&#8217;inspire de cette histoire vraie pour \u00e9crire un conte publi\u00e9 anonymement en 1740, mais c&#8217;est <strong>Jeanne-Marie Leprince de Beaumont,<\/strong> courtisane \u00e0 la <strong>cour de Lun\u00e9ville (1)<\/strong>, s\u0153ur du peintre <strong>Jean-Baptiste Leprince <\/strong>et gouvernante des enfants de la <a href=\"https:\/\/www.histoiresgalantes.fr\/blog\/2015\/05\/12\/14\/\"><strong>duchesse de Lorraine Elisabeth-Charlotte<\/strong><\/a> qui le rendra c\u00e9l\u00e8bre (repris et abr\u00e9g\u00e9) sous le nom de <em>La belle et la B\u00eate<\/em> en 1750.<br \/><strong>Jeanne-Marie Leprince de Beaumont<\/strong> est la premi\u00e8re \u00e0 \u00e9crire de la litt\u00e9rature enfantine dont elle invente le genre dans son manuel d&#8217;\u00e9ducation <strong>Le Magasin des enfants<\/strong>.<\/p>\n<p>Ce conte fut \u00e9crit \u00e0 l&#8217;origine pour pr\u00e9parer les tr\u00e8s jeunes femmes \u00e0 l&#8217;\u00e9ventualit\u00e9 (courante \u00e0 l&#8217;\u00e9poque) d&#8217;\u00e9pouser de tr\u00e8s vieux messieurs riches et l&#8217;\u0153uvre originale de <strong>Gabrielle-Suzanne de Villeneuve<\/strong> est bien plus belle dans ses descriptions d\u00e9taill\u00e9es.<\/p>\n<p>(1) Elle arrive \u00e0 la cour de Lun\u00e9ville en 1736, s&#8217;y marie avec le marquis Grimard de Beaumont, capitaine aux Gardes, mort en duel en septembre 1745.<br \/>Article \u00a9 PFD<\/p>\n<p><br \/>Portrait d&#8217;Antonietta Gonsalvus par<strong> Lavinia Fontana<\/strong> (1552-1614). Artiste r\u00e9put\u00e9e de la cour de Catherine de Medicis, Lavinia Fontana peint des portraits de membres de l\u2019aristocratie ou de la bourgeoisie.<\/p>\n\n<div class=\"wp-block-image\">\n<figure class=\"aligncenter size-large\"><a href=\"https:\/\/www.histoiresgalantes.fr\/blog\/wp-content\/uploads\/2023\/07\/antonietta-fontana.jpg\"><img loading=\"lazy\" decoding=\"async\" width=\"1024\" height=\"487\" src=\"https:\/\/www.histoiresgalantes.fr\/blog\/wp-content\/uploads\/2023\/07\/antonietta-fontana-1024x487.jpg\" alt=\"\" class=\"wp-image-24825\" srcset=\"https:\/\/www.histoiresgalantes.fr\/blog\/wp-content\/uploads\/2023\/07\/antonietta-fontana-1024x487.jpg 1024w, https:\/\/www.histoiresgalantes.fr\/blog\/wp-content\/uploads\/2023\/07\/antonietta-fontana-300x143.jpg 300w, https:\/\/www.histoiresgalantes.fr\/blog\/wp-content\/uploads\/2023\/07\/antonietta-fontana-768x365.jpg 768w, https:\/\/www.histoiresgalantes.fr\/blog\/wp-content\/uploads\/2023\/07\/antonietta-fontana-1536x730.jpg 1536w, https:\/\/www.histoiresgalantes.fr\/blog\/wp-content\/uploads\/2023\/07\/antonietta-fontana.jpg 2011w\" sizes=\"auto, (max-width: 1024px) 100vw, 1024px\" \/><\/a><figcaption class=\"wp-element-caption\">Portrait d&#8217;Antonietta Gonsalvus par<strong> Lavinia Fontana<\/strong><br>Adjug\u00e9 : 1 250 000 \u20ac<br>Vente ROUILLAC le 03 juin 2023<br>suivre ce lien pour avoir le d\u00e9tail de la vente<br><a href=\"https:\/\/www.rouillac.com\/fr\/lot-602-148431-lavinia_fontana_italienne_1552_1614portrait\">https:\/\/www.rouillac.com\/fr\/lot-602-148431-lavinia_fontana_italienne_1552_1614portrait<\/a><\/figcaption><\/figure><\/div>\n\n<div class=\"wp-block-image\">\n<figure class=\"aligncenter size-full\"><a href=\"https:\/\/www.histoiresgalantes.fr\/blog\/wp-content\/uploads\/2018\/10\/800px-Jeanne-Marie_Leprince_de_Beaumont.jpg\"><img loading=\"lazy\" decoding=\"async\" width=\"800\" height=\"628\" src=\"https:\/\/www.histoiresgalantes.fr\/blog\/wp-content\/uploads\/2018\/10\/800px-Jeanne-Marie_Leprince_de_Beaumont.jpg\" alt=\"\" class=\"wp-image-10736\" srcset=\"https:\/\/www.histoiresgalantes.fr\/blog\/wp-content\/uploads\/2018\/10\/800px-Jeanne-Marie_Leprince_de_Beaumont.jpg 800w, https:\/\/www.histoiresgalantes.fr\/blog\/wp-content\/uploads\/2018\/10\/800px-Jeanne-Marie_Leprince_de_Beaumont-300x236.jpg 300w, https:\/\/www.histoiresgalantes.fr\/blog\/wp-content\/uploads\/2018\/10\/800px-Jeanne-Marie_Leprince_de_Beaumont-768x603.jpg 768w\" sizes=\"auto, (max-width: 800px) 100vw, 800px\" \/><\/a><figcaption class=\"wp-element-caption\">Jeanne-Marie Leprince de Beaumont<\/figcaption><\/figure><\/div>\n\n<div class=\"wp-block-image\">\n<figure class=\"aligncenter size-large\"><a href=\"https:\/\/www.histoiresgalantes.fr\/blog\/wp-content\/uploads\/2023\/07\/lavinia-fontana-antonietta-gonzalez-1594-95-.jpg\"><img loading=\"lazy\" decoding=\"async\" width=\"801\" height=\"1024\" src=\"https:\/\/www.histoiresgalantes.fr\/blog\/wp-content\/uploads\/2023\/07\/lavinia-fontana-antonietta-gonzalez-1594-95--801x1024.jpg\" alt=\"\" class=\"wp-image-24796\" srcset=\"https:\/\/www.histoiresgalantes.fr\/blog\/wp-content\/uploads\/2023\/07\/lavinia-fontana-antonietta-gonzalez-1594-95--801x1024.jpg 801w, https:\/\/www.histoiresgalantes.fr\/blog\/wp-content\/uploads\/2023\/07\/lavinia-fontana-antonietta-gonzalez-1594-95--235x300.jpg 235w, https:\/\/www.histoiresgalantes.fr\/blog\/wp-content\/uploads\/2023\/07\/lavinia-fontana-antonietta-gonzalez-1594-95--768x982.jpg 768w, https:\/\/www.histoiresgalantes.fr\/blog\/wp-content\/uploads\/2023\/07\/lavinia-fontana-antonietta-gonzalez-1594-95-.jpg 1000w\" sizes=\"auto, (max-width: 801px) 100vw, 801px\" \/><\/a><figcaption class=\"wp-element-caption\">Portrait d&#8217;Antonietta Gonsalvus par Lavinia Fontana, 1583.<\/figcaption><\/figure><\/div>\n\n<div class=\"wp-block-image\">\n<figure class=\"aligncenter size-full\"><a href=\"https:\/\/www.histoiresgalantes.fr\/blog\/wp-content\/uploads\/2023\/07\/petrus-gonsalvus-and-lady-catherine.jpg\"><img loading=\"lazy\" decoding=\"async\" width=\"900\" height=\"709\" src=\"https:\/\/www.histoiresgalantes.fr\/blog\/wp-content\/uploads\/2023\/07\/petrus-gonsalvus-and-lady-catherine.jpg\" alt=\"\" class=\"wp-image-24798\" srcset=\"https:\/\/www.histoiresgalantes.fr\/blog\/wp-content\/uploads\/2023\/07\/petrus-gonsalvus-and-lady-catherine.jpg 900w, https:\/\/www.histoiresgalantes.fr\/blog\/wp-content\/uploads\/2023\/07\/petrus-gonsalvus-and-lady-catherine-300x236.jpg 300w, https:\/\/www.histoiresgalantes.fr\/blog\/wp-content\/uploads\/2023\/07\/petrus-gonsalvus-and-lady-catherine-768x605.jpg 768w\" sizes=\"auto, (max-width: 900px) 100vw, 900px\" \/><\/a><figcaption class=\"wp-element-caption\"><em>Petrus et Catherine Gonsalvus<\/em><br>i<strong>n Joris Hoefnagel,&nbsp;<em>Animalia Rationalia et Insecta (Ignis<\/em>)&nbsp;: Plate I,&nbsp;c. 1575\/1580, Washington, National Gallery of Art<\/strong><br>https:\/\/journals.openedition.org\/apparences\/1268<\/figcaption><\/figure><\/div>\n\n<div class=\"wp-block-image\">\n<figure class=\"aligncenter size-full\"><a href=\"https:\/\/www.histoiresgalantes.fr\/blog\/wp-content\/uploads\/2018\/10\/gonzales.jpg\"><img loading=\"lazy\" decoding=\"async\" width=\"474\" height=\"629\" src=\"https:\/\/www.histoiresgalantes.fr\/blog\/wp-content\/uploads\/2018\/10\/gonzales.jpg\" alt=\"\" class=\"wp-image-10711\" srcset=\"https:\/\/www.histoiresgalantes.fr\/blog\/wp-content\/uploads\/2018\/10\/gonzales.jpg 474w, https:\/\/www.histoiresgalantes.fr\/blog\/wp-content\/uploads\/2018\/10\/gonzales-226x300.jpg 226w\" sizes=\"auto, (max-width: 474px) 100vw, 474px\" \/><\/a><figcaption class=\"wp-element-caption\">Famille de M. Gonzales <\/figcaption><\/figure><\/div>\n\n<div class=\"wp-block-image\">\n<figure class=\"aligncenter size-large\"><a href=\"https:\/\/www.histoiresgalantes.fr\/blog\/wp-content\/uploads\/2023\/07\/img-1.jpg\"><img loading=\"lazy\" decoding=\"async\" width=\"723\" height=\"1024\" src=\"https:\/\/www.histoiresgalantes.fr\/blog\/wp-content\/uploads\/2023\/07\/img-1-723x1024.jpg\" alt=\"\" class=\"wp-image-24808\" srcset=\"https:\/\/www.histoiresgalantes.fr\/blog\/wp-content\/uploads\/2023\/07\/img-1-723x1024.jpg 723w, https:\/\/www.histoiresgalantes.fr\/blog\/wp-content\/uploads\/2023\/07\/img-1-212x300.jpg 212w, https:\/\/www.histoiresgalantes.fr\/blog\/wp-content\/uploads\/2023\/07\/img-1-768x1088.jpg 768w, https:\/\/www.histoiresgalantes.fr\/blog\/wp-content\/uploads\/2023\/07\/img-1-1084x1536.jpg 1084w, https:\/\/www.histoiresgalantes.fr\/blog\/wp-content\/uploads\/2023\/07\/img-1.jpg 1188w\" sizes=\"auto, (max-width: 723px) 100vw, 723px\" \/><\/a><figcaption class=\"wp-element-caption\">in Ulissa Aldrovandi,&nbsp;<em>Monstrorum Historia,&nbsp;<\/em>Bologna, Typic Nicolai Tebaldini, 1642.<br>https:\/\/journals.openedition.org\/apparences\/1268<\/figcaption><\/figure><\/div>","protected":false},"excerpt":{"rendered":"<p>La Belle et la B\u00eate est un conte inspir\u00e9 de l&#8217;histoire vraie d&#8217;un gentilhomme espagnol invit\u00e9 (\u00e0 l&#8217;\u00e2ge de 10 ans) \u00e0 la cour d&#8217;Henri II (XVIe).Souffrant d&#8217;hypertrichose (croissance anormale de cheveux sur le visage), Pedro Gonzales ou Petrus Gonsalvus, est l&#8217;attraction de l&#8217;\u00e9poque.La reine Catherine de M\u00e9dicis organise son mariage spectaculaire en imposant \u00e0 [&hellip;]<\/p>\n","protected":false},"author":1,"featured_media":24821,"comment_status":"open","ping_status":"open","sticky":false,"template":"","format":"image","meta":{"om_disable_all_campaigns":false,"_monsterinsights_skip_tracking":false,"_monsterinsights_sitenote_active":false,"_monsterinsights_sitenote_note":"","_monsterinsights_sitenote_category":0,"_s2mail":"yes","footnotes":""},"categories":[61,14,41,56],"tags":[],"class_list":["post-10707","post","type-post","status-publish","format-image","has-post-thumbnail","hentry","category-femmes-peintres","category-insolite","category-litterature","category-talents-et-artistes-exceptionnels","post_format-post-format-image"],"aioseo_notices":[],"_links":{"self":[{"href":"https:\/\/www.histoiresgalantes.fr\/blog\/wp-json\/wp\/v2\/posts\/10707","targetHints":{"allow":["GET"]}}],"collection":[{"href":"https:\/\/www.histoiresgalantes.fr\/blog\/wp-json\/wp\/v2\/posts"}],"about":[{"href":"https:\/\/www.histoiresgalantes.fr\/blog\/wp-json\/wp\/v2\/types\/post"}],"author":[{"embeddable":true,"href":"https:\/\/www.histoiresgalantes.fr\/blog\/wp-json\/wp\/v2\/users\/1"}],"replies":[{"embeddable":true,"href":"https:\/\/www.histoiresgalantes.fr\/blog\/wp-json\/wp\/v2\/comments?post=10707"}],"version-history":[{"count":39,"href":"https:\/\/www.histoiresgalantes.fr\/blog\/wp-json\/wp\/v2\/posts\/10707\/revisions"}],"predecessor-version":[{"id":24826,"href":"https:\/\/www.histoiresgalantes.fr\/blog\/wp-json\/wp\/v2\/posts\/10707\/revisions\/24826"}],"wp:featuredmedia":[{"embeddable":true,"href":"https:\/\/www.histoiresgalantes.fr\/blog\/wp-json\/wp\/v2\/media\/24821"}],"wp:attachment":[{"href":"https:\/\/www.histoiresgalantes.fr\/blog\/wp-json\/wp\/v2\/media?parent=10707"}],"wp:term":[{"taxonomy":"category","embeddable":true,"href":"https:\/\/www.histoiresgalantes.fr\/blog\/wp-json\/wp\/v2\/categories?post=10707"},{"taxonomy":"post_tag","embeddable":true,"href":"https:\/\/www.histoiresgalantes.fr\/blog\/wp-json\/wp\/v2\/tags?post=10707"}],"curies":[{"name":"wp","href":"https:\/\/api.w.org\/{rel}","templated":true}]}}