{"id":10732,"date":"2018-10-22T10:44:14","date_gmt":"2018-10-22T09:44:14","guid":{"rendered":"http:\/\/www.histoiresgalantes.fr\/blog\/?p=10732"},"modified":"2018-10-24T19:47:18","modified_gmt":"2018-10-24T18:47:18","slug":"participez-a-la-definition-du-chateau-de-luneville-de-demain","status":"publish","type":"post","link":"https:\/\/www.histoiresgalantes.fr\/blog\/2018\/10\/22\/participez-a-la-definition-du-chateau-de-luneville-de-demain\/","title":{"rendered":"Participez \u00e0 la d\u00e9finition du ch\u00e2teau de Lun\u00e9ville de demain"},"content":{"rendered":"<p><a href=\"https:\/\/chateaudeluneville.jenparle.net\/\"><strong>Cette plateforme est \u00e0 vous : faites conna\u00eetre vos id\u00e9es, vos actions, vos attentes !\u00a0<\/strong><\/a><\/p>\n<p>Le D\u00e9partement de Meurthe-et-Moselle, en lien avec ses partenaires (R\u00e9gion Grand Est, Ville de Lun\u00e9ville, Communaut\u00e9 de Communes de Lun\u00e9ville \u00e0 Baccarat, Direction r\u00e9gionale des affaires culturelles Grand Est, Banque des Territoires), a souhait\u00e9 initier une \u00e9tude pour le d\u00e9veloppement du ch\u00e2teau de Lun\u00e9ville. Cette \u00e9tude a d\u00e9but\u00e9 en septembre 2018 et vise \u00e0 r\u00e9inventer un contenu, une vision de long terme pour le ch\u00e2teau, d\u00e9bouchant sur une gouvernance et un mod\u00e8le \u00e9conomique pertinents.<\/p>\n<p>Etape essentielle, la phase de concertation se d\u00e9roule entre octobre et d\u00e9cembre 2018. L\u2019ensemble des acteurs du territoire sont convi\u00e9s \u00e0 cette r\u00e9flexion : \u00a0touristes, habitants de Lun\u00e9ville, de Nancy et de la Lorraine, de Strasbourg ou d\u2019Alsace, collectivit\u00e9s territoriales, acteurs institutionnels, \u00e9conomiques, culturels et associatifs, etc.<\/p>\n<p>&nbsp;<\/p>\n","protected":false},"excerpt":{"rendered":"<p>Cette plateforme est \u00e0 vous : faites conna\u00eetre vos id\u00e9es, vos actions, vos attentes !\u00a0 Le D\u00e9partement de Meurthe-et-Moselle, en lien avec ses partenaires (R\u00e9gion Grand Est, Ville de Lun\u00e9ville, Communaut\u00e9 de Communes de Lun\u00e9ville \u00e0 Baccarat, Direction r\u00e9gionale des affaires culturelles Grand Est, Banque des Territoires), a souhait\u00e9 initier une \u00e9tude pour le d\u00e9veloppement [&hellip;]<\/p>\n","protected":false},"author":1,"featured_media":10733,"comment_status":"open","ping_status":"open","sticky":false,"template":"","format":"image","meta":{"om_disable_all_campaigns":false,"_monsterinsights_skip_tracking":false,"_monsterinsights_sitenote_active":false,"_monsterinsights_sitenote_note":"","_monsterinsights_sitenote_category":0,"_s2mail":"yes","footnotes":""},"categories":[84],"tags":[],"class_list":["post-10732","post","type-post","status-publish","format-image","has-post-thumbnail","hentry","category-colloque","post_format-post-format-image"],"aioseo_notices":[],"_links":{"self":[{"href":"https:\/\/www.histoiresgalantes.fr\/blog\/wp-json\/wp\/v2\/posts\/10732","targetHints":{"allow":["GET"]}}],"collection":[{"href":"https:\/\/www.histoiresgalantes.fr\/blog\/wp-json\/wp\/v2\/posts"}],"about":[{"href":"https:\/\/www.histoiresgalantes.fr\/blog\/wp-json\/wp\/v2\/types\/post"}],"author":[{"embeddable":true,"href":"https:\/\/www.histoiresgalantes.fr\/blog\/wp-json\/wp\/v2\/users\/1"}],"replies":[{"embeddable":true,"href":"https:\/\/www.histoiresgalantes.fr\/blog\/wp-json\/wp\/v2\/comments?post=10732"}],"version-history":[{"count":1,"href":"https:\/\/www.histoiresgalantes.fr\/blog\/wp-json\/wp\/v2\/posts\/10732\/revisions"}],"predecessor-version":[{"id":10734,"href":"https:\/\/www.histoiresgalantes.fr\/blog\/wp-json\/wp\/v2\/posts\/10732\/revisions\/10734"}],"wp:featuredmedia":[{"embeddable":true,"href":"https:\/\/www.histoiresgalantes.fr\/blog\/wp-json\/wp\/v2\/media\/10733"}],"wp:attachment":[{"href":"https:\/\/www.histoiresgalantes.fr\/blog\/wp-json\/wp\/v2\/media?parent=10732"}],"wp:term":[{"taxonomy":"category","embeddable":true,"href":"https:\/\/www.histoiresgalantes.fr\/blog\/wp-json\/wp\/v2\/categories?post=10732"},{"taxonomy":"post_tag","embeddable":true,"href":"https:\/\/www.histoiresgalantes.fr\/blog\/wp-json\/wp\/v2\/tags?post=10732"}],"curies":[{"name":"wp","href":"https:\/\/api.w.org\/{rel}","templated":true}]}}