{"id":10998,"date":"2018-12-03T09:37:33","date_gmt":"2018-12-03T08:37:33","guid":{"rendered":"http:\/\/www.histoiresgalantes.fr\/blog\/?p=10998"},"modified":"2018-12-03T09:43:48","modified_gmt":"2018-12-03T08:43:48","slug":"la-correspondance-demilie-du-chatelet","status":"publish","type":"post","link":"https:\/\/www.histoiresgalantes.fr\/blog\/2018\/12\/03\/la-correspondance-demilie-du-chatelet\/","title":{"rendered":"La Correspondance d&#8217;\u00c9milie Du Ch\u00e2telet"},"content":{"rendered":"<p><span class=\"text_exposed_show\">Sous la direction de Ulla K\u00f6lving et Andrew Brown.<br \/>\nAvec la collaboration de Fran\u00e7ois Bessire, Olivier Courcelle, Pierre Cr\u00e9pel, Linda Gardiner, Andr\u00e9 Magnan, Gilles Plante, Anne-Lise Rey, Charlotte Simonin et Anne Soprani.<br \/>\nR\u00e9vision des textes et des notes par Andr\u00e9 Magnan.<br \/>\nISBN 978-2-84559-136-3, 2018, 240 x 160 mm, 2 volumes,<br \/>\n1242 pages, 73 illustrations, cartonn\u00e9.<br \/>\n<a href=\"https:\/\/c18.net\/18\/p.php?nom=p_cedc\">Plus d\u2019information&#8230;<\/a><br \/>\nPrix \u20ac120 \u20ac60 <a href=\"https:\/\/c18.net\/recentes.php\">commander les deux volumes<\/a><br \/>\nRead an extract here: <a href=\"https:\/\/c18.net\/18img\/cedc-specimen.pdf?fbclid=IwAR3YodFW_rZFLi7GWdLpJ0-laLMYBI9osQLOUxax5GvQXt50eceiGznnbdg\" target=\"_blank\" rel=\"nofollow\" data-lynx-mode=\"asynclazy\" data-lynx-uri=\"https:\/\/l.facebook.com\/l.php?u=https%3A%2F%2Fc18.net%2F18img%2Fcedc-specimen.pdf%3Ffbclid%3DIwAR3YodFW_rZFLi7GWdLpJ0-laLMYBI9osQLOUxax5GvQXt50eceiGznnbdg&amp;h=AT2kp3UX0j5tqe7jKXlT76D9jgSavEh2cMO5mqyxqUqeqD7Hco-Z_PFAo6NsnIa7BmYZpg8futvk20AzthqWQPOIZdzPpfRzuvxZL5mUfRreqbCnUn3GRgPL69Ot2H2xU1szWsiB42jz_ugKNom6zbTNDkvgoA\">https:\/\/c18.net\/18img\/cedc-specimen.pdf<\/a><\/span><\/p>\n<p><strong>E<\/strong><strong>T AUSSI<\/strong> :\u00a0<strong>Des prix exceptionnels jusqu\u2019\u00e0 la fin de l\u2019ann\u00e9e sur les parutions de la Soci\u00e9t\u00e9 Voltaire<\/strong><\/p>\n<p>\u2014\u2014\u2014\u2014\u2014\u2014\u2014\u2014\u2014\u2014\u2014\u2014\u2014\u2014\u2014\u2014\u2014\u2014\u2014\u2014\u2014\u2014\u2014\u2014\u2014\u2014\u2014\u2014\u2014<br \/>\n<strong>Correspondance litt\u00e9raire de 1764<\/strong><br \/>\nLa Correspondance litt\u00e9raire de Grimm est une source fondamentale pour l&#8217;\u00e9tude des Lumi\u00e8res fran\u00e7aises et de leur propagation. \u00c9dition sous la direction d\u2019Ulla K\u00f6lving.<br \/>\nTome XI, 1764. \u00c9dition critique par M\u00e9linda Caron.<br \/>\nISBN 978-2-84559-130-1, 2018, 265 x 185 mm,<br \/>\nlxxxvi + 614 pages, broch\u00e9<br \/>\n<a href=\"https:\/\/c18.net\/18\/p.php?nom=p_cl11\">Plus d\u2019information&#8230;<\/a><br \/>\nPrix cartonn\u00e9 \u20ac180 \u20ac40 broch\u00e9 <a href=\"https:\/\/c18.net\/recentes.php\">commander<\/a><br \/>\n\u2014\u2014\u2014\u2014\u2014\u2014\u2014\u2014\u2014\u2014\u2014\u2014\u2014\u2014\u2014\u2014\u2014\u2014\u2014\u2014\u2014\u2014\u2014\u2014\u2014\u2014\u2014\u2014\u2014<br \/>\n<strong>Histoire des deux Indes, tome II<\/strong><br \/>\nLe deuxi\u00e8me volume du chef-d\u2019oeuvre de Raynal centr\u00e9 sur le Mexique, le P\u00e9rou, le Chili, le Paraguay et le Br\u00e9sil est maintenant disponible.<br \/>\nSous la direction d&#8217;Andrew Brown &amp; Hans-J\u00fcrgen L\u00fcsebrink.<br \/>\nISBN 978-2-84559-090-8, 2018, 265 x 185 mm,<br \/>\nxxii + 600 pages, illustration, cartonn\u00e9.<br \/>\n<a href=\"https:\/\/c18.net\/18\/p.php?nom=p_ra_texte\">Plus d\u2019information\u2026<\/a><br \/>\nPrix \u20ac100 \u20ac60 <a href=\"https:\/\/c18.net\/recentes.php\">commander<\/a><br \/>\n\u2014\u2014\u2014\u2014\u2014\u2014\u2014\u2014\u2014\u2014\u2014\u2014\u2014\u2014\u2014\u2014\u2014\u2014\u2014\u2014\u2014\u2014\u2014\u2014\u2014\u2014\u2014\u2014\u2014<br \/>\n<strong>L\u2019affaire Calas avant Voltaire<\/strong><br \/>\nDans L\u0092Affaire Calas avant Voltaire, Jean Orsoni fait une \u00e9tude globale des donn\u00e9es circonstancielles de l&#8217;affaire Calas, en revenant aux anciens textes et surtout aux proc\u00e9dures originales.<br \/>\nISBN 978-2-84559-139-4, 2018, 265 x 185 mm, 405 pages, 5 illustrations, broch\u00e9<br \/>\n<a href=\"https:\/\/c18.net\/18\/p.php?nom=p_orsoni\">Plus d\u2019information\u2026<\/a><br \/>\nPrix \u20ac50 \u20ac30 <a href=\"https:\/\/c18.net\/recentes.php\">commander<\/a><br \/>\n\u2014\u2014\u2014\u2014\u2014\u2014\u2014\u2014\u2014\u2014\u2014\u2014\u2014\u2014\u2014\u2014\u2014\u2014\u2014\u2014\u2014\u2014\u2014\u2014\u2014\u2014\u2014\u2014\u2014<br \/>\n<strong>Construction des Lumi\u00e8res<\/strong><br \/>\nSous la direction de Franck Sala\u00fcn et Jean-Pierre Schandeler.<br \/>\nComment les repr\u00e9sentations des Lumi\u00e8res se sont-elles construites du XVIIIe si\u00e8cle \u00e0 aujourd&#8217;hui? Peut-on d\u00e9finir pr\u00e9cis\u00e9ment \u00abl&#8217;objet Lumi\u00e8res\u00bb?<br \/>\nISBN 978-2-84559-129-5, 2018, 265 x 185 mm, 256 pages, broch\u00e9.<br \/>\n<a href=\"https:\/\/c18.net\/18\/p.php?nom=p_construction\">Plus d\u2019information\u2026<\/a><br \/>\nPrix \u20ac40 \u20ac25 <a href=\"https:\/\/c18.net\/recentes.php\">commander<\/a><br \/>\n\u2014\u2014\u2014\u2014\u2014\u2014\u2014\u2014\u2014\u2014\u2014\u2014\u2014\u2014\u2014\u2014\u2014\u2014\u2014\u2014\u2014\u2014\u2014\u2014\u2014\u2014\u2014\u2014\u2014<br \/>\n<strong>Cahiers Voltaire<\/strong><br \/>\nLa revue annuelle de la Soci\u00e9t\u00e9 Voltaire. Pour adh\u00e9rer \u00e0 la Soci\u00e9t\u00e9 Voltaire ou pour acheter ses publications, passer \u00e0 soci\u00e9t\u00e9-voltaire.org\/cotisation.php &lt;https:\/\/societe-voltaire.org\/cotisation.php&gt;<br \/>\nPour acqu\u00e9rir les quinze premiers volumes, suivre les liens ci-dessous.<br \/>\n<a href=\"https:\/\/c18.net\/18\/p.php?nom=p_cv\">Plus d\u2019information\u2026 <\/a><br \/>\nPrix \u20ac750 \u20ac250 <a href=\"https:\/\/c18.net\/recentes.php\">commander<\/a><\/p>\n","protected":false},"excerpt":{"rendered":"<p>Sous la direction de Ulla K\u00f6lving et Andrew Brown. Avec la collaboration de Fran\u00e7ois Bessire, Olivier Courcelle, Pierre Cr\u00e9pel, Linda Gardiner, Andr\u00e9 Magnan, Gilles Plante, Anne-Lise Rey, Charlotte Simonin et Anne Soprani. R\u00e9vision des textes et des notes par Andr\u00e9 Magnan. ISBN 978-2-84559-136-3, 2018, 240 x 160 mm, 2 volumes, 1242 pages, 73 illustrations, cartonn\u00e9. [&hellip;]<\/p>\n","protected":false},"author":1,"featured_media":10999,"comment_status":"open","ping_status":"open","sticky":false,"template":"","format":"image","meta":{"om_disable_all_campaigns":false,"_monsterinsights_skip_tracking":false,"_monsterinsights_sitenote_active":false,"_monsterinsights_sitenote_note":"","_monsterinsights_sitenote_category":0,"_s2mail":"yes","footnotes":""},"categories":[41,31,26],"tags":[],"class_list":["post-10998","post","type-post","status-publish","format-image","has-post-thumbnail","hentry","category-litterature","category-voltaire","category-mme-du-chatelet","post_format-post-format-image"],"aioseo_notices":[],"_links":{"self":[{"href":"https:\/\/www.histoiresgalantes.fr\/blog\/wp-json\/wp\/v2\/posts\/10998","targetHints":{"allow":["GET"]}}],"collection":[{"href":"https:\/\/www.histoiresgalantes.fr\/blog\/wp-json\/wp\/v2\/posts"}],"about":[{"href":"https:\/\/www.histoiresgalantes.fr\/blog\/wp-json\/wp\/v2\/types\/post"}],"author":[{"embeddable":true,"href":"https:\/\/www.histoiresgalantes.fr\/blog\/wp-json\/wp\/v2\/users\/1"}],"replies":[{"embeddable":true,"href":"https:\/\/www.histoiresgalantes.fr\/blog\/wp-json\/wp\/v2\/comments?post=10998"}],"version-history":[{"count":3,"href":"https:\/\/www.histoiresgalantes.fr\/blog\/wp-json\/wp\/v2\/posts\/10998\/revisions"}],"predecessor-version":[{"id":11002,"href":"https:\/\/www.histoiresgalantes.fr\/blog\/wp-json\/wp\/v2\/posts\/10998\/revisions\/11002"}],"wp:featuredmedia":[{"embeddable":true,"href":"https:\/\/www.histoiresgalantes.fr\/blog\/wp-json\/wp\/v2\/media\/10999"}],"wp:attachment":[{"href":"https:\/\/www.histoiresgalantes.fr\/blog\/wp-json\/wp\/v2\/media?parent=10998"}],"wp:term":[{"taxonomy":"category","embeddable":true,"href":"https:\/\/www.histoiresgalantes.fr\/blog\/wp-json\/wp\/v2\/categories?post=10998"},{"taxonomy":"post_tag","embeddable":true,"href":"https:\/\/www.histoiresgalantes.fr\/blog\/wp-json\/wp\/v2\/tags?post=10998"}],"curies":[{"name":"wp","href":"https:\/\/api.w.org\/{rel}","templated":true}]}}