{"id":11104,"date":"2018-12-19T18:26:00","date_gmt":"2018-12-19T17:26:00","guid":{"rendered":"http:\/\/www.histoiresgalantes.fr\/blog\/?p=11104"},"modified":"2018-12-19T20:26:32","modified_gmt":"2018-12-19T19:26:32","slug":"appel-a-communication-presse-et-patrimoine-deux-facteurs-de-la-modernite-xviiie-xixe-s","status":"publish","type":"post","link":"https:\/\/www.histoiresgalantes.fr\/blog\/2018\/12\/19\/appel-a-communication-presse-et-patrimoine-deux-facteurs-de-la-modernite-xviiie-xixe-s\/","title":{"rendered":"Appel \u00e0 communication &#8211; Presse et patrimoine, deux facteurs de la modernit\u00e9 XVIIIe-XIXe s."},"content":{"rendered":"<div class=\"\" data-block=\"true\" data-editor=\"eq5l2\" data-offset-key=\"dicqq-0-0\">\n<div class=\"_1mf _1mj\" data-offset-key=\"dicqq-0-0\"><span data-offset-key=\"6hbq8-0-0\"><span data-text=\"true\">Journ\u00e9e d\u2019\u00e9tude organis\u00e9e par<\/span><\/span><\/div>\n<\/div>\n<div class=\"\" data-block=\"true\" data-editor=\"eq5l2\" data-offset-key=\"6hbq8-0-0\"><\/div>\n<div class=\"\" data-block=\"true\" data-editor=\"eq5l2\" data-offset-key=\"7g1k-0-0\">\n<div class=\"_1mf _1mj\" data-offset-key=\"7g1k-0-0\"><span data-offset-key=\"7g1k-0-0\"><span data-text=\"true\">Morgane Avellaneda, Lucien Derainne et Apolline Streque,<\/span><\/span><\/div>\n<\/div>\n<div class=\"\" data-block=\"true\" data-editor=\"eq5l2\" data-offset-key=\"6rm1t-0-0\">\n<div class=\"_1mf _1mj\" data-offset-key=\"6rm1t-0-0\"><span data-offset-key=\"6rm1t-0-0\"><span data-text=\"true\">doctorants IHRIM UMR 5317, Universit\u00e9 de Lyon\/ Saint-Etienne<\/span><\/span><\/div>\n<\/div>\n<div class=\"\" data-block=\"true\" data-editor=\"eq5l2\" data-offset-key=\"86pkh-0-0\">\n<div class=\"_1mf _1mj\" data-offset-key=\"86pkh-0-0\"><span data-offset-key=\"86pkh-0-0\"><span data-text=\"true\">Le Jeudi 6 juin 2019 \u00e0 l\u2019Universit\u00e9 Jean Monnet,<\/span><\/span><\/div>\n<\/div>\n<div class=\"\" data-block=\"true\" data-editor=\"eq5l2\" data-offset-key=\"uah2-0-0\">\n<div class=\"_1mf _1mj\" data-offset-key=\"uah2-0-0\"><span data-offset-key=\"uah2-0-0\"><span data-text=\"true\">Campus Tr\u00e9filerie, 33 rue du 11-Novembre, Saint-\u00c9tienne.<\/span><\/span><\/div>\n<\/div>\n<div class=\"\" data-block=\"true\" data-editor=\"eq5l2\" data-offset-key=\"aqddp-0-0\">\n<div class=\"_1mf _1mj\" data-offset-key=\"aqddp-0-0\"><span data-offset-key=\"aqddp-0-0\">\u00a0<\/span><\/div>\n<\/div>\n<div class=\"\" data-block=\"true\" data-editor=\"eq5l2\" data-offset-key=\"ck038-0-0\">\n<div class=\"_1mf _1mj\" data-offset-key=\"ck038-0-0\"><a href=\"https:\/\/www.fabula.org\/actualites\/presse-et-patrimoine-deux-facteurs-de-la-modernite-xviiie-xixe-siecles_86962.php\"><span data-offset-key=\"ck038-0-0\"><span data-text=\"true\">https:\/\/www.fabula.org\/actualites\/presse-et-patrimoine-deux-facteurs-de-la-modernite-xviiie-xixe-siecles_86962.php<\/span><\/span><\/a><\/div>\n<\/div>\n<div class=\"\" data-block=\"true\" data-editor=\"eq5l2\" data-offset-key=\"b3bqj-0-0\">\n<div class=\"_1mf _1mj\" data-offset-key=\"b3bqj-0-0\"><span data-offset-key=\"b3bqj-0-0\"><span data-text=\"true\">Extrait :<\/span><\/span><\/div>\n<\/div>\n<div class=\"\" data-block=\"true\" data-editor=\"eq5l2\" data-offset-key=\"etvit-0-0\">\n<div class=\"_1mf _1mj\" data-offset-key=\"etvit-0-0\"><span data-offset-key=\"etvit-0-0\"><span data-text=\"true\">\u2026\/\u2026 les enjeux et la r\u00e9flexion que le patrimoine recouvre se d\u00e9veloppent pleinement d\u00e8s le XVIIIe si\u00e8cle. L&#8217;une des premi\u00e8res manifestations de cette nouvelle fa\u00e7on de percevoir l&#8217;objet culturel pourrait \u00eatre l\u2019\u00e9mergence de la figure du grand homme et de son culte (p\u00e8lerinage au tombeau, buste\u2026) qui am\u00e8nera \u00e0 la cr\u00e9ation, \u00e0 la fin du si\u00e8cle, du Panth\u00e9on. Toutefois, c&#8217;est bien la R\u00e9volution fran\u00e7aise qui constitue l&#8217;acte de naissance d\u2019une conscience patrimoniale : en r\u00e9action au vandalisme, qui entend effacer la trace mat\u00e9rielle de l\u2019Ancien R\u00e9gime et assimile les \u0153uvres d&#8217;art \u00e0 des symboles politiques, des lois de pr\u00e9servation sont vot\u00e9es et des lieux de conservation, les mus\u00e9es, sont mis en place. \u2026\/\u2026<\/span><\/span><\/div>\n<\/div>\n<div class=\"\" data-block=\"true\" data-editor=\"eq5l2\" data-offset-key=\"d4ap7-0-0\">\n<div class=\"_1mf _1mj\" data-offset-key=\"d4ap7-0-0\"><span data-offset-key=\"d4ap7-0-0\"><span data-text=\"true\">Comit\u00e9 scientifique<\/span><\/span><\/div>\n<\/div>\n<div class=\"\" data-block=\"true\" data-editor=\"eq5l2\" data-offset-key=\"fppon-0-0\">\n<div class=\"_1mf _1mj\" data-offset-key=\"fppon-0-0\"><span data-offset-key=\"fppon-0-0\"><span data-text=\"true\">Christelle Bahier-Porte (IHRIM Universit\u00e9 Jean Monnet)<\/span><\/span><\/div>\n<\/div>\n<div class=\"\" data-block=\"true\" data-editor=\"eq5l2\" data-offset-key=\"2m0a9-0-0\">\n<div class=\"_1mf _1mj\" data-offset-key=\"2m0a9-0-0\"><span data-offset-key=\"2m0a9-0-0\"><span data-text=\"true\">Sarah Mombert (IHRIM ENS Lyon)<\/span><\/span><\/div>\n<\/div>\n<div class=\"\" data-block=\"true\" data-editor=\"eq5l2\" data-offset-key=\"9v31i-0-0\">\n<div class=\"_1mf _1mj\" data-offset-key=\"9v31i-0-0\"><span data-offset-key=\"9v31i-0-0\"><span data-text=\"true\">Jean-Marie Roulin (IHRIM Universit\u00e9 Jean Monnet)<\/span><\/span><\/div>\n<\/div>\n<div class=\"\" data-block=\"true\" data-editor=\"eq5l2\" data-offset-key=\"7bks5-0-0\">\n<div class=\"_1mf _1mj\" data-offset-key=\"7bks5-0-0\"><span data-offset-key=\"7bks5-0-0\"><span data-text=\"true\">Corinne Saminadayar-Perrin (RIRRA Universit\u00e9 Paul Val\u00e9ry)<\/span><\/span><\/div>\n<\/div>\n","protected":false},"excerpt":{"rendered":"<p>Journ\u00e9e d\u2019\u00e9tude organis\u00e9e par Morgane Avellaneda, Lucien Derainne et Apolline Streque, doctorants IHRIM UMR 5317, Universit\u00e9 de Lyon\/ Saint-Etienne Le Jeudi 6 juin 2019 \u00e0 l\u2019Universit\u00e9 Jean Monnet, Campus Tr\u00e9filerie, 33 rue du 11-Novembre, Saint-\u00c9tienne. \u00a0 https:\/\/www.fabula.org\/actualites\/presse-et-patrimoine-deux-facteurs-de-la-modernite-xviiie-xixe-siecles_86962.php Extrait : \u2026\/\u2026 les enjeux et la r\u00e9flexion que le patrimoine recouvre se d\u00e9veloppent pleinement d\u00e8s le XVIIIe [&hellip;]<\/p>\n","protected":false},"author":1,"featured_media":11106,"comment_status":"open","ping_status":"open","sticky":false,"template":"","format":"image","meta":{"om_disable_all_campaigns":false,"_monsterinsights_skip_tracking":false,"_monsterinsights_sitenote_active":false,"_monsterinsights_sitenote_note":"","_monsterinsights_sitenote_category":0,"_s2mail":"yes","footnotes":""},"categories":[81,41,70],"tags":[],"class_list":["post-11104","post","type-post","status-publish","format-image","has-post-thumbnail","hentry","category-conference","category-litterature","category-patrimoine","post_format-post-format-image"],"aioseo_notices":[],"_links":{"self":[{"href":"https:\/\/www.histoiresgalantes.fr\/blog\/wp-json\/wp\/v2\/posts\/11104","targetHints":{"allow":["GET"]}}],"collection":[{"href":"https:\/\/www.histoiresgalantes.fr\/blog\/wp-json\/wp\/v2\/posts"}],"about":[{"href":"https:\/\/www.histoiresgalantes.fr\/blog\/wp-json\/wp\/v2\/types\/post"}],"author":[{"embeddable":true,"href":"https:\/\/www.histoiresgalantes.fr\/blog\/wp-json\/wp\/v2\/users\/1"}],"replies":[{"embeddable":true,"href":"https:\/\/www.histoiresgalantes.fr\/blog\/wp-json\/wp\/v2\/comments?post=11104"}],"version-history":[{"count":1,"href":"https:\/\/www.histoiresgalantes.fr\/blog\/wp-json\/wp\/v2\/posts\/11104\/revisions"}],"predecessor-version":[{"id":11105,"href":"https:\/\/www.histoiresgalantes.fr\/blog\/wp-json\/wp\/v2\/posts\/11104\/revisions\/11105"}],"wp:featuredmedia":[{"embeddable":true,"href":"https:\/\/www.histoiresgalantes.fr\/blog\/wp-json\/wp\/v2\/media\/11106"}],"wp:attachment":[{"href":"https:\/\/www.histoiresgalantes.fr\/blog\/wp-json\/wp\/v2\/media?parent=11104"}],"wp:term":[{"taxonomy":"category","embeddable":true,"href":"https:\/\/www.histoiresgalantes.fr\/blog\/wp-json\/wp\/v2\/categories?post=11104"},{"taxonomy":"post_tag","embeddable":true,"href":"https:\/\/www.histoiresgalantes.fr\/blog\/wp-json\/wp\/v2\/tags?post=11104"}],"curies":[{"name":"wp","href":"https:\/\/api.w.org\/{rel}","templated":true}]}}