{"id":11396,"date":"2019-02-04T10:45:16","date_gmt":"2019-02-04T09:45:16","guid":{"rendered":"http:\/\/www.histoiresgalantes.fr\/blog\/?p=11396"},"modified":"2019-02-04T10:45:46","modified_gmt":"2019-02-04T09:45:46","slug":"plus-baroque-que-la-roldana-ya-pas","status":"publish","type":"post","link":"https:\/\/www.histoiresgalantes.fr\/blog\/2019\/02\/04\/plus-baroque-que-la-roldana-ya-pas\/","title":{"rendered":"Plus baroque que la &#8220;Roldana&#8221; ? Y&#8217;a pas !"},"content":{"rendered":"<div class=\"\" data-block=\"true\" data-editor=\"2i906\" data-offset-key=\"5n19b-0-0\">\n<div class=\"_1mf _1mj\" data-offset-key=\"5n19b-0-0\"><span data-offset-key=\"5n19b-0-0\"><span data-text=\"true\">[ Femmes artistes\u00a0]<br \/>\n<\/span><\/span><span data-offset-key=\"afq5h-0-0\"><span data-text=\"true\">Luisa Rold\u00e1n (n\u00e9e \u00e0 S\u00e9ville en 1652) est la premi\u00e8re sculptrice espagnole connue. Elle se forme et travaille principalement dans l&#8217;atelier de son p\u00e8re jusqu&#8217;\u00e0 son enl\u00e8vement romanesque (par son futur mari) en 1671 !<\/span><\/span><\/div>\n<\/div>\n<div class=\"\" data-block=\"true\" data-editor=\"2i906\" data-offset-key=\"afq5h-0-0\"><\/div>\n<div class=\"\" data-block=\"true\" data-editor=\"2i906\" data-offset-key=\"254d7-0-0\">\n<div class=\"_1mf _1mj\" data-offset-key=\"254d7-0-0\"><span data-offset-key=\"254d7-0-0\"><span data-text=\"true\">Elle r\u00e9alise des sculptures compl\u00e8tement baroques en bois ou en terre cuite polychrome, et de nombreuses statues \u00e0 habiller. En 1688 elle est sculptrice \u00e0 la cour de Charles II et de Philippe V., Elle est admise \u00e0 l&#8217; Acad\u00e9mie de Saint-Luc \u00e0 la fin de sa vie.<\/span><\/span><\/div>\n<\/div>\n<div class=\"\" data-block=\"true\" data-editor=\"2i906\" data-offset-key=\"8rfc9-0-0\">\n<div class=\"_1mf _1mj\" data-offset-key=\"8rfc9-0-0\">\n<p><span data-offset-key=\"8rfc9-0-0\"><span data-text=\"true\">Article\u00a9PFDebert2019<\/span><\/span><\/p>\n<p><a href=\"https:\/\/www.histoiresgalantes.fr\/blog\/2019\/02\/04\/plus-baroque-que-la-roldana-ya-pas\/roldana4\/\" rel=\"attachment wp-att-11397\"><img loading=\"lazy\" decoding=\"async\" class=\"alignnone size-full wp-image-11397\" src=\"https:\/\/www.histoiresgalantes.fr\/blog\/wp-content\/uploads\/2019\/02\/roldana4.jpg\" alt=\"roldana4\" width=\"800\" height=\"524\" srcset=\"https:\/\/www.histoiresgalantes.fr\/blog\/wp-content\/uploads\/2019\/02\/roldana4.jpg 800w, https:\/\/www.histoiresgalantes.fr\/blog\/wp-content\/uploads\/2019\/02\/roldana4-300x197.jpg 300w, https:\/\/www.histoiresgalantes.fr\/blog\/wp-content\/uploads\/2019\/02\/roldana4-768x503.jpg 768w\" sizes=\"auto, (max-width: 800px) 100vw, 800px\" \/><\/a><\/p>\n<p><a href=\"https:\/\/www.histoiresgalantes.fr\/blog\/2019\/02\/04\/plus-baroque-que-la-roldana-ya-pas\/roldana3\/\" rel=\"attachment wp-att-11398\"><img loading=\"lazy\" decoding=\"async\" class=\"alignnone size-full wp-image-11398\" src=\"https:\/\/www.histoiresgalantes.fr\/blog\/wp-content\/uploads\/2019\/02\/roldana3.jpg\" alt=\"roldana3\" width=\"555\" height=\"924\" srcset=\"https:\/\/www.histoiresgalantes.fr\/blog\/wp-content\/uploads\/2019\/02\/roldana3.jpg 555w, https:\/\/www.histoiresgalantes.fr\/blog\/wp-content\/uploads\/2019\/02\/roldana3-180x300.jpg 180w\" sizes=\"auto, (max-width: 555px) 100vw, 555px\" \/><\/a><\/p>\n<p><a href=\"https:\/\/www.histoiresgalantes.fr\/blog\/2019\/02\/04\/plus-baroque-que-la-roldana-ya-pas\/roldana1\/\" rel=\"attachment wp-att-11400\"><img loading=\"lazy\" decoding=\"async\" class=\"alignnone size-full wp-image-11400\" src=\"https:\/\/www.histoiresgalantes.fr\/blog\/wp-content\/uploads\/2019\/02\/roldana1.jpg\" alt=\"roldana1\" width=\"570\" height=\"855\" srcset=\"https:\/\/www.histoiresgalantes.fr\/blog\/wp-content\/uploads\/2019\/02\/roldana1.jpg 570w, https:\/\/www.histoiresgalantes.fr\/blog\/wp-content\/uploads\/2019\/02\/roldana1-200x300.jpg 200w\" sizes=\"auto, (max-width: 570px) 100vw, 570px\" \/><\/a><\/p>\n<\/div>\n<\/div>\n","protected":false},"excerpt":{"rendered":"<p>[ Femmes artistes\u00a0] Luisa Rold\u00e1n (n\u00e9e \u00e0 S\u00e9ville en 1652) est la premi\u00e8re sculptrice espagnole connue. Elle se forme et travaille principalement dans l&#8217;atelier de son p\u00e8re jusqu&#8217;\u00e0 son enl\u00e8vement romanesque (par son futur mari) en 1671 ! Elle r\u00e9alise des sculptures compl\u00e8tement baroques en bois ou en terre cuite polychrome, et de nombreuses statues [&hellip;]<\/p>\n","protected":false},"author":1,"featured_media":11399,"comment_status":"open","ping_status":"open","sticky":false,"template":"","format":"image","meta":{"om_disable_all_campaigns":false,"_monsterinsights_skip_tracking":false,"_monsterinsights_sitenote_active":false,"_monsterinsights_sitenote_note":"","_monsterinsights_sitenote_category":0,"_s2mail":"yes","footnotes":""},"categories":[67,61,34,56],"tags":[],"class_list":["post-11396","post","type-post","status-publish","format-image","has-post-thumbnail","hentry","category-artistes","category-femmes-peintres","category-sculpteurs","category-talents-et-artistes-exceptionnels","post_format-post-format-image"],"aioseo_notices":[],"_links":{"self":[{"href":"https:\/\/www.histoiresgalantes.fr\/blog\/wp-json\/wp\/v2\/posts\/11396","targetHints":{"allow":["GET"]}}],"collection":[{"href":"https:\/\/www.histoiresgalantes.fr\/blog\/wp-json\/wp\/v2\/posts"}],"about":[{"href":"https:\/\/www.histoiresgalantes.fr\/blog\/wp-json\/wp\/v2\/types\/post"}],"author":[{"embeddable":true,"href":"https:\/\/www.histoiresgalantes.fr\/blog\/wp-json\/wp\/v2\/users\/1"}],"replies":[{"embeddable":true,"href":"https:\/\/www.histoiresgalantes.fr\/blog\/wp-json\/wp\/v2\/comments?post=11396"}],"version-history":[{"count":3,"href":"https:\/\/www.histoiresgalantes.fr\/blog\/wp-json\/wp\/v2\/posts\/11396\/revisions"}],"predecessor-version":[{"id":11403,"href":"https:\/\/www.histoiresgalantes.fr\/blog\/wp-json\/wp\/v2\/posts\/11396\/revisions\/11403"}],"wp:featuredmedia":[{"embeddable":true,"href":"https:\/\/www.histoiresgalantes.fr\/blog\/wp-json\/wp\/v2\/media\/11399"}],"wp:attachment":[{"href":"https:\/\/www.histoiresgalantes.fr\/blog\/wp-json\/wp\/v2\/media?parent=11396"}],"wp:term":[{"taxonomy":"category","embeddable":true,"href":"https:\/\/www.histoiresgalantes.fr\/blog\/wp-json\/wp\/v2\/categories?post=11396"},{"taxonomy":"post_tag","embeddable":true,"href":"https:\/\/www.histoiresgalantes.fr\/blog\/wp-json\/wp\/v2\/tags?post=11396"}],"curies":[{"name":"wp","href":"https:\/\/api.w.org\/{rel}","templated":true}]}}