{"id":11530,"date":"2019-03-06T17:45:49","date_gmt":"2019-03-06T16:45:49","guid":{"rendered":"http:\/\/www.histoiresgalantes.fr\/blog\/?p=11530"},"modified":"2019-03-06T21:27:23","modified_gmt":"2019-03-06T20:27:23","slug":"ce-joli-villeneuve-qui-na-rien-de-pareil-sur-terre","status":"publish","type":"post","link":"https:\/\/www.histoiresgalantes.fr\/blog\/2019\/03\/06\/ce-joli-villeneuve-qui-na-rien-de-pareil-sur-terre\/","title":{"rendered":"&#8220;Ce joli Villeneuve qui n&#8217;a rien de pareil sur terre&#8221; (Camille Claudel)"},"content":{"rendered":"\n<p><\/p>\n\n\n\n<p>Bonjour \u00e0 toutes et \u00e0 tous.<br>(En tant que Auteure jeunesse) j&#8217;aimerais avoir votre avis concernant un projet de livre-pop&#8217;up que je viens de r\u00e9aliser sur Camille Claudel.<br>Ce livre &#8220;objet&#8221; reproduit en miniature la maison d&#8217;enfance que Camille aimait tant.<br>Le temps s\u2019est arr\u00eat\u00e9 en 1881, Camille a 17 ans, elle est en vacances \u00e0 Villeneuve, petit village du Tardenois, point d\u2019ancrage de sa famille, et pr\u00e9pare ses bagages pour son grand d\u00e9part \u00e0 Paris, o\u00f9 elle va r\u00e9aliser son r\u00eave : \u00eatre sculptrice.<br>Je pense lancer un financement participatif, probablement kisskissbankbank, l&#8217;id\u00e9e \u00e9tant de le faire imprimer, de le monter moi-m\u00eame et de le vendre en tant que livre d&#8217;artiste en \u00e9dition limit\u00e9e.<br>Je d\u00e9taillerai plus pr\u00e9cis\u00e9ment ce projet dans un prochain article mais en voici en avant-premi\u00e8re un petit aper\u00e7u.<br>Qu&#8217;en pensez-vous ?&nbsp;<br>Merci d&#8217;avance de vos retours<br>Bien amicalement<br>Pascale Debert<br>Photographies\u00a9Droits r\u00e9serv\u00e9s PFD 2019<\/p>\n\n\n\n<figure class=\"wp-block-image\"><img loading=\"lazy\" decoding=\"async\" width=\"798\" height=\"550\" src=\"https:\/\/www.histoiresgalantes.fr\/blog\/wp-content\/uploads\/2019\/03\/camille.jpg\" alt=\"\" class=\"wp-image-11531\" srcset=\"https:\/\/www.histoiresgalantes.fr\/blog\/wp-content\/uploads\/2019\/03\/camille.jpg 798w, https:\/\/www.histoiresgalantes.fr\/blog\/wp-content\/uploads\/2019\/03\/camille-300x207.jpg 300w, https:\/\/www.histoiresgalantes.fr\/blog\/wp-content\/uploads\/2019\/03\/camille-768x529.jpg 768w\" sizes=\"auto, (max-width: 798px) 100vw, 798px\" \/><\/figure>\n","protected":false},"excerpt":{"rendered":"<p>Bonjour \u00e0 toutes et \u00e0 tous.(En tant que Auteure jeunesse) j&#8217;aimerais avoir votre avis concernant un projet de livre-pop&#8217;up que je viens de r\u00e9aliser sur Camille Claudel.Ce livre &#8220;objet&#8221; reproduit en miniature la maison d&#8217;enfance que Camille aimait tant.Le temps s\u2019est arr\u00eat\u00e9 en 1881, Camille a 17 ans, elle est en vacances \u00e0 Villeneuve, petit [&hellip;]<\/p>\n","protected":false},"author":1,"featured_media":11532,"comment_status":"open","ping_status":"open","sticky":false,"template":"","format":"image","meta":{"om_disable_all_campaigns":false,"_monsterinsights_skip_tracking":false,"_monsterinsights_sitenote_active":false,"_monsterinsights_sitenote_note":"","_monsterinsights_sitenote_category":0,"_s2mail":"yes","footnotes":""},"categories":[48,67,41,42],"tags":[],"class_list":["post-11530","post","type-post","status-publish","format-image","has-post-thumbnail","hentry","category-talent","category-artistes","category-litterature","category-les-bons-plans","post_format-post-format-image"],"aioseo_notices":[],"_links":{"self":[{"href":"https:\/\/www.histoiresgalantes.fr\/blog\/wp-json\/wp\/v2\/posts\/11530","targetHints":{"allow":["GET"]}}],"collection":[{"href":"https:\/\/www.histoiresgalantes.fr\/blog\/wp-json\/wp\/v2\/posts"}],"about":[{"href":"https:\/\/www.histoiresgalantes.fr\/blog\/wp-json\/wp\/v2\/types\/post"}],"author":[{"embeddable":true,"href":"https:\/\/www.histoiresgalantes.fr\/blog\/wp-json\/wp\/v2\/users\/1"}],"replies":[{"embeddable":true,"href":"https:\/\/www.histoiresgalantes.fr\/blog\/wp-json\/wp\/v2\/comments?post=11530"}],"version-history":[{"count":7,"href":"https:\/\/www.histoiresgalantes.fr\/blog\/wp-json\/wp\/v2\/posts\/11530\/revisions"}],"predecessor-version":[{"id":11540,"href":"https:\/\/www.histoiresgalantes.fr\/blog\/wp-json\/wp\/v2\/posts\/11530\/revisions\/11540"}],"wp:featuredmedia":[{"embeddable":true,"href":"https:\/\/www.histoiresgalantes.fr\/blog\/wp-json\/wp\/v2\/media\/11532"}],"wp:attachment":[{"href":"https:\/\/www.histoiresgalantes.fr\/blog\/wp-json\/wp\/v2\/media?parent=11530"}],"wp:term":[{"taxonomy":"category","embeddable":true,"href":"https:\/\/www.histoiresgalantes.fr\/blog\/wp-json\/wp\/v2\/categories?post=11530"},{"taxonomy":"post_tag","embeddable":true,"href":"https:\/\/www.histoiresgalantes.fr\/blog\/wp-json\/wp\/v2\/tags?post=11530"}],"curies":[{"name":"wp","href":"https:\/\/api.w.org\/{rel}","templated":true}]}}