{"id":11676,"date":"2019-04-01T20:06:07","date_gmt":"2019-04-01T19:06:07","guid":{"rendered":"http:\/\/www.histoiresgalantes.fr\/blog\/?p=11676"},"modified":"2022-04-14T18:37:49","modified_gmt":"2022-04-14T17:37:49","slug":"adieu-patrimoine-culturel-immateriel-lorrain","status":"publish","type":"post","link":"https:\/\/www.histoiresgalantes.fr\/blog\/2019\/04\/01\/adieu-patrimoine-culturel-immateriel-lorrain\/","title":{"rendered":"Adieu patrimoine immat\u00e9riel Lorrain"},"content":{"rendered":"\n<p>La fa\u00efencerie de <strong>Lun\u00e9ville-Saint Cl\u00e9ment<\/strong> est l&#8217;une des plus anciennes fa\u00efenceries &#8220;fran\u00e7aises&#8221; toujours en activit\u00e9.<br>Oui, mais jusqu&#8217;\u00e0 quand ?<br>Neuf personnes seulement sont d\u00e9sormais les gardiennes de ce patrimoine immat\u00e9riel transmis depuis 1700 par <strong>Jacques Chambrette<\/strong>, <strong><a href=\"https:\/\/www.histoiresgalantes.fr\/blog\/2015\/12\/21\/fait-par-guibal-dun-coup-de-cyffle\/\">Paul-Louis Cyffl\u00e9<\/a><\/strong>, <strong><a href=\"https:\/\/www.histoiresgalantes.fr\/blog\/2015\/12\/21\/fait-par-guibal-dun-coup-de-cyffle\/\">Guibal<\/a><\/strong>, <strong><a href=\"https:\/\/www.histoiresgalantes.fr\/blog\/2016\/09\/07\/les-amours-de-clodion-tombent-en-ruine\/\">Clodion<\/a><\/strong>, <strong><a href=\"https:\/\/www.histoiresgalantes.fr\/blog\/2018\/11\/21\/dans-la-famille-falconet-le-pere\/\">Falconet<\/a><\/strong>, <strong>Sauvage<\/strong> et tant d&#8217;autres artistes de renomm\u00e9e internationale.<br>Des artistes qui se sont battus parfois en \u00e9laborant de&nbsp;pr\u00e9cieuses p\u00e2tes d&#8217;argile aux secr\u00e8tes compositions afin de concurrencer les prestigieuses manufactures parisiennes et allemandes de leur \u00e9poque.<br>Leurs gestes pr\u00e9cis vont s&#8217;\u00e9teindre faute de pouvoir \u00eatre transmis aux nouvelles g\u00e9n\u00e9rations.<br>Et pourtant, ce savoir-faire s\u00e9culaire, \u00e2me de toute une r\u00e9gion, n&#8217;est-il pas une richesse inou\u00efe pour les \u00e9coles d&#8217;art, d&#8217;architecture et de design de cette m\u00eame r\u00e9gion ?&nbsp;<br>Ne pourrait-on pas imaginer que ces lieux de m\u00e9moire deviennent des mus\u00e9es vivants inter-agissant avec notre \u00e9poque, en y cr\u00e9ant des r\u00e9sidences d&#8217;artistes afin de transmettre ce patrimoine culturel immat\u00e9riel ?<br>Que vont devenir les gestes, le savoir faire et les moules de Cyffl\u00e9, Lemire, Clodion, peut-on dignement les effacer \u00e0 jamais de nos m\u00e9moires et les mettre \u00e0 la poubelle ?<br>Merci \u00e0 Philippe, Dani\u00e8le, Mireille, Jos\u00e9 \u2026<br>Reportage photos mars 2019 \u00a9 PFDebert<\/p>\n\n\n\n<figure class=\"wp-block-image\"><img loading=\"lazy\" decoding=\"async\" width=\"800\" height=\"533\" src=\"https:\/\/www.histoiresgalantes.fr\/blog\/wp-content\/uploads\/2019\/04\/IMG_9938.jpg\" alt=\"\" class=\"wp-image-11696\" srcset=\"https:\/\/www.histoiresgalantes.fr\/blog\/wp-content\/uploads\/2019\/04\/IMG_9938.jpg 800w, https:\/\/www.histoiresgalantes.fr\/blog\/wp-content\/uploads\/2019\/04\/IMG_9938-300x200.jpg 300w, https:\/\/www.histoiresgalantes.fr\/blog\/wp-content\/uploads\/2019\/04\/IMG_9938-768x512.jpg 768w, https:\/\/www.histoiresgalantes.fr\/blog\/wp-content\/uploads\/2019\/04\/IMG_9938-330x220.jpg 330w\" sizes=\"auto, (max-width: 800px) 100vw, 800px\" \/><figcaption>La &#8220;<strong>Vierge des fa\u00efenciers<\/strong>&#8221; ou encore &#8220;<strong>Notre Dame de Niderville<\/strong>r&#8221; est model\u00e9e et moul\u00e9e en 1784 par <strong>Charles Sauvage dit Lemire,<\/strong> pour apaiser la col\u00e8re des habitants du village envers les ouvriers sp\u00e9cialis\u00e9s venant d&#8217;Allemagne et b\u00e9n\u00e9ficiant de privil\u00e8ges.<br>La r\u00e9\u00e9diter aujourd&#8217;hui d&#8217;apr\u00e8s les moules du XVIIIe est un v\u00e9ritable exercice de style !<\/figcaption><\/figure>\n\n\n\n<figure class=\"wp-block-image\"><img loading=\"lazy\" decoding=\"async\" width=\"700\" height=\"467\" src=\"https:\/\/www.histoiresgalantes.fr\/blog\/wp-content\/uploads\/2019\/04\/IMG_9906.jpg\" alt=\"\" class=\"wp-image-11681\" srcset=\"https:\/\/www.histoiresgalantes.fr\/blog\/wp-content\/uploads\/2019\/04\/IMG_9906.jpg 700w, https:\/\/www.histoiresgalantes.fr\/blog\/wp-content\/uploads\/2019\/04\/IMG_9906-300x200.jpg 300w, https:\/\/www.histoiresgalantes.fr\/blog\/wp-content\/uploads\/2019\/04\/IMG_9906-330x220.jpg 330w\" sizes=\"auto, (max-width: 700px) 100vw, 700px\" \/><figcaption>La cloche devait probablement sonner lorsque la temp\u00e9rature des fours \u00e9tait atteinte.<br>La r\u00e9alisation de fa\u00efences est une science tr\u00e8s pr\u00e9cise.<\/figcaption><\/figure>\n\n\n\n<figure class=\"wp-block-image\"><img loading=\"lazy\" decoding=\"async\" width=\"700\" height=\"467\" src=\"https:\/\/www.histoiresgalantes.fr\/blog\/wp-content\/uploads\/2019\/04\/IMG_0049.jpg\" alt=\"\" class=\"wp-image-11679\" srcset=\"https:\/\/www.histoiresgalantes.fr\/blog\/wp-content\/uploads\/2019\/04\/IMG_0049.jpg 700w, https:\/\/www.histoiresgalantes.fr\/blog\/wp-content\/uploads\/2019\/04\/IMG_0049-300x200.jpg 300w, https:\/\/www.histoiresgalantes.fr\/blog\/wp-content\/uploads\/2019\/04\/IMG_0049-330x220.jpg 330w\" sizes=\"auto, (max-width: 700px) 100vw, 700px\" \/><figcaption>Les premiers b\u00e2timents sont construits \u00e0 <strong>Saint-Cl\u00e9ment<\/strong>, sur les terre du royaume de France d\u00e9pendant de l&#8217;\u00e9v\u00each\u00e9 de Metz, par <strong>Chambrette <\/strong>qui souhaite s&#8217;affranchir des lourdes taxes pesant sur les marchandises \u00e9trang\u00e8res..<\/figcaption><\/figure>\n\n\n\n<figure class=\"wp-block-image\"><img loading=\"lazy\" decoding=\"async\" width=\"700\" height=\"467\" src=\"https:\/\/www.histoiresgalantes.fr\/blog\/wp-content\/uploads\/2019\/04\/IMG_9964.jpg\" alt=\"\" class=\"wp-image-11687\" srcset=\"https:\/\/www.histoiresgalantes.fr\/blog\/wp-content\/uploads\/2019\/04\/IMG_9964.jpg 700w, https:\/\/www.histoiresgalantes.fr\/blog\/wp-content\/uploads\/2019\/04\/IMG_9964-300x200.jpg 300w, https:\/\/www.histoiresgalantes.fr\/blog\/wp-content\/uploads\/2019\/04\/IMG_9964-330x220.jpg 330w\" sizes=\"auto, (max-width: 700px) 100vw, 700px\" \/><figcaption>Certaines pi\u00e8ces ont fait la renomm\u00e9e de la manufacture.<\/figcaption><\/figure>\n\n\n\n<figure class=\"wp-block-image\"><img loading=\"lazy\" decoding=\"async\" width=\"700\" height=\"467\" src=\"https:\/\/www.histoiresgalantes.fr\/blog\/wp-content\/uploads\/2019\/04\/IMG_9968.jpg\" alt=\"\" class=\"wp-image-11688\" srcset=\"https:\/\/www.histoiresgalantes.fr\/blog\/wp-content\/uploads\/2019\/04\/IMG_9968.jpg 700w, https:\/\/www.histoiresgalantes.fr\/blog\/wp-content\/uploads\/2019\/04\/IMG_9968-300x200.jpg 300w, https:\/\/www.histoiresgalantes.fr\/blog\/wp-content\/uploads\/2019\/04\/IMG_9968-330x220.jpg 330w\" sizes=\"auto, (max-width: 700px) 100vw, 700px\" \/><figcaption>Ici un coq, sign\u00e9 par son cr\u00e9ateur en 1893.<\/figcaption><\/figure>\n\n\n\n<figure class=\"wp-block-image\"><img loading=\"lazy\" decoding=\"async\" width=\"700\" height=\"467\" src=\"https:\/\/www.histoiresgalantes.fr\/blog\/wp-content\/uploads\/2019\/04\/IMG_9957.jpg\" alt=\"\" class=\"wp-image-11685\" srcset=\"https:\/\/www.histoiresgalantes.fr\/blog\/wp-content\/uploads\/2019\/04\/IMG_9957.jpg 700w, https:\/\/www.histoiresgalantes.fr\/blog\/wp-content\/uploads\/2019\/04\/IMG_9957-300x200.jpg 300w, https:\/\/www.histoiresgalantes.fr\/blog\/wp-content\/uploads\/2019\/04\/IMG_9957-330x220.jpg 330w\" sizes=\"auto, (max-width: 700px) 100vw, 700px\" \/><figcaption>Les moules sont remplis d&#8217;une p\u00e2te d&#8217;argile liquide.<\/figcaption><\/figure>\n\n\n\n<figure class=\"wp-block-image\"><img loading=\"lazy\" decoding=\"async\" width=\"700\" height=\"467\" src=\"https:\/\/www.histoiresgalantes.fr\/blog\/wp-content\/uploads\/2019\/04\/IMG_9992.jpg\" alt=\"\" class=\"wp-image-11690\" srcset=\"https:\/\/www.histoiresgalantes.fr\/blog\/wp-content\/uploads\/2019\/04\/IMG_9992.jpg 700w, https:\/\/www.histoiresgalantes.fr\/blog\/wp-content\/uploads\/2019\/04\/IMG_9992-300x200.jpg 300w, https:\/\/www.histoiresgalantes.fr\/blog\/wp-content\/uploads\/2019\/04\/IMG_9992-330x220.jpg 330w\" sizes=\"auto, (max-width: 700px) 100vw, 700px\" \/><figcaption>D\u00e9licate empreinte d&#8217;un angelot de Paul-Louis Cyffl\u00e9.<\/figcaption><\/figure>\n\n\n\n<figure class=\"wp-block-image\"><img loading=\"lazy\" decoding=\"async\" width=\"700\" height=\"467\" src=\"https:\/\/www.histoiresgalantes.fr\/blog\/wp-content\/uploads\/2019\/04\/IMG_9978.jpg\" alt=\"\" class=\"wp-image-11689\" srcset=\"https:\/\/www.histoiresgalantes.fr\/blog\/wp-content\/uploads\/2019\/04\/IMG_9978.jpg 700w, https:\/\/www.histoiresgalantes.fr\/blog\/wp-content\/uploads\/2019\/04\/IMG_9978-300x200.jpg 300w, https:\/\/www.histoiresgalantes.fr\/blog\/wp-content\/uploads\/2019\/04\/IMG_9978-330x220.jpg 330w\" sizes=\"auto, (max-width: 700px) 100vw, 700px\" \/><figcaption>Design des ann\u00e9es 2000 pour Saint-Nicolas.<\/figcaption><\/figure>\n\n\n\n<figure class=\"wp-block-image\"><img loading=\"lazy\" decoding=\"async\" width=\"700\" height=\"467\" src=\"https:\/\/www.histoiresgalantes.fr\/blog\/wp-content\/uploads\/2019\/04\/IMG_9959.jpg\" alt=\"\" class=\"wp-image-11686\" srcset=\"https:\/\/www.histoiresgalantes.fr\/blog\/wp-content\/uploads\/2019\/04\/IMG_9959.jpg 700w, https:\/\/www.histoiresgalantes.fr\/blog\/wp-content\/uploads\/2019\/04\/IMG_9959-300x200.jpg 300w, https:\/\/www.histoiresgalantes.fr\/blog\/wp-content\/uploads\/2019\/04\/IMG_9959-330x220.jpg 330w\" sizes=\"auto, (max-width: 700px) 100vw, 700px\" \/><\/figure>\n\n\n\n<figure class=\"wp-block-image\"><img loading=\"lazy\" decoding=\"async\" width=\"467\" height=\"700\" src=\"https:\/\/www.histoiresgalantes.fr\/blog\/wp-content\/uploads\/2019\/04\/IMG_9910.jpg\" alt=\"\" class=\"wp-image-11683\" srcset=\"https:\/\/www.histoiresgalantes.fr\/blog\/wp-content\/uploads\/2019\/04\/IMG_9910.jpg 467w, https:\/\/www.histoiresgalantes.fr\/blog\/wp-content\/uploads\/2019\/04\/IMG_9910-200x300.jpg 200w\" sizes=\"auto, (max-width: 467px) 100vw, 467px\" \/><figcaption>Des gestes ancestraux immuables.<\/figcaption><\/figure>\n\n\n\n<figure class=\"wp-block-image\"><img loading=\"lazy\" decoding=\"async\" width=\"700\" height=\"467\" src=\"https:\/\/www.histoiresgalantes.fr\/blog\/wp-content\/uploads\/2019\/04\/IMG_9952.jpg\" alt=\"\" class=\"wp-image-11684\" srcset=\"https:\/\/www.histoiresgalantes.fr\/blog\/wp-content\/uploads\/2019\/04\/IMG_9952.jpg 700w, https:\/\/www.histoiresgalantes.fr\/blog\/wp-content\/uploads\/2019\/04\/IMG_9952-300x200.jpg 300w, https:\/\/www.histoiresgalantes.fr\/blog\/wp-content\/uploads\/2019\/04\/IMG_9952-330x220.jpg 330w\" sizes=\"auto, (max-width: 700px) 100vw, 700px\" \/><figcaption>Piou Piou des ann\u00e9es 20.<\/figcaption><\/figure>\n\n\n\n<figure class=\"wp-block-image\"><img loading=\"lazy\" decoding=\"async\" width=\"700\" height=\"467\" src=\"https:\/\/www.histoiresgalantes.fr\/blog\/wp-content\/uploads\/2019\/04\/IMG_9951.jpg\" alt=\"\" class=\"wp-image-11682\" srcset=\"https:\/\/www.histoiresgalantes.fr\/blog\/wp-content\/uploads\/2019\/04\/IMG_9951.jpg 700w, https:\/\/www.histoiresgalantes.fr\/blog\/wp-content\/uploads\/2019\/04\/IMG_9951-300x200.jpg 300w, https:\/\/www.histoiresgalantes.fr\/blog\/wp-content\/uploads\/2019\/04\/IMG_9951-330x220.jpg 330w\" sizes=\"auto, (max-width: 700px) 100vw, 700px\" \/><figcaption>Collector, le perroquet flamboyant !<\/figcaption><\/figure>\n\n\n\n<figure class=\"wp-block-image\"><img loading=\"lazy\" decoding=\"async\" width=\"700\" height=\"467\" src=\"https:\/\/www.histoiresgalantes.fr\/blog\/wp-content\/uploads\/2019\/04\/IMG_9904.jpg\" alt=\"\" class=\"wp-image-11680\" srcset=\"https:\/\/www.histoiresgalantes.fr\/blog\/wp-content\/uploads\/2019\/04\/IMG_9904.jpg 700w, https:\/\/www.histoiresgalantes.fr\/blog\/wp-content\/uploads\/2019\/04\/IMG_9904-300x200.jpg 300w, https:\/\/www.histoiresgalantes.fr\/blog\/wp-content\/uploads\/2019\/04\/IMG_9904-330x220.jpg 330w\" sizes=\"auto, (max-width: 700px) 100vw, 700px\" \/><figcaption>L&#8217;entr\u00e9e du &#8220;temple&#8221; est pourtant toujours bien gard\u00e9e par ses deux magnifiques chiens de Fo,<\/figcaption><\/figure>\n\n\n\n<figure class=\"wp-block-image\"><img loading=\"lazy\" decoding=\"async\" width=\"1024\" height=\"572\" src=\"https:\/\/www.histoiresgalantes.fr\/blog\/wp-content\/uploads\/2019\/04\/Hallwylska_museet-1024x572.jpg\" alt=\"\" class=\"wp-image-11712\" srcset=\"https:\/\/www.histoiresgalantes.fr\/blog\/wp-content\/uploads\/2019\/04\/Hallwylska_museet-1024x572.jpg 1024w, https:\/\/www.histoiresgalantes.fr\/blog\/wp-content\/uploads\/2019\/04\/Hallwylska_museet-300x168.jpg 300w, https:\/\/www.histoiresgalantes.fr\/blog\/wp-content\/uploads\/2019\/04\/Hallwylska_museet-768x429.jpg 768w, https:\/\/www.histoiresgalantes.fr\/blog\/wp-content\/uploads\/2019\/04\/Hallwylska_museet.jpg 1920w\" sizes=\"auto, (max-width: 1024px) 100vw, 1024px\" \/><figcaption>\u2026 identiques au mod\u00e8le datant du XVIIIe si\u00e8cle !<\/figcaption><\/figure>\n","protected":false},"excerpt":{"rendered":"<p>La fa\u00efencerie de Lun\u00e9ville-Saint Cl\u00e9ment est l&#8217;une des plus anciennes fa\u00efenceries &#8220;fran\u00e7aises&#8221; toujours en activit\u00e9.Oui, mais jusqu&#8217;\u00e0 quand ?Neuf personnes seulement sont d\u00e9sormais les gardiennes de ce patrimoine immat\u00e9riel transmis depuis 1700 par Jacques Chambrette, Paul-Louis Cyffl\u00e9, Guibal, Clodion, Falconet, Sauvage et tant d&#8217;autres artistes de renomm\u00e9e internationale.Des artistes qui se sont battus parfois en [&hellip;]<\/p>\n","protected":false},"author":1,"featured_media":11691,"comment_status":"open","ping_status":"open","sticky":false,"template":"","format":"image","meta":{"om_disable_all_campaigns":false,"_monsterinsights_skip_tracking":false,"_monsterinsights_sitenote_active":false,"_monsterinsights_sitenote_note":"","_monsterinsights_sitenote_category":0,"_s2mail":"yes","footnotes":""},"categories":[48,19,77,75,82,70,90,72,71,34,42,91],"tags":[],"class_list":["post-11676","post","type-post","status-publish","format-image","has-post-thumbnail","hentry","category-talent","category-arts-de-la-table","category-decoration","category-home-sweet-home","category-les-trois-eveches","category-patrimoine","category-patrimoine-lorrain","category-regne-de-leopold","category-regne-de-stanislas","category-sculpteurs","category-les-bons-plans","category-verreries","post_format-post-format-image"],"aioseo_notices":[],"_links":{"self":[{"href":"https:\/\/www.histoiresgalantes.fr\/blog\/wp-json\/wp\/v2\/posts\/11676","targetHints":{"allow":["GET"]}}],"collection":[{"href":"https:\/\/www.histoiresgalantes.fr\/blog\/wp-json\/wp\/v2\/posts"}],"about":[{"href":"https:\/\/www.histoiresgalantes.fr\/blog\/wp-json\/wp\/v2\/types\/post"}],"author":[{"embeddable":true,"href":"https:\/\/www.histoiresgalantes.fr\/blog\/wp-json\/wp\/v2\/users\/1"}],"replies":[{"embeddable":true,"href":"https:\/\/www.histoiresgalantes.fr\/blog\/wp-json\/wp\/v2\/comments?post=11676"}],"version-history":[{"count":19,"href":"https:\/\/www.histoiresgalantes.fr\/blog\/wp-json\/wp\/v2\/posts\/11676\/revisions"}],"predecessor-version":[{"id":21445,"href":"https:\/\/www.histoiresgalantes.fr\/blog\/wp-json\/wp\/v2\/posts\/11676\/revisions\/21445"}],"wp:featuredmedia":[{"embeddable":true,"href":"https:\/\/www.histoiresgalantes.fr\/blog\/wp-json\/wp\/v2\/media\/11691"}],"wp:attachment":[{"href":"https:\/\/www.histoiresgalantes.fr\/blog\/wp-json\/wp\/v2\/media?parent=11676"}],"wp:term":[{"taxonomy":"category","embeddable":true,"href":"https:\/\/www.histoiresgalantes.fr\/blog\/wp-json\/wp\/v2\/categories?post=11676"},{"taxonomy":"post_tag","embeddable":true,"href":"https:\/\/www.histoiresgalantes.fr\/blog\/wp-json\/wp\/v2\/tags?post=11676"}],"curies":[{"name":"wp","href":"https:\/\/api.w.org\/{rel}","templated":true}]}}