{"id":12159,"date":"2019-05-25T10:12:43","date_gmt":"2019-05-25T09:12:43","guid":{"rendered":"http:\/\/www.histoiresgalantes.fr\/blog\/?p=12159"},"modified":"2019-07-31T19:42:39","modified_gmt":"2019-07-31T18:42:39","slug":"tableau-collaboratif-representant-leur-frere-cadet-mort-a-la-guerre","status":"publish","type":"post","link":"https:\/\/www.histoiresgalantes.fr\/blog\/2019\/05\/25\/tableau-collaboratif-representant-leur-frere-cadet-mort-a-la-guerre\/","title":{"rendered":"Femme artiste &#8211; Gesina Borch"},"content":{"rendered":"\n<p>Gesina ter Borch <em>(1633 -1690) &#8211; Pays-Bas,<\/em>est une\u00a0aquarelliste et dessinatrice du\u00a0si\u00e8cle d\u2019or n\u00e9erlandais.<br> Elle est l\u2019ain\u00e9e des enfants du peintre Gerard ter Borch l\u2019Ancien et de sa troisi\u00e8me \u00e9pouse.<br>Gesina b\u00e9n\u00e9ficie \u00e0 l\u2019instar de son demi-fr\u00e8re, Gerard ter Borch dit le jeune, des cours de son p\u00e8re et dessine dans le sillage de cet illustre fr\u00e8re reconnu comme l\u2019un des peintres n\u00e9erlandais les plus importants de son \u00e9poque, ayant influenc\u00e9 dit-on Vermeer\u2026<br>Gesina dessine des sc\u00e8nes de vie domestique tr\u00e8s r\u00e9alistes et prises sur le vif qu\u2019elle rassemble dans trois albums de po\u00e9sies portant le titre de Materi-Boeks.<br> La jeune femme sert de mod\u00e8le \u00e0 son fr\u00e8re, et vice-versa, mais le tableau le plus touchant r\u00e9alis\u00e9 \u00e0 quatre mains par cette fratrie tr\u00e8s unie est le portrait de leur plus jeune fr\u00e8re, Mo\u00efse, d\u00e9c\u00e9d\u00e9 \u00e0 l\u2019\u00e2ge de vingt-deux ans lors d\u2019une bataille contre les Anglais.<br>C&#8217;est un tableau plein d\u2019\u00e9motion repr\u00e9sentant \u00e0 travers une multitude de d\u00e9tails l\u2019affection qu\u2019ils portaient \u00e0 leur &#8220;petit fr\u00e8re&#8221;, une montre de poche, un petit chien regardant amoureusement son ma\u00eetre et l&#8217;\u00e9ternit\u00e9 repr\u00e9sent\u00e9 par le lierre sur les rochers.<br><br>Article\u00a9PFDebert<\/p>\n\n\n\n<figure class=\"wp-block-image\"><img loading=\"lazy\" decoding=\"async\" width=\"759\" height=\"1024\" src=\"https:\/\/www.histoiresgalantes.fr\/blog\/wp-content\/uploads\/2019\/05\/borch4-759x1024.jpg\" alt=\"\" class=\"wp-image-12167\" srcset=\"https:\/\/www.histoiresgalantes.fr\/blog\/wp-content\/uploads\/2019\/05\/borch4-759x1024.jpg 759w, https:\/\/www.histoiresgalantes.fr\/blog\/wp-content\/uploads\/2019\/05\/borch4-222x300.jpg 222w, https:\/\/www.histoiresgalantes.fr\/blog\/wp-content\/uploads\/2019\/05\/borch4-768x1036.jpg 768w, https:\/\/www.histoiresgalantes.fr\/blog\/wp-content\/uploads\/2019\/05\/borch4.jpg 1100w\" sizes=\"auto, (max-width: 759px) 100vw, 759px\" \/><figcaption>Gerard et Gesina ter Borch. <em>Portrait posthume de Moses ter Borch<\/em>. Entre 1667 et 1669.<\/figcaption><\/figure>\n\n\n\n<figure class=\"wp-block-image\"><img loading=\"lazy\" decoding=\"async\" width=\"743\" height=\"511\" src=\"https:\/\/www.histoiresgalantes.fr\/blog\/wp-content\/uploads\/2019\/05\/borch3.jpg\" alt=\"\" class=\"wp-image-12163\" srcset=\"https:\/\/www.histoiresgalantes.fr\/blog\/wp-content\/uploads\/2019\/05\/borch3.jpg 743w, https:\/\/www.histoiresgalantes.fr\/blog\/wp-content\/uploads\/2019\/05\/borch3-300x206.jpg 300w\" sizes=\"auto, (max-width: 743px) 100vw, 743px\" \/><figcaption><em>Moses ter Borch off the coast of Harwich par Gesina ter Borch (c.1667) .<\/em>Rijksmuseum<\/figcaption><\/figure>\n\n\n\n<figure class=\"wp-block-image\"><img loading=\"lazy\" decoding=\"async\" width=\"702\" height=\"1024\" src=\"https:\/\/www.histoiresgalantes.fr\/blog\/wp-content\/uploads\/2019\/05\/borch8-702x1024.jpg\" alt=\"\" class=\"wp-image-12183\" srcset=\"https:\/\/www.histoiresgalantes.fr\/blog\/wp-content\/uploads\/2019\/05\/borch8-702x1024.jpg 702w, https:\/\/www.histoiresgalantes.fr\/blog\/wp-content\/uploads\/2019\/05\/borch8-206x300.jpg 206w, https:\/\/www.histoiresgalantes.fr\/blog\/wp-content\/uploads\/2019\/05\/borch8-768x1120.jpg 768w, https:\/\/www.histoiresgalantes.fr\/blog\/wp-content\/uploads\/2019\/05\/borch8.jpg 1097w\" sizes=\"auto, (max-width: 702px) 100vw, 702px\" \/><figcaption>Autoportrait par <em>Gesina ter Borch, <\/em>Materi-Boeks. Rijksmuseum<\/figcaption><\/figure>\n\n\n\n<figure class=\"wp-block-image\"><img loading=\"lazy\" decoding=\"async\" width=\"702\" height=\"1024\" src=\"https:\/\/www.histoiresgalantes.fr\/blog\/wp-content\/uploads\/2019\/05\/borch9-702x1024.jpg\" alt=\"\" class=\"wp-image-12185\" srcset=\"https:\/\/www.histoiresgalantes.fr\/blog\/wp-content\/uploads\/2019\/05\/borch9-702x1024.jpg 702w, https:\/\/www.histoiresgalantes.fr\/blog\/wp-content\/uploads\/2019\/05\/borch9-206x300.jpg 206w, https:\/\/www.histoiresgalantes.fr\/blog\/wp-content\/uploads\/2019\/05\/borch9-768x1120.jpg 768w, https:\/\/www.histoiresgalantes.fr\/blog\/wp-content\/uploads\/2019\/05\/borch9.jpg 823w\" sizes=\"auto, (max-width: 702px) 100vw, 702px\" \/><figcaption>Materi-Boeks, Rijksmuseum<\/figcaption><\/figure>\n\n\n\n<figure class=\"wp-block-image\"><img loading=\"lazy\" decoding=\"async\" width=\"1024\" height=\"696\" src=\"https:\/\/www.histoiresgalantes.fr\/blog\/wp-content\/uploads\/2019\/05\/borch10-1024x696.jpg\" alt=\"\" class=\"wp-image-12188\" srcset=\"https:\/\/www.histoiresgalantes.fr\/blog\/wp-content\/uploads\/2019\/05\/borch10-1024x696.jpg 1024w, https:\/\/www.histoiresgalantes.fr\/blog\/wp-content\/uploads\/2019\/05\/borch10-300x204.jpg 300w, https:\/\/www.histoiresgalantes.fr\/blog\/wp-content\/uploads\/2019\/05\/borch10-768x522.jpg 768w, https:\/\/www.histoiresgalantes.fr\/blog\/wp-content\/uploads\/2019\/05\/borch10.jpg 1600w\" sizes=\"auto, (max-width: 1024px) 100vw, 1024px\" \/><figcaption>Materi-Boeks, Rijksmuseum<\/figcaption><\/figure>\n\n\n\n<figure class=\"wp-block-image\"><img loading=\"lazy\" decoding=\"async\" width=\"856\" height=\"1024\" src=\"https:\/\/www.histoiresgalantes.fr\/blog\/wp-content\/uploads\/2019\/05\/borch1-856x1024.jpg\" alt=\"\" class=\"wp-image-12162\" srcset=\"https:\/\/www.histoiresgalantes.fr\/blog\/wp-content\/uploads\/2019\/05\/borch1-856x1024.jpg 856w, https:\/\/www.histoiresgalantes.fr\/blog\/wp-content\/uploads\/2019\/05\/borch1-251x300.jpg 251w, https:\/\/www.histoiresgalantes.fr\/blog\/wp-content\/uploads\/2019\/05\/borch1-768x919.jpg 768w, https:\/\/www.histoiresgalantes.fr\/blog\/wp-content\/uploads\/2019\/05\/borch1.jpg 1100w\" sizes=\"auto, (max-width: 856px) 100vw, 856px\" \/><figcaption>Gerard ter Borch (II),&nbsp;<em>Remontrance<\/em>, v. 1654, (d\u00e9tail)<br>Rijksmuseum<\/figcaption><\/figure>\n\n\n\n<figure class=\"wp-block-image\"><img loading=\"lazy\" decoding=\"async\" width=\"778\" height=\"1024\" src=\"https:\/\/www.histoiresgalantes.fr\/blog\/wp-content\/uploads\/2019\/05\/borch2-778x1024.jpg\" alt=\"\" class=\"wp-image-12161\" srcset=\"https:\/\/www.histoiresgalantes.fr\/blog\/wp-content\/uploads\/2019\/05\/borch2-778x1024.jpg 778w, https:\/\/www.histoiresgalantes.fr\/blog\/wp-content\/uploads\/2019\/05\/borch2-228x300.jpg 228w, https:\/\/www.histoiresgalantes.fr\/blog\/wp-content\/uploads\/2019\/05\/borch2-768x1010.jpg 768w, https:\/\/www.histoiresgalantes.fr\/blog\/wp-content\/uploads\/2019\/05\/borch2.jpg 1100w\" sizes=\"auto, (max-width: 778px) 100vw, 778px\" \/><figcaption>Gerard ter Borch (II),&nbsp;<br><em>femme devant un miroir  <\/em>(vers 1650)<\/figcaption><\/figure>\n\n\n\n<div class=\"wp-block-image\"><figure class=\"aligncenter\"><img loading=\"lazy\" decoding=\"async\" width=\"825\" height=\"1024\" src=\"https:\/\/www.histoiresgalantes.fr\/blog\/wp-content\/uploads\/2019\/05\/Gerard_ter_Borch-825x1024.jpg\" alt=\"\" class=\"wp-image-12160\" srcset=\"https:\/\/www.histoiresgalantes.fr\/blog\/wp-content\/uploads\/2019\/05\/Gerard_ter_Borch-825x1024.jpg 825w, https:\/\/www.histoiresgalantes.fr\/blog\/wp-content\/uploads\/2019\/05\/Gerard_ter_Borch-242x300.jpg 242w, https:\/\/www.histoiresgalantes.fr\/blog\/wp-content\/uploads\/2019\/05\/Gerard_ter_Borch-768x953.jpg 768w, https:\/\/www.histoiresgalantes.fr\/blog\/wp-content\/uploads\/2019\/05\/Gerard_ter_Borch.jpg 1100w\" sizes=\"auto, (max-width: 825px) 100vw, 825px\" \/><figcaption>Gerard ter Borch (II),&nbsp;<em>Jeune fille assise<\/em>, vers 1650. Rijksmuseum<\/figcaption><\/figure><\/div>\n\n\n\n<figure class=\"wp-block-image\"><img loading=\"lazy\" decoding=\"async\" width=\"662\" height=\"1024\" src=\"https:\/\/www.histoiresgalantes.fr\/blog\/wp-content\/uploads\/2019\/05\/borch7-662x1024.jpg\" alt=\"\" class=\"wp-image-12173\" srcset=\"https:\/\/www.histoiresgalantes.fr\/blog\/wp-content\/uploads\/2019\/05\/borch7.jpg 662w, https:\/\/www.histoiresgalantes.fr\/blog\/wp-content\/uploads\/2019\/05\/borch7-194x300.jpg 194w\" sizes=\"auto, (max-width: 662px) 100vw, 662px\" \/><figcaption><em>Auto portrait, aussi appel\u00e9 portrait de Jan Fabus par Moses ter Borch (1661), peintre lui aussi.<\/em><\/figcaption><\/figure>\n","protected":false},"excerpt":{"rendered":"<p>Gesina ter Borch (1633 -1690) &#8211; Pays-Bas,est une\u00a0aquarelliste et dessinatrice du\u00a0si\u00e8cle d\u2019or n\u00e9erlandais. Elle est l\u2019ain\u00e9e des enfants du peintre Gerard ter Borch l\u2019Ancien et de sa troisi\u00e8me \u00e9pouse.Gesina b\u00e9n\u00e9ficie \u00e0 l\u2019instar de son demi-fr\u00e8re, Gerard ter Borch dit le jeune, des cours de son p\u00e8re et dessine dans le sillage de cet illustre fr\u00e8re [&hellip;]<\/p>\n","protected":false},"author":1,"featured_media":12171,"comment_status":"open","ping_status":"open","sticky":false,"template":"","format":"image","meta":{"om_disable_all_campaigns":false,"_monsterinsights_skip_tracking":false,"_monsterinsights_sitenote_active":false,"_monsterinsights_sitenote_note":"","_monsterinsights_sitenote_category":0,"_s2mail":"yes","footnotes":""},"categories":[61,24,56],"tags":[],"class_list":["post-12159","post","type-post","status-publish","format-image","has-post-thumbnail","hentry","category-femmes-peintres","category-peintres-dessinateurs","category-talents-et-artistes-exceptionnels","post_format-post-format-image"],"aioseo_notices":[],"_links":{"self":[{"href":"https:\/\/www.histoiresgalantes.fr\/blog\/wp-json\/wp\/v2\/posts\/12159","targetHints":{"allow":["GET"]}}],"collection":[{"href":"https:\/\/www.histoiresgalantes.fr\/blog\/wp-json\/wp\/v2\/posts"}],"about":[{"href":"https:\/\/www.histoiresgalantes.fr\/blog\/wp-json\/wp\/v2\/types\/post"}],"author":[{"embeddable":true,"href":"https:\/\/www.histoiresgalantes.fr\/blog\/wp-json\/wp\/v2\/users\/1"}],"replies":[{"embeddable":true,"href":"https:\/\/www.histoiresgalantes.fr\/blog\/wp-json\/wp\/v2\/comments?post=12159"}],"version-history":[{"count":15,"href":"https:\/\/www.histoiresgalantes.fr\/blog\/wp-json\/wp\/v2\/posts\/12159\/revisions"}],"predecessor-version":[{"id":12730,"href":"https:\/\/www.histoiresgalantes.fr\/blog\/wp-json\/wp\/v2\/posts\/12159\/revisions\/12730"}],"wp:featuredmedia":[{"embeddable":true,"href":"https:\/\/www.histoiresgalantes.fr\/blog\/wp-json\/wp\/v2\/media\/12171"}],"wp:attachment":[{"href":"https:\/\/www.histoiresgalantes.fr\/blog\/wp-json\/wp\/v2\/media?parent=12159"}],"wp:term":[{"taxonomy":"category","embeddable":true,"href":"https:\/\/www.histoiresgalantes.fr\/blog\/wp-json\/wp\/v2\/categories?post=12159"},{"taxonomy":"post_tag","embeddable":true,"href":"https:\/\/www.histoiresgalantes.fr\/blog\/wp-json\/wp\/v2\/tags?post=12159"}],"curies":[{"name":"wp","href":"https:\/\/api.w.org\/{rel}","templated":true}]}}