{"id":1250,"date":"2015-06-15T10:24:01","date_gmt":"2015-06-15T09:24:01","guid":{"rendered":"http:\/\/www.histoiresgalantes.fr\/blog\/?p=1250"},"modified":"2017-08-25T20:20:16","modified_gmt":"2017-08-25T19:20:16","slug":"armide-opera-national-de-lorraine","status":"publish","type":"post","link":"https:\/\/www.histoiresgalantes.fr\/blog\/2015\/06\/15\/armide-opera-national-de-lorraine\/","title":{"rendered":"Armide &#8211; Op\u00e9ra national de Lorraine"},"content":{"rendered":"<p><span id=\"fbPhotoSnowliftCaption\" class=\"fbPhotosPhotoCaption\" tabindex=\"0\" data-ft=\"{&quot;tn&quot;:&quot;K&quot;}\"><span class=\"hasCaption\">Lully entendant chanter \u00e0 une messe un air qu&#8217;il avait compos\u00e9 pour l&#8217;Op\u00e9ra se mit \u00e0 dire :<\/span><\/span><\/p>\n<blockquote><p><em><span id=\"fbPhotoSnowliftCaption\" class=\"fbPhotosPhotoCaption\" tabindex=\"0\" data-ft=\"{&quot;tn&quot;:&quot;K&quot;}\"><span class=\"hasCaption\">&#8221; Seigneur, je vous demande pardon, je ne l&#8217;avais pas fait pour vous. &#8220;<\/span><\/span><\/em><\/p><\/blockquote>\n<p><span id=\"fbPhotoSnowliftCaption\" class=\"fbPhotosPhotoCaption\" tabindex=\"0\" data-ft=\"{&quot;tn&quot;:&quot;K&quot;}\"><span class=\"hasCaption\"><br \/>\nARMIDE A L OPERA DE NANCY<br \/>\nChef d&#8217;oeuvre baroque acclam\u00e9 \u00e0 la Cour du Roi Soleil<br \/>\nLe 21, 24, 26, 28, 30 juin 2015 \u00e0 15h00<br \/>\n<span class=\"text_exposed_show\"><br \/>\nOuvrage chant\u00e9 en fran\u00e7ais, surtitr\u00e9.<br \/>\nDur\u00e9e : 3h avec entracte<br \/>\nOp\u00e9ra national de Lorraine<\/span><\/span><\/span><\/p>\n","protected":false},"excerpt":{"rendered":"<p>Lully entendant chanter \u00e0 une messe un air qu&#8217;il avait compos\u00e9 pour l&#8217;Op\u00e9ra se mit \u00e0 dire : &#8221; Seigneur, je vous demande pardon, je ne l&#8217;avais pas fait pour vous. &#8220; ARMIDE A L OPERA DE NANCY Chef d&#8217;oeuvre baroque acclam\u00e9 \u00e0 la Cour du Roi Soleil Le 21, 24, 26, 28, 30 juin [&hellip;]<\/p>\n","protected":false},"author":1,"featured_media":1251,"comment_status":"open","ping_status":"open","sticky":false,"template":"","format":"image","meta":{"om_disable_all_campaigns":false,"_monsterinsights_skip_tracking":false,"_monsterinsights_sitenote_active":false,"_monsterinsights_sitenote_note":"","_monsterinsights_sitenote_category":0,"_s2mail":"yes","footnotes":""},"categories":[29],"tags":[],"class_list":["post-1250","post","type-post","status-publish","format-image","has-post-thumbnail","hentry","category-evenements","post_format-post-format-image"],"aioseo_notices":[],"_links":{"self":[{"href":"https:\/\/www.histoiresgalantes.fr\/blog\/wp-json\/wp\/v2\/posts\/1250","targetHints":{"allow":["GET"]}}],"collection":[{"href":"https:\/\/www.histoiresgalantes.fr\/blog\/wp-json\/wp\/v2\/posts"}],"about":[{"href":"https:\/\/www.histoiresgalantes.fr\/blog\/wp-json\/wp\/v2\/types\/post"}],"author":[{"embeddable":true,"href":"https:\/\/www.histoiresgalantes.fr\/blog\/wp-json\/wp\/v2\/users\/1"}],"replies":[{"embeddable":true,"href":"https:\/\/www.histoiresgalantes.fr\/blog\/wp-json\/wp\/v2\/comments?post=1250"}],"version-history":[{"count":2,"href":"https:\/\/www.histoiresgalantes.fr\/blog\/wp-json\/wp\/v2\/posts\/1250\/revisions"}],"predecessor-version":[{"id":7124,"href":"https:\/\/www.histoiresgalantes.fr\/blog\/wp-json\/wp\/v2\/posts\/1250\/revisions\/7124"}],"wp:featuredmedia":[{"embeddable":true,"href":"https:\/\/www.histoiresgalantes.fr\/blog\/wp-json\/wp\/v2\/media\/1251"}],"wp:attachment":[{"href":"https:\/\/www.histoiresgalantes.fr\/blog\/wp-json\/wp\/v2\/media?parent=1250"}],"wp:term":[{"taxonomy":"category","embeddable":true,"href":"https:\/\/www.histoiresgalantes.fr\/blog\/wp-json\/wp\/v2\/categories?post=1250"},{"taxonomy":"post_tag","embeddable":true,"href":"https:\/\/www.histoiresgalantes.fr\/blog\/wp-json\/wp\/v2\/tags?post=1250"}],"curies":[{"name":"wp","href":"https:\/\/api.w.org\/{rel}","templated":true}]}}