{"id":12690,"date":"2019-07-26T20:06:20","date_gmt":"2019-07-26T19:06:20","guid":{"rendered":"http:\/\/www.histoiresgalantes.fr\/blog\/?p=12690"},"modified":"2019-07-30T10:37:39","modified_gmt":"2019-07-30T09:37:39","slug":"maximilien-1er-et-marie-therese-dautriche-samedi-27-juillet-sur-arte","status":"publish","type":"post","link":"https:\/\/www.histoiresgalantes.fr\/blog\/2019\/07\/26\/maximilien-1er-et-marie-therese-dautriche-samedi-27-juillet-sur-arte\/","title":{"rendered":"Marie-Th\u00e9r\u00e8se d&#8217;Autriche &#8211; Sur Arte"},"content":{"rendered":"\n<p><br><\/p>\n\n\n\n<p><a href=\"https:\/\/www.arte.tv\/fr\/videos\/068444-000-A\/marie-therese-d-autriche-imperatrice-et-mere\/\"><a href=\"https:\/\/www.arte.tv\/fr\/videos\/068444-000-A\/marie-therese-d-autriche-imperatrice-et-mere\/\">Lien vers Marie-Th\u00e9r\u00e8se<\/a><\/a><br><br><strong>Une femme au pouvoir<\/strong><br>\u00c0 la lumi\u00e8re de correspondances in\u00e9dites entretenues pendant vingt-sept\u00a0ans avec sa dame de cour, on d\u00e9couvre d\u2019un \u0153il nouveau la riche biographie de l\u2019imp\u00e9ratrice, l\u2019une des rares femmes de l\u2019histoire \u00e0 avoir d\u00e9tenu un tel pouvoir, \u00e9galement r\u00e9put\u00e9e pour avoir \u00e9t\u00e9 une \u00e9pouse et une m\u00e8re particuli\u00e8rement aimante. Agr\u00e9ment\u00e9 de sc\u00e8nes de fiction, ce documentaire est compl\u00e9t\u00e9 d\u2019analyses de la philosophe f\u00e9ministe \u00c9lisabeth Badinter, de l\u2019historienne Renate Zedinger ou de Walburga Habsburg Douglas, descendante de Marie-Th\u00e9r\u00e8se.<br>Disponible du 27\/07\/2019 au 02\/08\/2019<br><\/p>\n\n\n","protected":false},"excerpt":{"rendered":"<p>Lien vers Marie-Th\u00e9r\u00e8se Une femme au pouvoir\u00c0 la lumi\u00e8re de correspondances in\u00e9dites entretenues pendant vingt-sept\u00a0ans avec sa dame de cour, on d\u00e9couvre d\u2019un \u0153il nouveau la riche biographie de l\u2019imp\u00e9ratrice, l\u2019une des rares femmes de l\u2019histoire \u00e0 avoir d\u00e9tenu un tel pouvoir, \u00e9galement r\u00e9put\u00e9e pour avoir \u00e9t\u00e9 une \u00e9pouse et une m\u00e8re particuli\u00e8rement aimante. Agr\u00e9ment\u00e9 [&hellip;]<\/p>\n","protected":false},"author":1,"featured_media":12691,"comment_status":"open","ping_status":"open","sticky":false,"template":"","format":"image","meta":{"om_disable_all_campaigns":false,"_monsterinsights_skip_tracking":false,"_monsterinsights_sitenote_active":false,"_monsterinsights_sitenote_note":"","_monsterinsights_sitenote_category":0,"_s2mail":"yes","footnotes":""},"categories":[67,12,27,72],"tags":[],"class_list":["post-12690","post","type-post","status-publish","format-image","has-post-thumbnail","hentry","category-artistes","category-cour-de-leopold","category-elisabeth-charlotte","category-regne-de-leopold","post_format-post-format-image"],"aioseo_notices":[],"_links":{"self":[{"href":"https:\/\/www.histoiresgalantes.fr\/blog\/wp-json\/wp\/v2\/posts\/12690","targetHints":{"allow":["GET"]}}],"collection":[{"href":"https:\/\/www.histoiresgalantes.fr\/blog\/wp-json\/wp\/v2\/posts"}],"about":[{"href":"https:\/\/www.histoiresgalantes.fr\/blog\/wp-json\/wp\/v2\/types\/post"}],"author":[{"embeddable":true,"href":"https:\/\/www.histoiresgalantes.fr\/blog\/wp-json\/wp\/v2\/users\/1"}],"replies":[{"embeddable":true,"href":"https:\/\/www.histoiresgalantes.fr\/blog\/wp-json\/wp\/v2\/comments?post=12690"}],"version-history":[{"count":3,"href":"https:\/\/www.histoiresgalantes.fr\/blog\/wp-json\/wp\/v2\/posts\/12690\/revisions"}],"predecessor-version":[{"id":12702,"href":"https:\/\/www.histoiresgalantes.fr\/blog\/wp-json\/wp\/v2\/posts\/12690\/revisions\/12702"}],"wp:featuredmedia":[{"embeddable":true,"href":"https:\/\/www.histoiresgalantes.fr\/blog\/wp-json\/wp\/v2\/media\/12691"}],"wp:attachment":[{"href":"https:\/\/www.histoiresgalantes.fr\/blog\/wp-json\/wp\/v2\/media?parent=12690"}],"wp:term":[{"taxonomy":"category","embeddable":true,"href":"https:\/\/www.histoiresgalantes.fr\/blog\/wp-json\/wp\/v2\/categories?post=12690"},{"taxonomy":"post_tag","embeddable":true,"href":"https:\/\/www.histoiresgalantes.fr\/blog\/wp-json\/wp\/v2\/tags?post=12690"}],"curies":[{"name":"wp","href":"https:\/\/api.w.org\/{rel}","templated":true}]}}