{"id":13064,"date":"2019-09-16T17:58:52","date_gmt":"2019-09-16T16:58:52","guid":{"rendered":"http:\/\/www.histoiresgalantes.fr\/blog\/?p=13064"},"modified":"2019-09-19T13:06:05","modified_gmt":"2019-09-19T12:06:05","slug":"journees-europeennes-du-patrimoine-les-21-et-22-septembre-2019","status":"publish","type":"post","link":"https:\/\/www.histoiresgalantes.fr\/blog\/2019\/09\/16\/journees-europeennes-du-patrimoine-les-21-et-22-septembre-2019\/","title":{"rendered":"Journ\u00e9es Europ\u00e9ennes du Patrimoine les 21 et 22 septembre 2019"},"content":{"rendered":"\n<p>Quelques visites attrayantes :<\/p>\n\n\n\n<p>TOUL<br><strong>Mont\u00e9e dans la tour sud &amp; visite de la charpente de la Cath\u00e9drale Saint-Etienne<\/strong><br>Gravissez les 325 marches de la tour et d\u00e9couvrez un panorama exceptionnel sur la Ville de Toul<br>     \u25e6   21 et 22 septembre<br>     \u25e6   Cath\u00e9drale Saint-Etienne&nbsp;Place Charles de Gaulle 54200 Toul<br>     \u25e6   Visite comment\u00e9e &#8211; Conf\u00e9rence<br>     \u25e6   Gratuit<br>     \u25e6   <br><strong>Ouverture de la Coll\u00e9giale Saint-Gengoul<\/strong>t<br>Ouverture et visites accompagn\u00e9es de la Coll\u00e9giale Saint Gengoult<br>     \u25e6   21 et 22 septembre<br>     \u25e6   Coll\u00e9giale Saint Gengoult&nbsp;Place du March\u00e9 54200 Toul<br>     \u25e6   Visite comment\u00e9e &#8211; Conf\u00e9rence<br>     \u25e6   Gratuit<br><\/p>\n\n\n\n<p>JOINVILLE<br><strong>L&#8217;H\u00f4tel Leclerc est un des plus beaux h\u00f4tels particuliers de la ville.<\/strong><br>Cet h\u00f4tel du XVIe si\u00e8cle a largement \u00e9t\u00e9 remani\u00e9 au cours du si\u00e8cle des Lumi\u00e8res, qui lui a offert de remarquables d\u00e9cors int\u00e9rieurs. A ne pas louper !<\/p>\n\n\n\n<p>Visites guid\u00e9es<br>le samedi \u00e0 14h30, 16h et 17h30<br>et dimanche \u00e0 10h30, 12h, 14h30, 16h et 17h30.<br>Sur r\u00e9servation uniquement par courriel \u00e0 hotelleclercjoinville@gmail.com<\/p>\n\n\n\n<p>NANCY<br><strong>Les secrets du palais du Gouvernement<\/strong><br>Venez partager l&#8217;histoire de ce lieu embl\u00e9matique de la ville de Nancy \u00e0 travers une visite comment\u00e9e de son architecture.<br>     \u25e6   21 et 22 septembre<br>     \u25e6   Palais du Gouvernement&nbsp;H\u00e9micycle Charles de Gaulle, Place de la Carri\u00e8re, 54000 Nancy<br>     \u25e6   Visite comment\u00e9e &#8211; Conf\u00e9rence<br>     \u25e6   Gratuit<\/p>\n\n\n\n<p>NANCY<br><strong>D\u00e9couverte de l&#8217;H\u00f4tel de la Reine<\/strong><br>Visitez cet \u00e9tablissement du XVIII\u00e8me si\u00e8cle class\u00e9 au patrimoine mondial de l&#8217;UNESCO et d\u00e9couvrez son histoire<br>     \u25e6   Samedi 21 septembre, 10h00, 11h00, 12h00, 13h00<br>     \u25e6   H\u00f4tel de la Reine&nbsp;2 Place Stanislas, 54000 Nancy<br>     \u25e6   Visite comment\u00e9e &#8211; Conf\u00e9rence<br>     \u25e6   Gratuit|Sur inscription<\/p>\n\n\n\n<p>PONT-A-MOUSSON<br><strong>Visite guid\u00e9e de l&#8217;Abbaye des Pr\u00e9montr\u00e9s<\/strong><br>Partez \u00e0 la rencontre d&#8217;un monument surprenant et envo\u00fbtant nich\u00e9 au c\u0153ur de Pont-\u00e0-Mousson. \u00c0 la suite de cette visite, la vie quotidienne des chanoines pr\u00e9montr\u00e9s n&#8217;aura plus de secrets pour vous.<br>     \u25e6   Samedi 21 septembre, 14h30<br>     \u25e6   Abbaye des Pr\u00e9montr\u00e9s&nbsp;9 rue Saint-Martin, 54700 Pont-\u00e0-Mousson<br>     \u25e6   Visite comment\u00e9e &#8211; Conf\u00e9rence<br>     \u25e6   Gratuit<br><br><\/p>\n\n\n\n<blockquote class=\"wp-block-quote is-layout-flow wp-block-quote-is-layout-flow\"><p>LUNEVILLE<\/p><p><strong>D\u00e9couverte du ch\u00e2teau de Lun\u00e9ville, ch\u00e2teau des derniers ducs de Lorraine<\/strong><br>     Visites guid\u00e9es des espaces non accessibles habituellement, atelier, concert, visite des expositions\u2026 d\u00e9couvrez le ch\u00e2teau de Lun\u00e9ville et son histoire d&#8217;une nouvelle fa\u00e7on !<\/p><\/blockquote>\n\n\n\n<p>21 et 22 septembre<br>\nCh\u00e2teau de Lun\u00e9ville place de la 2e division de cavalerie, 54300 Lun\u00e9ville<br>\nVisite comment\u00e9e &#8211; Conf\u00e9rence<br>\nGratuit<\/p>\n\n\n\n<p><\/p>\n\n\n","protected":false},"excerpt":{"rendered":"<p>Quelques visites attrayantes : TOULMont\u00e9e dans la tour sud &amp; visite de la charpente de la Cath\u00e9drale Saint-EtienneGravissez les 325 marches de la tour et d\u00e9couvrez un panorama exceptionnel sur la Ville de Toul \u25e6 21 et 22 septembre \u25e6 Cath\u00e9drale Saint-Etienne&nbsp;Place Charles de Gaulle 54200 Toul \u25e6 Visite comment\u00e9e &#8211; Conf\u00e9rence \u25e6 Gratuit \u25e6 [&hellip;]<\/p>\n","protected":false},"author":1,"featured_media":13065,"comment_status":"open","ping_status":"open","sticky":false,"template":"","format":"image","meta":{"om_disable_all_campaigns":false,"_monsterinsights_skip_tracking":false,"_monsterinsights_sitenote_active":false,"_monsterinsights_sitenote_note":"","_monsterinsights_sitenote_category":0,"_s2mail":"yes","footnotes":""},"categories":[16,32,82,70,52],"tags":[],"class_list":["post-13064","post","type-post","status-publish","format-image","has-post-thumbnail","hentry","category-batiments","category-sites-a-visiter","category-les-trois-eveches","category-patrimoine","category-sauvegarde-du-patrimoine","post_format-post-format-image"],"aioseo_notices":[],"_links":{"self":[{"href":"https:\/\/www.histoiresgalantes.fr\/blog\/wp-json\/wp\/v2\/posts\/13064","targetHints":{"allow":["GET"]}}],"collection":[{"href":"https:\/\/www.histoiresgalantes.fr\/blog\/wp-json\/wp\/v2\/posts"}],"about":[{"href":"https:\/\/www.histoiresgalantes.fr\/blog\/wp-json\/wp\/v2\/types\/post"}],"author":[{"embeddable":true,"href":"https:\/\/www.histoiresgalantes.fr\/blog\/wp-json\/wp\/v2\/users\/1"}],"replies":[{"embeddable":true,"href":"https:\/\/www.histoiresgalantes.fr\/blog\/wp-json\/wp\/v2\/comments?post=13064"}],"version-history":[{"count":6,"href":"https:\/\/www.histoiresgalantes.fr\/blog\/wp-json\/wp\/v2\/posts\/13064\/revisions"}],"predecessor-version":[{"id":13077,"href":"https:\/\/www.histoiresgalantes.fr\/blog\/wp-json\/wp\/v2\/posts\/13064\/revisions\/13077"}],"wp:featuredmedia":[{"embeddable":true,"href":"https:\/\/www.histoiresgalantes.fr\/blog\/wp-json\/wp\/v2\/media\/13065"}],"wp:attachment":[{"href":"https:\/\/www.histoiresgalantes.fr\/blog\/wp-json\/wp\/v2\/media?parent=13064"}],"wp:term":[{"taxonomy":"category","embeddable":true,"href":"https:\/\/www.histoiresgalantes.fr\/blog\/wp-json\/wp\/v2\/categories?post=13064"},{"taxonomy":"post_tag","embeddable":true,"href":"https:\/\/www.histoiresgalantes.fr\/blog\/wp-json\/wp\/v2\/tags?post=13064"}],"curies":[{"name":"wp","href":"https:\/\/api.w.org\/{rel}","templated":true}]}}