{"id":13175,"date":"2019-10-06T09:20:05","date_gmt":"2019-10-06T08:20:05","guid":{"rendered":"http:\/\/www.histoiresgalantes.fr\/blog\/?p=13175"},"modified":"2019-10-08T13:03:15","modified_gmt":"2019-10-08T12:03:15","slug":"ada-lovelace-premiere-programmeuse-informatique","status":"publish","type":"post","link":"https:\/\/www.histoiresgalantes.fr\/blog\/2019\/10\/06\/ada-lovelace-premiere-programmeuse-informatique\/","title":{"rendered":"Ada Lovelace, premi\u00e8re programmeuse informatique"},"content":{"rendered":"\n<figure class=\"wp-block-embed-facebook wp-block-embed is-type-video is-provider-facebook\"><div class=\"wp-block-embed__wrapper\">\n<div id=\"fb-root\"><\/div><script async=\"1\" defer=\"1\" crossorigin=\"anonymous\" src=\"https:\/\/connect.facebook.net\/fr_FR\/sdk.js#xfbml=1&amp;version=v4.0\"><\/script><div class=\"fb-video\" data-href=\"https:\/\/www.facebook.com\/franceculture\/videos\/2434475799962874\/UzpfSTM0NTUzOTAxMjMwNTA3MjoxMTgyNzI2NzM4NTg2Mjkx\/\" data-width=\"697\"><blockquote cite=\"https:\/\/www.facebook.com\/franceculture\/videos\/2434475799962874\/\" class=\"fb-xfbml-parse-ignore\"><a href=\"https:\/\/www.facebook.com\/franceculture\/videos\/2434475799962874\/\">Ada Lovelace, la premi\u00e8re programmeuse informatique<\/a><p>Le premier codeur au monde est&#8230; une codeuse. \u00c0 16 ans, elle rencontre une astronome, puis un math\u00e9maticien qui l&#039;initient aux sciences dures. La premi\u00e8re programmeuse informatique est n\u00e9e : elle s&#039;appelle Ada Lovelace.<\/p>Publi\u00e9e par <a href=\"https:\/\/www.facebook.com\/franceculture\/\">France Culture<\/a> sur Vendredi 4 octobre 2019<\/blockquote><\/div>\n<\/div><\/figure>\n","protected":false},"excerpt":{"rendered":"","protected":false},"author":1,"featured_media":0,"comment_status":"open","ping_status":"open","sticky":false,"template":"","format":"image","meta":{"om_disable_all_campaigns":false,"_monsterinsights_skip_tracking":false,"_monsterinsights_sitenote_active":false,"_monsterinsights_sitenote_note":"","_monsterinsights_sitenote_category":0,"_s2mail":"yes","footnotes":""},"categories":[67,86],"tags":[],"class_list":["post-13175","post","type-post","status-publish","format-image","hentry","category-artistes","category-femmes-scientifiques","post_format-post-format-image"],"aioseo_notices":[],"_links":{"self":[{"href":"https:\/\/www.histoiresgalantes.fr\/blog\/wp-json\/wp\/v2\/posts\/13175","targetHints":{"allow":["GET"]}}],"collection":[{"href":"https:\/\/www.histoiresgalantes.fr\/blog\/wp-json\/wp\/v2\/posts"}],"about":[{"href":"https:\/\/www.histoiresgalantes.fr\/blog\/wp-json\/wp\/v2\/types\/post"}],"author":[{"embeddable":true,"href":"https:\/\/www.histoiresgalantes.fr\/blog\/wp-json\/wp\/v2\/users\/1"}],"replies":[{"embeddable":true,"href":"https:\/\/www.histoiresgalantes.fr\/blog\/wp-json\/wp\/v2\/comments?post=13175"}],"version-history":[{"count":1,"href":"https:\/\/www.histoiresgalantes.fr\/blog\/wp-json\/wp\/v2\/posts\/13175\/revisions"}],"predecessor-version":[{"id":13176,"href":"https:\/\/www.histoiresgalantes.fr\/blog\/wp-json\/wp\/v2\/posts\/13175\/revisions\/13176"}],"wp:attachment":[{"href":"https:\/\/www.histoiresgalantes.fr\/blog\/wp-json\/wp\/v2\/media?parent=13175"}],"wp:term":[{"taxonomy":"category","embeddable":true,"href":"https:\/\/www.histoiresgalantes.fr\/blog\/wp-json\/wp\/v2\/categories?post=13175"},{"taxonomy":"post_tag","embeddable":true,"href":"https:\/\/www.histoiresgalantes.fr\/blog\/wp-json\/wp\/v2\/tags?post=13175"}],"curies":[{"name":"wp","href":"https:\/\/api.w.org\/{rel}","templated":true}]}}