{"id":13194,"date":"2019-10-07T11:59:32","date_gmt":"2019-10-07T10:59:32","guid":{"rendered":"http:\/\/www.histoiresgalantes.fr\/blog\/?p=13194"},"modified":"2019-10-08T13:02:54","modified_gmt":"2019-10-08T12:02:54","slug":"un-rembrandt-dans-le-placard","status":"publish","type":"post","link":"https:\/\/www.histoiresgalantes.fr\/blog\/2019\/10\/07\/un-rembrandt-dans-le-placard\/","title":{"rendered":"Un Rembrandt dans le placard"},"content":{"rendered":"\n<p><strong><a href=\"https:\/\/www.franceculture.fr\/emissions\/une-histoire-particuliere-un-recit-documentaire-en-deux-parties\/patrick-vialaneix-un-rembrandt-dans-le-placard-12-cet-obscur-objet-du-desir\">Une \u00e9mission de Franceculture \u00e0 \u00e9couter ici<\/a><\/strong><br>Tout commence en 1983. Patrick Vialaneix, 13 ans, se rend pour la premi\u00e8re fois au Mus\u00e9e des Beaux-Arts de Draguignan. Parmi les \u0153uvres, un tableau se distingue : L&#8217;enfant \u00e0 la bulle de savon, attribu\u00e9 \u00e0 Rembrandt. Il ne le sait pas encore, mais cette toile va sceller son destin pour plus de 30 ans.<br>Photographie \u00a9 &nbsp;CR\u00c9DIT PHOTO&nbsp;: AFP VALERY HACHE<\/p>\n","protected":false},"excerpt":{"rendered":"<p>Une \u00e9mission de Franceculture \u00e0 \u00e9couter iciTout commence en 1983. Patrick Vialaneix, 13 ans, se rend pour la premi\u00e8re fois au Mus\u00e9e des Beaux-Arts de Draguignan. Parmi les \u0153uvres, un tableau se distingue : L&#8217;enfant \u00e0 la bulle de savon, attribu\u00e9 \u00e0 Rembrandt. Il ne le sait pas encore, mais cette toile va sceller son [&hellip;]<\/p>\n","protected":false},"author":1,"featured_media":13198,"comment_status":"open","ping_status":"open","sticky":false,"template":"","format":"image","meta":{"om_disable_all_campaigns":false,"_monsterinsights_skip_tracking":false,"_monsterinsights_sitenote_active":false,"_monsterinsights_sitenote_note":"","_monsterinsights_sitenote_category":0,"_s2mail":"yes","footnotes":""},"categories":[69,14,24],"tags":[],"class_list":["post-13194","post","type-post","status-publish","format-image","has-post-thumbnail","hentry","category-curiosites","category-insolite","category-peintres-dessinateurs","post_format-post-format-image"],"aioseo_notices":[],"_links":{"self":[{"href":"https:\/\/www.histoiresgalantes.fr\/blog\/wp-json\/wp\/v2\/posts\/13194","targetHints":{"allow":["GET"]}}],"collection":[{"href":"https:\/\/www.histoiresgalantes.fr\/blog\/wp-json\/wp\/v2\/posts"}],"about":[{"href":"https:\/\/www.histoiresgalantes.fr\/blog\/wp-json\/wp\/v2\/types\/post"}],"author":[{"embeddable":true,"href":"https:\/\/www.histoiresgalantes.fr\/blog\/wp-json\/wp\/v2\/users\/1"}],"replies":[{"embeddable":true,"href":"https:\/\/www.histoiresgalantes.fr\/blog\/wp-json\/wp\/v2\/comments?post=13194"}],"version-history":[{"count":4,"href":"https:\/\/www.histoiresgalantes.fr\/blog\/wp-json\/wp\/v2\/posts\/13194\/revisions"}],"predecessor-version":[{"id":13200,"href":"https:\/\/www.histoiresgalantes.fr\/blog\/wp-json\/wp\/v2\/posts\/13194\/revisions\/13200"}],"wp:featuredmedia":[{"embeddable":true,"href":"https:\/\/www.histoiresgalantes.fr\/blog\/wp-json\/wp\/v2\/media\/13198"}],"wp:attachment":[{"href":"https:\/\/www.histoiresgalantes.fr\/blog\/wp-json\/wp\/v2\/media?parent=13194"}],"wp:term":[{"taxonomy":"category","embeddable":true,"href":"https:\/\/www.histoiresgalantes.fr\/blog\/wp-json\/wp\/v2\/categories?post=13194"},{"taxonomy":"post_tag","embeddable":true,"href":"https:\/\/www.histoiresgalantes.fr\/blog\/wp-json\/wp\/v2\/tags?post=13194"}],"curies":[{"name":"wp","href":"https:\/\/api.w.org\/{rel}","templated":true}]}}