{"id":13525,"date":"2019-11-03T13:23:33","date_gmt":"2019-11-03T12:23:33","guid":{"rendered":"http:\/\/www.histoiresgalantes.fr\/blog\/?p=13525"},"modified":"2019-11-02T13:41:50","modified_gmt":"2019-11-02T12:41:50","slug":"le-pouvoir-des-images","status":"publish","type":"post","link":"https:\/\/www.histoiresgalantes.fr\/blog\/2019\/11\/03\/le-pouvoir-des-images\/","title":{"rendered":"Le pouvoir des images"},"content":{"rendered":"\n<p>Dans son excellent livre \u00ab <strong>L\u2019art et la race &#8211; L\u2019Africain (tout) contre l\u2019\u0153il des Lumi\u00e8res<\/strong> \u00bb Anne Lafont \u00e9tudie comment la repr\u00e9sentation de la figure noire au temps des Lumi\u00e8res participa au concept de race et donc \u00e0 l\u2019id\u00e9ologie de domination.<br>On s&#8217;explique souvent la mode de la blancheur de la peau des aristocrates par le fait qu\u2019ils devaient se distinguer du peuple dont la peau hal\u00e9e trahissait le dur labeur des travaux des champs, mais Anne Lafont souligne, qu&#8217;au XVIIIe si\u00e8cle, les peintres jouent aussi sur le nouveau concept de \u00ab races humaines \u00bb pour sublimer leur mod\u00e8le \u00ab noble \u00bb.<br>Pour \u00e9lever leur mod\u00e8le, les artistes placent \u00e0 leur cot\u00e9, et jouant sur le contraste, leurs domestiques noirs en retrait et accessoiris\u00e9s, symbole du pouvoir colonialisme. Le mod\u00e8le noir comme faire valoir du blanc.<br>Anne Lafont nous explique aussi comment certains h\u00e9ros de la guerre d\u2019ind\u00e9pendance des Etats-Unis en 1783 vont tout simplement disparaitre des gravures relatant l\u2019\u00e9v\u00e8nement\u2026<br>Richement illustr\u00e9.<br>L\u2019Art et la Race. L\u2019Africain (tout) contre l\u2019\u0153il des Lumi\u00e8res (Presses du r\u00e9el, 2019).<\/p>\n\n\n\n<figure class=\"wp-block-image\"><img loading=\"lazy\" decoding=\"async\" width=\"752\" height=\"1024\" src=\"https:\/\/www.histoiresgalantes.fr\/blog\/wp-content\/uploads\/2019\/11\/anne-lafont-art-et-race-c-photo-les-presses-du-reel-752x1024.jpg\" alt=\"\" class=\"wp-image-13526\" srcset=\"https:\/\/www.histoiresgalantes.fr\/blog\/wp-content\/uploads\/2019\/11\/anne-lafont-art-et-race-c-photo-les-presses-du-reel-752x1024.jpg 752w, https:\/\/www.histoiresgalantes.fr\/blog\/wp-content\/uploads\/2019\/11\/anne-lafont-art-et-race-c-photo-les-presses-du-reel-220x300.jpg 220w, https:\/\/www.histoiresgalantes.fr\/blog\/wp-content\/uploads\/2019\/11\/anne-lafont-art-et-race-c-photo-les-presses-du-reel-768x1046.jpg 768w, https:\/\/www.histoiresgalantes.fr\/blog\/wp-content\/uploads\/2019\/11\/anne-lafont-art-et-race-c-photo-les-presses-du-reel.jpg 800w\" sizes=\"auto, (max-width: 752px) 100vw, 752px\" \/><figcaption>Couverture de l&#8217;ouvrage :<br>Carmontelle, Auguste, jeune serviteur de la duchesse de Chartres, Chantilly, mus\u00e9e de Cond\u00e9.<\/figcaption><\/figure>\n\n\n\n<p>Les illustrations suivantes ne figurent pas toutes dans l&#8217;ouvrage de madame Lafont, elles proviennent d&#8217;une petite enqu\u00eate personnelle.<br>Illustration article : portrait dune femme en robe bleue et de son serviteur noir mus\u00e9e des beaux-arts Orleans <\/p>\n\n\n\n<figure class=\"wp-block-image\"><img loading=\"lazy\" decoding=\"async\" width=\"600\" height=\"783\" src=\"https:\/\/www.histoiresgalantes.fr\/blog\/wp-content\/uploads\/2019\/11\/deurbroucq1.jpg\" alt=\"\" class=\"wp-image-13528\" srcset=\"https:\/\/www.histoiresgalantes.fr\/blog\/wp-content\/uploads\/2019\/11\/deurbroucq1.jpg 600w, https:\/\/www.histoiresgalantes.fr\/blog\/wp-content\/uploads\/2019\/11\/deurbroucq1-230x300.jpg 230w\" sizes=\"auto, (max-width: 600px) 100vw, 600px\" \/><figcaption>Portraits de deux \u00e9poux nantais ou les symboles de la r\u00e9ussite marchande au XVIII\u00e8me si\u00e8cle par Pierre-Bernard Morlot &#8211; actif \u00e0 Dijon et Lun\u00e9ville <\/figcaption><\/figure>\n\n\n\n<div class=\"wp-block-image\"><figure class=\"aligncenter\"><img loading=\"lazy\" decoding=\"async\" width=\"609\" height=\"786\" src=\"https:\/\/www.histoiresgalantes.fr\/blog\/wp-content\/uploads\/2019\/11\/Deurbroucq-1.jpg\" alt=\"\" class=\"wp-image-13533\" srcset=\"https:\/\/www.histoiresgalantes.fr\/blog\/wp-content\/uploads\/2019\/11\/Deurbroucq-1.jpg 609w, https:\/\/www.histoiresgalantes.fr\/blog\/wp-content\/uploads\/2019\/11\/Deurbroucq-1-232x300.jpg 232w\" sizes=\"auto, (max-width: 609px) 100vw, 609px\" \/><figcaption>Portraits de deux \u00e9poux nantais ou les symboles de la r\u00e9ussite marchande au XVIII\u00e8me si\u00e8cle par Pierre-Bernard Morlot &#8211; actif \u00e0 Dijon et Lun\u00e9ville <\/figcaption><\/figure><\/div>\n\n\n\n<div class=\"wp-block-image\"><figure class=\"aligncenter\"><img loading=\"lazy\" decoding=\"async\" width=\"776\" height=\"1024\" src=\"https:\/\/www.histoiresgalantes.fr\/blog\/wp-content\/uploads\/2019\/11\/1708-hyacinthe-sophie-be-chameil-776x1024.jpg\" alt=\"\" class=\"wp-image-13529\" srcset=\"https:\/\/www.histoiresgalantes.fr\/blog\/wp-content\/uploads\/2019\/11\/1708-hyacinthe-sophie-be-chameil.jpg 776w, https:\/\/www.histoiresgalantes.fr\/blog\/wp-content\/uploads\/2019\/11\/1708-hyacinthe-sophie-be-chameil-227x300.jpg 227w, https:\/\/www.histoiresgalantes.fr\/blog\/wp-content\/uploads\/2019\/11\/1708-hyacinthe-sophie-be-chameil-768x1013.jpg 768w\" sizes=\"auto, (max-width: 776px) 100vw, 776px\" \/><figcaption><strong>Hyacinthe Sophie B\u00e9chameil de Nointel (1690-1757),<\/strong> Peinte par Rigaud \u00e0 l&#8217;occasion de son mariage, le 18 juin 1708 avec le&nbsp;marquis de Louville.<br>Fille de Madeleine Le Ragois et de Louis B\u00e9chameil de Nointel (1630-1703), conseiller d\u2019\u00c9tat et ambassadeur \u00e0 Constantinople. Financier grassement enrichi dans la fourniture aux arm\u00e9es durant la Fronde\u2026<\/figcaption><\/figure><\/div>\n","protected":false},"excerpt":{"rendered":"<p>Dans son excellent livre \u00ab L\u2019art et la race &#8211; L\u2019Africain (tout) contre l\u2019\u0153il des Lumi\u00e8res \u00bb Anne Lafont \u00e9tudie comment la repr\u00e9sentation de la figure noire au temps des Lumi\u00e8res participa au concept de race et donc \u00e0 l\u2019id\u00e9ologie de domination.On s&#8217;explique souvent la mode de la blancheur de la peau des aristocrates par [&hellip;]<\/p>\n","protected":false},"author":1,"featured_media":13527,"comment_status":"open","ping_status":"open","sticky":false,"template":"","format":"image","meta":{"om_disable_all_campaigns":false,"_monsterinsights_skip_tracking":false,"_monsterinsights_sitenote_active":false,"_monsterinsights_sitenote_note":"","_monsterinsights_sitenote_category":0,"_s2mail":"yes","footnotes":""},"categories":[67,83,41,88],"tags":[],"class_list":["post-13525","post","type-post","status-publish","format-image","has-post-thumbnail","hentry","category-artistes","category-ecrivain-e-s","category-litterature","category-tragique","post_format-post-format-image"],"aioseo_notices":[],"_links":{"self":[{"href":"https:\/\/www.histoiresgalantes.fr\/blog\/wp-json\/wp\/v2\/posts\/13525","targetHints":{"allow":["GET"]}}],"collection":[{"href":"https:\/\/www.histoiresgalantes.fr\/blog\/wp-json\/wp\/v2\/posts"}],"about":[{"href":"https:\/\/www.histoiresgalantes.fr\/blog\/wp-json\/wp\/v2\/types\/post"}],"author":[{"embeddable":true,"href":"https:\/\/www.histoiresgalantes.fr\/blog\/wp-json\/wp\/v2\/users\/1"}],"replies":[{"embeddable":true,"href":"https:\/\/www.histoiresgalantes.fr\/blog\/wp-json\/wp\/v2\/comments?post=13525"}],"version-history":[{"count":3,"href":"https:\/\/www.histoiresgalantes.fr\/blog\/wp-json\/wp\/v2\/posts\/13525\/revisions"}],"predecessor-version":[{"id":13535,"href":"https:\/\/www.histoiresgalantes.fr\/blog\/wp-json\/wp\/v2\/posts\/13525\/revisions\/13535"}],"wp:featuredmedia":[{"embeddable":true,"href":"https:\/\/www.histoiresgalantes.fr\/blog\/wp-json\/wp\/v2\/media\/13527"}],"wp:attachment":[{"href":"https:\/\/www.histoiresgalantes.fr\/blog\/wp-json\/wp\/v2\/media?parent=13525"}],"wp:term":[{"taxonomy":"category","embeddable":true,"href":"https:\/\/www.histoiresgalantes.fr\/blog\/wp-json\/wp\/v2\/categories?post=13525"},{"taxonomy":"post_tag","embeddable":true,"href":"https:\/\/www.histoiresgalantes.fr\/blog\/wp-json\/wp\/v2\/tags?post=13525"}],"curies":[{"name":"wp","href":"https:\/\/api.w.org\/{rel}","templated":true}]}}