{"id":13807,"date":"2019-11-30T10:03:25","date_gmt":"2019-11-30T09:03:25","guid":{"rendered":"http:\/\/www.histoiresgalantes.fr\/blog\/?p=13807"},"modified":"2019-12-01T15:37:53","modified_gmt":"2019-12-01T14:37:53","slug":"jai-recu-une-lettre-de-voltaire-il-sera-chez-lui-a-luneville-a-partir-du-14-decembre-2019","status":"publish","type":"post","link":"https:\/\/www.histoiresgalantes.fr\/blog\/2019\/11\/30\/jai-recu-une-lettre-de-voltaire-il-sera-chez-lui-a-luneville-a-partir-du-14-decembre-2019\/","title":{"rendered":"J&#8217;ai re\u00e7u une lettre de Voltaire, il sera &#8220;chez lui&#8221; \u00e0 Lun\u00e9ville \u00e0 partir du 14 d\u00e9cembre 2019"},"content":{"rendered":"\n<p>Le grand homme logera \u00e0 l&#8217;H\u00f4tel abbatial, place Saint-R\u00e9my ! (c&#8217;est dingue!)<br>Exposition &#8220;Voltaire chez lui&#8221; Ainsi que l&#8217;exposition &#8220;Infiniment grand, infiniment petit&#8221;.<\/p>\n\n\n","protected":false},"excerpt":{"rendered":"<p>Le grand homme logera \u00e0 l&#8217;H\u00f4tel abbatial, place Saint-R\u00e9my ! (c&#8217;est dingue!)Exposition &#8220;Voltaire chez lui&#8221; Ainsi que l&#8217;exposition &#8220;Infiniment grand, infiniment petit&#8221;.<\/p>\n","protected":false},"author":1,"featured_media":13808,"comment_status":"open","ping_status":"open","sticky":false,"template":"","format":"image","meta":{"om_disable_all_campaigns":false,"_monsterinsights_skip_tracking":false,"_monsterinsights_sitenote_active":false,"_monsterinsights_sitenote_note":"","_monsterinsights_sitenote_category":0,"_s2mail":"yes","footnotes":""},"categories":[32,78,13,83,29,74,41,31,70,17,76,56],"tags":[],"class_list":["post-13807","post","type-post","status-publish","format-image","has-post-thumbnail","hentry","category-sites-a-visiter","category-coins-secrets-ou-pas-de-luneville","category-cour-de-stanislas","category-ecrivain-e-s","category-evenements","category-life-style-xviiie","category-litterature","category-voltaire","category-patrimoine","category-portraits","category-sortir","category-talents-et-artistes-exceptionnels","post_format-post-format-image"],"aioseo_notices":[],"_links":{"self":[{"href":"https:\/\/www.histoiresgalantes.fr\/blog\/wp-json\/wp\/v2\/posts\/13807","targetHints":{"allow":["GET"]}}],"collection":[{"href":"https:\/\/www.histoiresgalantes.fr\/blog\/wp-json\/wp\/v2\/posts"}],"about":[{"href":"https:\/\/www.histoiresgalantes.fr\/blog\/wp-json\/wp\/v2\/types\/post"}],"author":[{"embeddable":true,"href":"https:\/\/www.histoiresgalantes.fr\/blog\/wp-json\/wp\/v2\/users\/1"}],"replies":[{"embeddable":true,"href":"https:\/\/www.histoiresgalantes.fr\/blog\/wp-json\/wp\/v2\/comments?post=13807"}],"version-history":[{"count":4,"href":"https:\/\/www.histoiresgalantes.fr\/blog\/wp-json\/wp\/v2\/posts\/13807\/revisions"}],"predecessor-version":[{"id":13835,"href":"https:\/\/www.histoiresgalantes.fr\/blog\/wp-json\/wp\/v2\/posts\/13807\/revisions\/13835"}],"wp:featuredmedia":[{"embeddable":true,"href":"https:\/\/www.histoiresgalantes.fr\/blog\/wp-json\/wp\/v2\/media\/13808"}],"wp:attachment":[{"href":"https:\/\/www.histoiresgalantes.fr\/blog\/wp-json\/wp\/v2\/media?parent=13807"}],"wp:term":[{"taxonomy":"category","embeddable":true,"href":"https:\/\/www.histoiresgalantes.fr\/blog\/wp-json\/wp\/v2\/categories?post=13807"},{"taxonomy":"post_tag","embeddable":true,"href":"https:\/\/www.histoiresgalantes.fr\/blog\/wp-json\/wp\/v2\/tags?post=13807"}],"curies":[{"name":"wp","href":"https:\/\/api.w.org\/{rel}","templated":true}]}}