{"id":13876,"date":"2019-12-09T08:03:13","date_gmt":"2019-12-09T07:03:13","guid":{"rendered":"http:\/\/www.histoiresgalantes.fr\/blog\/?p=13876"},"modified":"2019-12-09T09:45:24","modified_gmt":"2019-12-09T08:45:24","slug":"le-sang-de-marat-conference-le-17-decembre-a-la-bnf-paris","status":"publish","type":"post","link":"https:\/\/www.histoiresgalantes.fr\/blog\/2019\/12\/09\/le-sang-de-marat-conference-le-17-decembre-a-la-bnf-paris\/","title":{"rendered":"Ecz\u00e9ma de conscience &#8211; Le sang de Marat &#8211; Conf\u00e9rence le 17 d\u00e9cembre \u00e0 la BnF &#8211; Paris"},"content":{"rendered":"\n<p>Des biologistes mol\u00e9culaires font parler le sang du r\u00e9volutionnaire Marat pour identifier la pathologie qui serait \u00e0 l&#8217;origine de son ecz\u00e9ma g\u00e9ant, que certains ont nomm\u00e9 ecz\u00e9ma de conscience\u2026<br><br>En 1906 entraient au Cabinet des Estampes de la Biblioth\u00e8que nationale quelques feuillets de <em>L\u2019Ami du peuple<\/em>, pr\u00e9sentant de larges taches brun\u00e2tres, qui, pr\u00e9cise une note manuscrite, auraient \u00e9t\u00e9 laiss\u00e9es par le sang de Jean-Paul Marat lui-m\u00eame.<br>Le journaliste et homme politique les aurait eus en main au moment o\u00f9 le frappait le couteau de Charlotte Corday, le 13 juillet 1793\u2026<\/p>\n\n\n\n<p>Lors de cette s\u00e9ance consacr\u00e9e au sang de Marat,<strong>&nbsp;Corinne Le Bitouz\u00e9<\/strong>, conservatrice&nbsp;au d\u00e9partement des Estampes et de la photographie de la BnF, et&nbsp;<strong>Philippe Charlier<\/strong>, directeur de la recherche et de l\u2019enseignement au mus\u00e9e du Quai Branly, analysent des feuillets de&nbsp;<em>L\u2019Ami du peuple<\/em>.<br><br>D\u00e9dicace sp\u00e9ciale et remerciements pour l&#8217;info \u00e0 A-M <strong>IVANKOV-DIAZ<\/strong><br><br><a href=\"https:\/\/www.lemonde.fr\/blog\/realitesbiomedicales\/2019\/11\/08\/des-biologistes-moleculaires-font-parler-le-sang-du-revolutionnaire-marat\/\">Si vous ne pouvez pas vous y rendre, vous trouverez un article tr\u00e8s document\u00e9 sur ces recherches biologiques<strong> en cliquant ici<\/strong><\/a><\/p>\n\n\n\n<p> <br><strong>Mardi 17 d\u00e9cembre 2019<\/strong><br>18 h 15 \u2013 19 h&nbsp;30<br>Gratuit<br><strong>BnF &#8211; Richelieu \u2013 Auditorium Colbert<\/strong><br>2, rue Vivienne \u2013&nbsp;75002&nbsp;Paris<\/p>\n\n\n\n<div class=\"wp-block-image\"><figure class=\"aligncenter\"><img loading=\"lazy\" decoding=\"async\" width=\"831\" height=\"990\" src=\"https:\/\/www.histoiresgalantes.fr\/blog\/wp-content\/uploads\/2019\/12\/marat2.gif\" alt=\"\" class=\"wp-image-13880\"\/><figcaption><em>Jacques-Louis David, La Mort de Marat (1793),<\/em><br><em>Mus\u00e9es Royaux des Beaux-Arts de Belgique. \u00a9 Wikipedia<\/em><\/figcaption><\/figure><\/div>\n","protected":false},"excerpt":{"rendered":"<p>Des biologistes mol\u00e9culaires font parler le sang du r\u00e9volutionnaire Marat pour identifier la pathologie qui serait \u00e0 l&#8217;origine de son ecz\u00e9ma g\u00e9ant, que certains ont nomm\u00e9 ecz\u00e9ma de conscience\u2026 En 1906 entraient au Cabinet des Estampes de la Biblioth\u00e8que nationale quelques feuillets de L\u2019Ami du peuple, pr\u00e9sentant de larges taches brun\u00e2tres, qui, pr\u00e9cise une note [&hellip;]<\/p>\n","protected":false},"author":1,"featured_media":13877,"comment_status":"open","ping_status":"open","sticky":false,"template":"","format":"image","meta":{"om_disable_all_campaigns":false,"_monsterinsights_skip_tracking":false,"_monsterinsights_sitenote_active":false,"_monsterinsights_sitenote_note":"","_monsterinsights_sitenote_category":0,"_s2mail":"yes","footnotes":""},"categories":[17],"tags":[],"class_list":["post-13876","post","type-post","status-publish","format-image","has-post-thumbnail","hentry","category-portraits","post_format-post-format-image"],"aioseo_notices":[],"_links":{"self":[{"href":"https:\/\/www.histoiresgalantes.fr\/blog\/wp-json\/wp\/v2\/posts\/13876","targetHints":{"allow":["GET"]}}],"collection":[{"href":"https:\/\/www.histoiresgalantes.fr\/blog\/wp-json\/wp\/v2\/posts"}],"about":[{"href":"https:\/\/www.histoiresgalantes.fr\/blog\/wp-json\/wp\/v2\/types\/post"}],"author":[{"embeddable":true,"href":"https:\/\/www.histoiresgalantes.fr\/blog\/wp-json\/wp\/v2\/users\/1"}],"replies":[{"embeddable":true,"href":"https:\/\/www.histoiresgalantes.fr\/blog\/wp-json\/wp\/v2\/comments?post=13876"}],"version-history":[{"count":4,"href":"https:\/\/www.histoiresgalantes.fr\/blog\/wp-json\/wp\/v2\/posts\/13876\/revisions"}],"predecessor-version":[{"id":13884,"href":"https:\/\/www.histoiresgalantes.fr\/blog\/wp-json\/wp\/v2\/posts\/13876\/revisions\/13884"}],"wp:featuredmedia":[{"embeddable":true,"href":"https:\/\/www.histoiresgalantes.fr\/blog\/wp-json\/wp\/v2\/media\/13877"}],"wp:attachment":[{"href":"https:\/\/www.histoiresgalantes.fr\/blog\/wp-json\/wp\/v2\/media?parent=13876"}],"wp:term":[{"taxonomy":"category","embeddable":true,"href":"https:\/\/www.histoiresgalantes.fr\/blog\/wp-json\/wp\/v2\/categories?post=13876"},{"taxonomy":"post_tag","embeddable":true,"href":"https:\/\/www.histoiresgalantes.fr\/blog\/wp-json\/wp\/v2\/tags?post=13876"}],"curies":[{"name":"wp","href":"https:\/\/api.w.org\/{rel}","templated":true}]}}