{"id":14383,"date":"2020-01-23T21:05:27","date_gmt":"2020-01-23T20:05:27","guid":{"rendered":"http:\/\/www.histoiresgalantes.fr\/blog\/?p=14383"},"modified":"2020-01-27T16:58:06","modified_gmt":"2020-01-27T15:58:06","slug":"saint-livier-cephalophore-messin-par-callot","status":"publish","type":"post","link":"https:\/\/www.histoiresgalantes.fr\/blog\/2020\/01\/23\/saint-livier-cephalophore-messin-par-callot\/","title":{"rendered":"Saint-Livier, c\u00e9phalophore messin par Callot"},"content":{"rendered":"\n<p>(un c\u00e9phalophore est une personne d\u00e9capit\u00e9e qui se prom\u00e8ne en portant sa t\u00eate, comme \u00e7a l&#8217;air de rien)<br>Saint-Livier est le fils d&#8217;un puissant seigneur du Pays Messin \u00e0 l&#8217;\u00e9poque gallo-romaine.<br>Accompagnant son p\u00e8re dans la lutte contre les Huns, il est fnomm\u00e9 chef de l\u2019arm\u00e9e pour d\u00e9fendre en urgence la cit\u00e9 de Metz contre le barbare Attila en 451.<br>Fait prisonnier par les Huns et n&#8217;ayant pas voulu renier sa foi chr\u00e9tienne il est d\u00e9capit\u00e9 par les Deux (non c&#8217;est une blague), Saint-Livier ramasse alors sa t\u00eate coup\u00e9e, et (comme il ne sait pas quoi en faire) la d\u00e9pose \u00e0 un endroit o\u00f9 jaillit subitement une source.<br>Ce miracle aurait provoqu\u00e9 l&#8217;abandon du Haut de St-Jean par les Huns terrifi\u00e9s, on les comprend !<br>Les habitants de la vall\u00e9e de la Seille inhument ensuite Saint-Livier \u00e0 l&#8217;endroit du miracle, au nord de la C\u00f4te St-Jean (\u00e0 cot\u00e9 de Moyenvic (57) (\u00e0 ce moment l\u00e0 situ\u00e9e au pied de la voie romaine (actuellement le GR 5 \u00e0 cet endroit)).<br>Le lieu attire les fid\u00e8le en p\u00e8lerinage et une chapelle y est b\u00e2tie.<br>Les reliques du saint sont transf\u00e9r\u00e9es \u00e0 Metz au Xe si\u00e8cle&#8221; (source: escapade en Lorraine gallo-romaine) par l&#8217;\u00e9v\u00eaque Thierry 1er (964-984), dans l&#8217;\u00e9glise Saint-Polyeucte, qui prend son nom. Lorsque cette \u00e9glise fut d\u00e9saffect\u00e9e, ses reliques furent d\u00e9pos\u00e9es dans la basilique Saint-Vincent et \u00e0 la cath\u00e9drale. (Source: Dioc\u00e8se de Metz)<br>Gravure de Saint-Livier par le graveur lorrain Jacques Callot.<br>Article \u00a9PFD<br>(j&#8217;irai prochainement faire le &#8221; p\u00e9lerinage &#8221; pour vous montrer quelques photos.)<\/p>\n\n\n\n<figure class=\"wp-block-image\"><img loading=\"lazy\" decoding=\"async\" width=\"757\" height=\"1024\" src=\"https:\/\/www.histoiresgalantes.fr\/blog\/wp-content\/uploads\/2020\/01\/image_callot_jacques_saint_livier_ou_saint_livar_lieure_510_meaume2-757x1024.jpg\" alt=\"\" class=\"wp-image-14384\" srcset=\"https:\/\/www.histoiresgalantes.fr\/blog\/wp-content\/uploads\/2020\/01\/image_callot_jacques_saint_livier_ou_saint_livar_lieure_510_meaume2-757x1024.jpg 757w, https:\/\/www.histoiresgalantes.fr\/blog\/wp-content\/uploads\/2020\/01\/image_callot_jacques_saint_livier_ou_saint_livar_lieure_510_meaume2-222x300.jpg 222w, https:\/\/www.histoiresgalantes.fr\/blog\/wp-content\/uploads\/2020\/01\/image_callot_jacques_saint_livier_ou_saint_livar_lieure_510_meaume2-768x1039.jpg 768w, https:\/\/www.histoiresgalantes.fr\/blog\/wp-content\/uploads\/2020\/01\/image_callot_jacques_saint_livier_ou_saint_livar_lieure_510_meaume2.jpg 815w\" sizes=\"auto, (max-width: 757px) 100vw, 757px\" \/><\/figure>\n","protected":false},"excerpt":{"rendered":"<p>(un c\u00e9phalophore est une personne d\u00e9capit\u00e9e qui se prom\u00e8ne en portant sa t\u00eate, comme \u00e7a l&#8217;air de rien)Saint-Livier est le fils d&#8217;un puissant seigneur du Pays Messin \u00e0 l&#8217;\u00e9poque gallo-romaine.Accompagnant son p\u00e8re dans la lutte contre les Huns, il est fnomm\u00e9 chef de l\u2019arm\u00e9e pour d\u00e9fendre en urgence la cit\u00e9 de Metz contre le barbare [&hellip;]<\/p>\n","protected":false},"author":1,"featured_media":14386,"comment_status":"open","ping_status":"open","sticky":false,"template":"","format":"image","meta":{"om_disable_all_campaigns":false,"_monsterinsights_skip_tracking":false,"_monsterinsights_sitenote_active":false,"_monsterinsights_sitenote_note":"","_monsterinsights_sitenote_category":0,"_s2mail":"yes","footnotes":""},"categories":[55,90,24,56],"tags":[],"class_list":["post-14383","post","type-post","status-publish","format-image","has-post-thumbnail","hentry","category-graveurs","category-patrimoine-lorrain","category-peintres-dessinateurs","category-talents-et-artistes-exceptionnels","post_format-post-format-image"],"aioseo_notices":[],"_links":{"self":[{"href":"https:\/\/www.histoiresgalantes.fr\/blog\/wp-json\/wp\/v2\/posts\/14383","targetHints":{"allow":["GET"]}}],"collection":[{"href":"https:\/\/www.histoiresgalantes.fr\/blog\/wp-json\/wp\/v2\/posts"}],"about":[{"href":"https:\/\/www.histoiresgalantes.fr\/blog\/wp-json\/wp\/v2\/types\/post"}],"author":[{"embeddable":true,"href":"https:\/\/www.histoiresgalantes.fr\/blog\/wp-json\/wp\/v2\/users\/1"}],"replies":[{"embeddable":true,"href":"https:\/\/www.histoiresgalantes.fr\/blog\/wp-json\/wp\/v2\/comments?post=14383"}],"version-history":[{"count":2,"href":"https:\/\/www.histoiresgalantes.fr\/blog\/wp-json\/wp\/v2\/posts\/14383\/revisions"}],"predecessor-version":[{"id":14387,"href":"https:\/\/www.histoiresgalantes.fr\/blog\/wp-json\/wp\/v2\/posts\/14383\/revisions\/14387"}],"wp:featuredmedia":[{"embeddable":true,"href":"https:\/\/www.histoiresgalantes.fr\/blog\/wp-json\/wp\/v2\/media\/14386"}],"wp:attachment":[{"href":"https:\/\/www.histoiresgalantes.fr\/blog\/wp-json\/wp\/v2\/media?parent=14383"}],"wp:term":[{"taxonomy":"category","embeddable":true,"href":"https:\/\/www.histoiresgalantes.fr\/blog\/wp-json\/wp\/v2\/categories?post=14383"},{"taxonomy":"post_tag","embeddable":true,"href":"https:\/\/www.histoiresgalantes.fr\/blog\/wp-json\/wp\/v2\/tags?post=14383"}],"curies":[{"name":"wp","href":"https:\/\/api.w.org\/{rel}","templated":true}]}}