{"id":14612,"date":"2020-02-24T20:25:51","date_gmt":"2020-02-24T19:25:51","guid":{"rendered":"http:\/\/www.histoiresgalantes.fr\/blog\/?p=14612"},"modified":"2022-02-09T08:45:35","modified_gmt":"2022-02-09T07:45:35","slug":"appel-a-contribution-voltaire-et-le-pantheon","status":"publish","type":"post","link":"https:\/\/www.histoiresgalantes.fr\/blog\/2020\/02\/24\/appel-a-contribution-voltaire-et-le-pantheon\/","title":{"rendered":"Appel \u00e0 contribution :  \u00ab Voltaire et le Panth\u00e9on \u00bb"},"content":{"rendered":"\n<p><em>Pour le 20 mars 2020 &#8211; L\u2019enqu\u00eate, \u00abVoltaire et le Panth\u00e9on\u00bb, sera reconduite dans le num\u00e9ro 19 des Cahiers Voltaire \u00e0 para\u00eetre en octobre 2020.<\/em><br><a href=\"https:\/\/www.histoiresgalantes.fr\/blog\/2018\/10\/31\/speciale-haloween-la-momie-de-voltaire-quitte-paris-en-mode-express\/\">La mort de Voltaire \u00e0 lire ici <\/a>!<br><a href=\"https:\/\/www.fabula.org\/actualites\/cahiers-voltaire-voltaire-et-le-pantheon-l-enquete-voltaire-et-le-pantheon-sera-reconduite-dans-le_95534.php?fbclid=IwAR1Mt6v-wtTF1PuXYzUiDFlru35ZRBgdLCAArX4yom9YFRylfUp8L3qI3bs\">Information compl\u00e8te sur l&#8217;Enqu\u00eate sur fabula.org<\/a><br><br>Nous avons tous crois\u00e9 le sujet Panth\u00e9on. Tout chercheur ou lecteur ou amateur int\u00e9ress\u00e9 par l\u2019histoire posthume de Voltaire a r\u00e9fl\u00e9chi ou m\u00e9dit\u00e9 un jour sur cette\u00a0<em>panth\u00e9onisation<\/em> dont on interroge encore la signification et la port\u00e9e.<br>Mais on a pu \u00eatre surpris de constater, en y regardant\u00a0 de plus pr\u00e8s, qu\u2019il subsiste sur l\u2019\u00e9v\u00e9nement et sur ses suites des documents inexploit\u00e9s, oubli\u00e9s, perdus de vue, et que les faits \u00e9tablis peuvent \u00eatre alors reconsid\u00e9r\u00e9s \u00e0 partir de rapprochements impr\u00e9vus. C\u2019est le point de d\u00e9part d\u2019une proposition de recherche ouverte et participative de l\u2019\u00ab Enqu\u00eate \u00bb que nous avons initi\u00e9e dans les <em>Cahiers Voltaire<\/em>.<\/p>\n\n\n","protected":false},"excerpt":{"rendered":"<p>Pour le 20 mars 2020 &#8211; L\u2019enqu\u00eate, \u00abVoltaire et le Panth\u00e9on\u00bb, sera reconduite dans le num\u00e9ro 19 des Cahiers Voltaire \u00e0 para\u00eetre en octobre 2020.La mort de Voltaire \u00e0 lire ici !Information compl\u00e8te sur l&#8217;Enqu\u00eate sur fabula.org Nous avons tous crois\u00e9 le sujet Panth\u00e9on. Tout chercheur ou lecteur ou amateur int\u00e9ress\u00e9 par l\u2019histoire posthume de [&hellip;]<\/p>\n","protected":false},"author":1,"featured_media":14613,"comment_status":"open","ping_status":"open","sticky":false,"template":"","format":"image","meta":{"om_disable_all_campaigns":false,"_monsterinsights_skip_tracking":false,"_monsterinsights_sitenote_active":false,"_monsterinsights_sitenote_note":"","_monsterinsights_sitenote_category":0,"_s2mail":"yes","footnotes":""},"categories":[84,81,31,71],"tags":[],"class_list":["post-14612","post","type-post","status-publish","format-image","has-post-thumbnail","hentry","category-colloque","category-conference","category-voltaire","category-regne-de-stanislas","post_format-post-format-image"],"aioseo_notices":[],"_links":{"self":[{"href":"https:\/\/www.histoiresgalantes.fr\/blog\/wp-json\/wp\/v2\/posts\/14612","targetHints":{"allow":["GET"]}}],"collection":[{"href":"https:\/\/www.histoiresgalantes.fr\/blog\/wp-json\/wp\/v2\/posts"}],"about":[{"href":"https:\/\/www.histoiresgalantes.fr\/blog\/wp-json\/wp\/v2\/types\/post"}],"author":[{"embeddable":true,"href":"https:\/\/www.histoiresgalantes.fr\/blog\/wp-json\/wp\/v2\/users\/1"}],"replies":[{"embeddable":true,"href":"https:\/\/www.histoiresgalantes.fr\/blog\/wp-json\/wp\/v2\/comments?post=14612"}],"version-history":[{"count":2,"href":"https:\/\/www.histoiresgalantes.fr\/blog\/wp-json\/wp\/v2\/posts\/14612\/revisions"}],"predecessor-version":[{"id":20776,"href":"https:\/\/www.histoiresgalantes.fr\/blog\/wp-json\/wp\/v2\/posts\/14612\/revisions\/20776"}],"wp:featuredmedia":[{"embeddable":true,"href":"https:\/\/www.histoiresgalantes.fr\/blog\/wp-json\/wp\/v2\/media\/14613"}],"wp:attachment":[{"href":"https:\/\/www.histoiresgalantes.fr\/blog\/wp-json\/wp\/v2\/media?parent=14612"}],"wp:term":[{"taxonomy":"category","embeddable":true,"href":"https:\/\/www.histoiresgalantes.fr\/blog\/wp-json\/wp\/v2\/categories?post=14612"},{"taxonomy":"post_tag","embeddable":true,"href":"https:\/\/www.histoiresgalantes.fr\/blog\/wp-json\/wp\/v2\/tags?post=14612"}],"curies":[{"name":"wp","href":"https:\/\/api.w.org\/{rel}","templated":true}]}}