{"id":14819,"date":"2020-03-20T13:34:14","date_gmt":"2020-03-20T12:34:14","guid":{"rendered":"http:\/\/www.histoiresgalantes.fr\/blog\/?p=14819"},"modified":"2020-03-23T13:35:27","modified_gmt":"2020-03-23T12:35:27","slug":"voyage-autour-de-ma-chambre","status":"publish","type":"post","link":"https:\/\/www.histoiresgalantes.fr\/blog\/2020\/03\/20\/voyage-autour-de-ma-chambre\/","title":{"rendered":"Voyage autour de ma chambre"},"content":{"rendered":"\n<p>par M. Xavier de Maistre \/ Illustration : Chambre de Jean-Jacques Rousseau aux Charmettes \u00a9 Nicolas Tosi<br>[extrait]<br>Apr\u00e8s mon fauteuil, en marchant vers le nord, on d\u00e9couvre mon lit, qui est plac\u00e9 au fond de ma chambre, et qui forme la plus agr\u00e9able perspective. Il est situ\u00e9 de la mani\u00e8re la plus heureuse les premiers rayons du soleil viennent se jouer dans mes rideaux.\u2014 Je les vois, dans les beaux jours d&#8217;\u00e9t\u00e9, s&#8217;avancer le long de la muraille blanche, \u00e0 mesure que le soleil s&#8217;\u00e9l\u00e8ve; les ormes qui sont devant ma fen\u00eatre les divisent de mille mani\u00e8res et les font balancer sur mon lit, couleur de rose et blanc, qui r\u00e9pand de tous c\u00f4t\u00e9s une teinte charmante par leur r\u00e9flexion. &#8211; J&#8217;entends le gazouillement confus des hirondelles qui se sont empar\u00e9es du toit de la maison, et des autres oiseaux qui habitent les ormes; alors mille id\u00e9es riantes occupent mon esprit, et, dans l&#8217;univers entier, personne n&#8217;a un r\u00e9veil aussi agr\u00e9able, aussi paisible que le mien.<br>Phtotographies \u00a9 Nicolas Tosi pour Elle.fr<br>Les Charmettes<br><a rel=\"noreferrer noopener\" href=\"https:\/\/l.facebook.com\/l.php?u=https%3A%2F%2Fwww.elle.fr%2FDeco%2FArt-decoration%2FDecouvrez-les-Charmettes-la-maison-de-Jean-Jacques-Rousseau%3Ffbclid%3DIwAR22fNWjKQiPL36whxAMbWJcQoSecbgStDKEhgraBmYXz2-pXgJ1FIZSa8Y%23Decouvrez-les-Charmettes-la-maison-de-Jean-Jacques-Rousseau&amp;h=AT3jNE3idpEA910qRI81-srJTxYTlHRuUETT202QfTX0Hg-cyAx6AC_yfJa53Dww42gJ3BvjF-od8EM-mDM_xzxW4yx7x_ZpluuPGkcClzRDeZV-_KKIUNRjt3vslo_V8vACyb4y9hNbQWBD1zZGaHcG73qpWX0HStlc11W9EylEy0ClwCHJnzhPJvKHbpvGHiuqMQ3AVtE90X7nUGMm-eXJX73JA04A0Nau6eYZu_r319wCeeJs0ru7gT-HVeuHsHiMWt3E83IsAgfGSkqXWSu0oILRA_JZ4uVpBXZkplG29TzdamFa1zB_ObmtlDMHG9qnyPXh5_ps4QIg7N7pltXX1-8-SGFlykdybtavea4pT5Pqo3s2y6Ld1G60JqqGnlIEl-jhqrFhARaOlf46TiAg-yc9KHEXpkg9d-5CzFVnpwQYxq7RbTJZBOAVNcXEAMIbx984lI_0aBrRC-XAllIbCNozgeAI9PRHJ8882hMpS-Wp3ygLbpqSQap4-643gVmKegQXkBJryRNcM0bhdwnyn-eV2pl77PUuiKuLx1oupnS1IZqIpGHm6a5NdOCyCV1OTd-TbOeMxJWKMnqbvPx3H2CpzJSw84dq7HSHA1jOaP0LP6wegHCoPGcUed5jGJ4_5GlCSA\" target=\"_blank\">https:\/\/www.elle.fr\/\u2026\/Decouvrez-les-Charmettes-la-maison-de\u2026<\/a><br>C\u2019est aux Charmettes chez sa protectrice que Rousseau \u00e9crit son premier recueil, Le Verger de Madame la baronne de Warens, et qu\u2019il se livre \u00e0 l\u2019observation et \u00e0 la r\u00e9flexion du monde qui l&#8217;entoure.<\/p>\n\n\n\n<figure class=\"wp-block-image\"><img loading=\"lazy\" decoding=\"async\" width=\"638\" height=\"476\" src=\"https:\/\/www.histoiresgalantes.fr\/blog\/wp-content\/uploads\/2020\/03\/Decouvrez-les-Charmettes-la-maison-de-Jean-Jacques-Rousseau-3.jpg\" alt=\"\" class=\"wp-image-14822\" srcset=\"https:\/\/www.histoiresgalantes.fr\/blog\/wp-content\/uploads\/2020\/03\/Decouvrez-les-Charmettes-la-maison-de-Jean-Jacques-Rousseau-3.jpg 638w, https:\/\/www.histoiresgalantes.fr\/blog\/wp-content\/uploads\/2020\/03\/Decouvrez-les-Charmettes-la-maison-de-Jean-Jacques-Rousseau-3-300x224.jpg 300w\" sizes=\"auto, (max-width: 638px) 100vw, 638px\" \/><\/figure>\n\n\n\n<div class=\"wp-block-image\"><figure class=\"aligncenter\"><img loading=\"lazy\" decoding=\"async\" width=\"638\" height=\"476\" src=\"https:\/\/www.histoiresgalantes.fr\/blog\/wp-content\/uploads\/2020\/03\/Decouvrez-les-Charmettes-la-maison-de-Jean-Jacques-Rousseau-1.jpg\" alt=\"\" class=\"wp-image-14820\" srcset=\"https:\/\/www.histoiresgalantes.fr\/blog\/wp-content\/uploads\/2020\/03\/Decouvrez-les-Charmettes-la-maison-de-Jean-Jacques-Rousseau-1.jpg 638w, https:\/\/www.histoiresgalantes.fr\/blog\/wp-content\/uploads\/2020\/03\/Decouvrez-les-Charmettes-la-maison-de-Jean-Jacques-Rousseau-1-300x224.jpg 300w\" sizes=\"auto, (max-width: 638px) 100vw, 638px\" \/><\/figure><\/div>\n\n\n\n<figure class=\"wp-block-image\"><img loading=\"lazy\" decoding=\"async\" width=\"638\" height=\"476\" src=\"https:\/\/www.histoiresgalantes.fr\/blog\/wp-content\/uploads\/2020\/03\/Decouvrez-les-Charmettes-la-maison-de-Jean-Jacques-Rousseau-2.jpg\" alt=\"\" class=\"wp-image-14821\" srcset=\"https:\/\/www.histoiresgalantes.fr\/blog\/wp-content\/uploads\/2020\/03\/Decouvrez-les-Charmettes-la-maison-de-Jean-Jacques-Rousseau-2.jpg 638w, https:\/\/www.histoiresgalantes.fr\/blog\/wp-content\/uploads\/2020\/03\/Decouvrez-les-Charmettes-la-maison-de-Jean-Jacques-Rousseau-2-300x224.jpg 300w\" sizes=\"auto, (max-width: 638px) 100vw, 638px\" \/><\/figure>\n","protected":false},"excerpt":{"rendered":"<p>par M. Xavier de Maistre \/ Illustration : Chambre de Jean-Jacques Rousseau aux Charmettes \u00a9 Nicolas Tosi[extrait]Apr\u00e8s mon fauteuil, en marchant vers le nord, on d\u00e9couvre mon lit, qui est plac\u00e9 au fond de ma chambre, et qui forme la plus agr\u00e9able perspective. Il est situ\u00e9 de la mani\u00e8re la plus heureuse les premiers rayons [&hellip;]<\/p>\n","protected":false},"author":1,"featured_media":14823,"comment_status":"open","ping_status":"open","sticky":false,"template":"","format":"image","meta":{"om_disable_all_campaigns":false,"_monsterinsights_skip_tracking":false,"_monsterinsights_sitenote_active":false,"_monsterinsights_sitenote_note":"","_monsterinsights_sitenote_category":0,"_s2mail":"yes","footnotes":""},"categories":[32,83,75,41,70,52,17,93],"tags":[],"class_list":["post-14819","post","type-post","status-publish","format-image","has-post-thumbnail","hentry","category-sites-a-visiter","category-ecrivain-e-s","category-home-sweet-home","category-litterature","category-patrimoine","category-sauvegarde-du-patrimoine","category-portraits","category-philosophes","post_format-post-format-image"],"aioseo_notices":[],"_links":{"self":[{"href":"https:\/\/www.histoiresgalantes.fr\/blog\/wp-json\/wp\/v2\/posts\/14819","targetHints":{"allow":["GET"]}}],"collection":[{"href":"https:\/\/www.histoiresgalantes.fr\/blog\/wp-json\/wp\/v2\/posts"}],"about":[{"href":"https:\/\/www.histoiresgalantes.fr\/blog\/wp-json\/wp\/v2\/types\/post"}],"author":[{"embeddable":true,"href":"https:\/\/www.histoiresgalantes.fr\/blog\/wp-json\/wp\/v2\/users\/1"}],"replies":[{"embeddable":true,"href":"https:\/\/www.histoiresgalantes.fr\/blog\/wp-json\/wp\/v2\/comments?post=14819"}],"version-history":[{"count":2,"href":"https:\/\/www.histoiresgalantes.fr\/blog\/wp-json\/wp\/v2\/posts\/14819\/revisions"}],"predecessor-version":[{"id":14825,"href":"https:\/\/www.histoiresgalantes.fr\/blog\/wp-json\/wp\/v2\/posts\/14819\/revisions\/14825"}],"wp:featuredmedia":[{"embeddable":true,"href":"https:\/\/www.histoiresgalantes.fr\/blog\/wp-json\/wp\/v2\/media\/14823"}],"wp:attachment":[{"href":"https:\/\/www.histoiresgalantes.fr\/blog\/wp-json\/wp\/v2\/media?parent=14819"}],"wp:term":[{"taxonomy":"category","embeddable":true,"href":"https:\/\/www.histoiresgalantes.fr\/blog\/wp-json\/wp\/v2\/categories?post=14819"},{"taxonomy":"post_tag","embeddable":true,"href":"https:\/\/www.histoiresgalantes.fr\/blog\/wp-json\/wp\/v2\/tags?post=14819"}],"curies":[{"name":"wp","href":"https:\/\/api.w.org\/{rel}","templated":true}]}}