{"id":15470,"date":"2020-06-19T10:36:15","date_gmt":"2020-06-19T09:36:15","guid":{"rendered":"http:\/\/www.histoiresgalantes.fr\/blog\/?p=15470"},"modified":"2020-06-19T10:36:16","modified_gmt":"2020-06-19T09:36:16","slug":"trois-siecles-de-faiences-lunevilloises-de-1730-a-nos-jours-%e2%8e%a2chateau-de-luneville-commun-sud-%e2%8e%a2a-partir-de-1er-juillet","status":"publish","type":"post","link":"https:\/\/www.histoiresgalantes.fr\/blog\/2020\/06\/19\/trois-siecles-de-faiences-lunevilloises-de-1730-a-nos-jours-%e2%8e%a2chateau-de-luneville-commun-sud-%e2%8e%a2a-partir-de-1er-juillet\/","title":{"rendered":"Trois si\u00e8cles de fa\u00efences lun\u00e9villoises de 1730 \u00e0 nos jours \u23a2Ch\u00e2teau de Lun\u00e9ville (commun sud) \u23a2\u00e0 partir de 1er juillet"},"content":{"rendered":"\n<div class=\"wp-block-image\"><figure class=\"aligncenter\"><img loading=\"lazy\" decoding=\"async\" width=\"1000\" height=\"665\" src=\"https:\/\/www.histoiresgalantes.fr\/blog\/wp-content\/uploads\/2020\/06\/faience.gif\" alt=\"\" class=\"wp-image-15471\"\/><\/figure><\/div>\n","protected":false},"excerpt":{"rendered":"","protected":false},"author":1,"featured_media":0,"comment_status":"open","ping_status":"open","sticky":false,"template":"","format":"image","meta":{"om_disable_all_campaigns":false,"_monsterinsights_skip_tracking":false,"_monsterinsights_sitenote_active":false,"_monsterinsights_sitenote_note":"","_monsterinsights_sitenote_category":0,"_s2mail":"yes","footnotes":""},"categories":[32,29,59,90],"tags":[],"class_list":["post-15470","post","type-post","status-publish","format-image","hentry","category-sites-a-visiter","category-evenements","category-musee-xviiie","category-patrimoine-lorrain","post_format-post-format-image"],"aioseo_notices":[],"_links":{"self":[{"href":"https:\/\/www.histoiresgalantes.fr\/blog\/wp-json\/wp\/v2\/posts\/15470","targetHints":{"allow":["GET"]}}],"collection":[{"href":"https:\/\/www.histoiresgalantes.fr\/blog\/wp-json\/wp\/v2\/posts"}],"about":[{"href":"https:\/\/www.histoiresgalantes.fr\/blog\/wp-json\/wp\/v2\/types\/post"}],"author":[{"embeddable":true,"href":"https:\/\/www.histoiresgalantes.fr\/blog\/wp-json\/wp\/v2\/users\/1"}],"replies":[{"embeddable":true,"href":"https:\/\/www.histoiresgalantes.fr\/blog\/wp-json\/wp\/v2\/comments?post=15470"}],"version-history":[{"count":1,"href":"https:\/\/www.histoiresgalantes.fr\/blog\/wp-json\/wp\/v2\/posts\/15470\/revisions"}],"predecessor-version":[{"id":15472,"href":"https:\/\/www.histoiresgalantes.fr\/blog\/wp-json\/wp\/v2\/posts\/15470\/revisions\/15472"}],"wp:attachment":[{"href":"https:\/\/www.histoiresgalantes.fr\/blog\/wp-json\/wp\/v2\/media?parent=15470"}],"wp:term":[{"taxonomy":"category","embeddable":true,"href":"https:\/\/www.histoiresgalantes.fr\/blog\/wp-json\/wp\/v2\/categories?post=15470"},{"taxonomy":"post_tag","embeddable":true,"href":"https:\/\/www.histoiresgalantes.fr\/blog\/wp-json\/wp\/v2\/tags?post=15470"}],"curies":[{"name":"wp","href":"https:\/\/api.w.org\/{rel}","templated":true}]}}