{"id":16714,"date":"2020-11-20T17:11:03","date_gmt":"2020-11-20T16:11:03","guid":{"rendered":"http:\/\/www.histoiresgalantes.fr\/blog\/?p=16714"},"modified":"2020-12-10T11:13:09","modified_gmt":"2020-12-10T10:13:09","slug":"le-rouge-cest-chic","status":"publish","type":"post","link":"https:\/\/www.histoiresgalantes.fr\/blog\/2020\/11\/20\/le-rouge-cest-chic\/","title":{"rendered":"Le rouge ! C&#8217;est chic !"},"content":{"rendered":"\n<p>Le rouge est indispensable \u00e0 la cour de France, \u00e9tiquette oblige, plus il est vif et plus il est chic !<br>Les belle dames comme <strong><a href=\"https:\/\/www.histoiresgalantes.fr\/blog\/2018\/04\/14\/emilie-du-chatelet%e2%80%a8philosophe-des-lumieres-editions-le-pythagore\/\">Emilie du Ch\u00e2telet<\/a><\/strong><a href=\"https:\/\/www.histoiresgalantes.fr\/blog\/2018\/04\/14\/emilie-du-chatelet%e2%80%a8philosophe-des-lumieres-editions-le-pythagore\/\"> <\/a>s\u2019en tartinent all\u00e8grement apr\u00e8s avoir, au pr\u00e9alable, pos\u00e9 sur leur visage du \u00ab blanc \u00bb.<br>Le contraste est garanti !<br>Si cette mode rencontre un certain succ\u00e8s \u00e0 la ville aupr\u00e8s des femmes de la bonne soci\u00e9t\u00e9, de m\u00eame que le blanc, elles ne pouvaient se le permettre que discr\u00e8tement, et jamais avant le mariage.<br>Cependant, certaines dames de la cour tentent de s\u2019y soustraire, la reine <strong><a href=\"https:\/\/www.histoiresgalantes.fr\/blog\/2015\/06\/30\/la-future-reine-dormait-dans-une-mangeoire\/\">Marie Leczinska<\/a><\/strong> le d\u00e9teste, et <strong>la Dauphine <\/strong>ne veut point en mettre.<br>Tout le monde semble avoir une opinion sur le sujet, voici celle de <strong>M. le pr\u00e9sident de Montesquieu<\/strong> : \u00ab Je dis que le rouge, bien loin d\u2019\u00eatre une marque que les femmes songent plus \u00e0 leur beaut\u00e9, fait au contraire qu\u2019elles y songent moins. On ne saurait croire combien les femmes \u00e9taient occup\u00e9es de leur teint autrefois ; combien elles se regardaient au miroir ; quelles pr\u00e9cautions elles prenaient ; combien elles vivaient sous le masque, de peur du h\u00e2le. C\u2019est que, comme il y avait pour lors des teints, et que la beaut\u00e9 \u00e9tait en en propre, cela donnait de grandes distinctions et de grands avantages. Aujourd\u2019hui, tous les visages sont les m\u00eames. \u00bb (Cahiers, vol , p 538)<br>Illustration <strong>Emilie du Ch\u00e2telet en 3D \u00a9 PFD<\/strong><br>Article DR \u00a9 histoires galantes<\/p>\n\n\n\n<div class=\"wp-block-image\"><figure class=\"aligncenter\"><img loading=\"lazy\" decoding=\"async\" width=\"500\" height=\"330\" src=\"https:\/\/www.histoiresgalantes.fr\/blog\/wp-content\/uploads\/2020\/11\/emilie4.gif\" alt=\"\" class=\"wp-image-16721\"\/><\/figure><\/div>\n","protected":false},"excerpt":{"rendered":"<p>Le rouge est indispensable \u00e0 la cour de France, \u00e9tiquette oblige, plus il est vif et plus il est chic !Les belle dames comme Emilie du Ch\u00e2telet s\u2019en tartinent all\u00e8grement apr\u00e8s avoir, au pr\u00e9alable, pos\u00e9 sur leur visage du \u00ab blanc \u00bb.Le contraste est garanti !Si cette mode rencontre un certain succ\u00e8s \u00e0 la ville [&hellip;]<\/p>\n","protected":false},"author":1,"featured_media":16715,"comment_status":"open","ping_status":"open","sticky":false,"template":"","format":"image","meta":{"om_disable_all_campaigns":false,"_monsterinsights_skip_tracking":false,"_monsterinsights_sitenote_active":false,"_monsterinsights_sitenote_note":"","_monsterinsights_sitenote_category":0,"_s2mail":"yes","footnotes":""},"categories":[80,74,26,23,17],"tags":[],"class_list":["post-16714","post","type-post","status-publish","format-image","has-post-thumbnail","hentry","category-beaute","category-life-style-xviiie","category-mme-du-chatelet","category-mode","category-portraits","post_format-post-format-image"],"aioseo_notices":[],"_links":{"self":[{"href":"https:\/\/www.histoiresgalantes.fr\/blog\/wp-json\/wp\/v2\/posts\/16714","targetHints":{"allow":["GET"]}}],"collection":[{"href":"https:\/\/www.histoiresgalantes.fr\/blog\/wp-json\/wp\/v2\/posts"}],"about":[{"href":"https:\/\/www.histoiresgalantes.fr\/blog\/wp-json\/wp\/v2\/types\/post"}],"author":[{"embeddable":true,"href":"https:\/\/www.histoiresgalantes.fr\/blog\/wp-json\/wp\/v2\/users\/1"}],"replies":[{"embeddable":true,"href":"https:\/\/www.histoiresgalantes.fr\/blog\/wp-json\/wp\/v2\/comments?post=16714"}],"version-history":[{"count":9,"href":"https:\/\/www.histoiresgalantes.fr\/blog\/wp-json\/wp\/v2\/posts\/16714\/revisions"}],"predecessor-version":[{"id":16969,"href":"https:\/\/www.histoiresgalantes.fr\/blog\/wp-json\/wp\/v2\/posts\/16714\/revisions\/16969"}],"wp:featuredmedia":[{"embeddable":true,"href":"https:\/\/www.histoiresgalantes.fr\/blog\/wp-json\/wp\/v2\/media\/16715"}],"wp:attachment":[{"href":"https:\/\/www.histoiresgalantes.fr\/blog\/wp-json\/wp\/v2\/media?parent=16714"}],"wp:term":[{"taxonomy":"category","embeddable":true,"href":"https:\/\/www.histoiresgalantes.fr\/blog\/wp-json\/wp\/v2\/categories?post=16714"},{"taxonomy":"post_tag","embeddable":true,"href":"https:\/\/www.histoiresgalantes.fr\/blog\/wp-json\/wp\/v2\/tags?post=16714"}],"curies":[{"name":"wp","href":"https:\/\/api.w.org\/{rel}","templated":true}]}}