{"id":16764,"date":"2020-11-27T11:34:46","date_gmt":"2020-11-27T10:34:46","guid":{"rendered":"http:\/\/www.histoiresgalantes.fr\/blog\/?p=16764"},"modified":"2021-03-31T10:50:11","modified_gmt":"2021-03-31T09:50:11","slug":"catherine-de-saint-aubin-pastelliste","status":"publish","type":"post","link":"https:\/\/www.histoiresgalantes.fr\/blog\/2020\/11\/27\/catherine-de-saint-aubin-pastelliste\/","title":{"rendered":"Catherine de Saint-Aubin, pastelliste"},"content":{"rendered":"\n<p>[<strong><a href=\"https:\/\/www.histoiresgalantes.fr\/blog\/2020\/11\/22\/gabriel-de-saint-aubin-paris-boheme-et-premier-selfie\/\">Famille de Saint-Aubin<\/a><\/strong>, Catherine-Louise]<br>On ne sait pas grand chose de cette peintre pastelliste et tr\u00e8s peu de ses \u0153uvres sont connues aujourd\u2019hui. <br>N\u00e9e le 5 avril 1727 dans une famille d\u2019artistes, <strong>Catherine-Louise<\/strong> a probablement b\u00e9n\u00e9fici\u00e9 des cours de son p\u00e8re, ma\u00eetre brodeur, ou de ses <strong><a href=\"https:\/\/www.histoiresgalantes.fr\/blog\/2020\/11\/22\/gabriel-de-saint-aubin-paris-boheme-et-premier-selfie\/\">nombreux fr\u00e8res<\/a><\/strong> tous artistes.<br>Elle d\u00e9c\u00e8de \u00e0 Fontainebleau en 1805 \u00e2g\u00e9e de 78 ans.<br>Seulement quelques unes de ses \u0153uvres ont subsist\u00e9.<br>\u00a9 Catherine de Saint-Aubin 1761<br><br><a href=\"http:\/\/www.pastellists.com\/\">Neil Effares, Dictionary of pastellists before 1800<\/a><\/p>\n\n\n\n<div class=\"wp-block-image\"><figure class=\"aligncenter\"><img loading=\"lazy\" decoding=\"async\" width=\"357\" height=\"1024\" src=\"https:\/\/www.histoiresgalantes.fr\/blog\/wp-content\/uploads\/2020\/11\/pastels-357x1024.jpg\" alt=\"\" class=\"wp-image-16765\" srcset=\"https:\/\/www.histoiresgalantes.fr\/blog\/wp-content\/uploads\/2020\/11\/pastels-357x1024.jpg 357w, https:\/\/www.histoiresgalantes.fr\/blog\/wp-content\/uploads\/2020\/11\/pastels-105x300.jpg 105w, https:\/\/www.histoiresgalantes.fr\/blog\/wp-content\/uploads\/2020\/11\/pastels-768x2201.jpg 768w, https:\/\/www.histoiresgalantes.fr\/blog\/wp-content\/uploads\/2020\/11\/pastels.jpg 924w\" sizes=\"auto, (max-width: 357px) 100vw, 357px\" \/><\/figure><\/div>\n\n\n\n<div class=\"wp-block-image\"><figure class=\"aligncenter\"><img loading=\"lazy\" decoding=\"async\" width=\"648\" height=\"1024\" src=\"https:\/\/www.histoiresgalantes.fr\/blog\/wp-content\/uploads\/2020\/11\/pastels-Catherine-Saint-Aubin2-648x1024.jpg\" alt=\"\" class=\"wp-image-16766\" srcset=\"https:\/\/www.histoiresgalantes.fr\/blog\/wp-content\/uploads\/2020\/11\/pastels-Catherine-Saint-Aubin2-648x1024.jpg 648w, https:\/\/www.histoiresgalantes.fr\/blog\/wp-content\/uploads\/2020\/11\/pastels-Catherine-Saint-Aubin2-190x300.jpg 190w, https:\/\/www.histoiresgalantes.fr\/blog\/wp-content\/uploads\/2020\/11\/pastels-Catherine-Saint-Aubin2.jpg 758w\" sizes=\"auto, (max-width: 648px) 100vw, 648px\" \/><\/figure><\/div>\n","protected":false},"excerpt":{"rendered":"<p>[Famille de Saint-Aubin, Catherine-Louise]On ne sait pas grand chose de cette peintre pastelliste et tr\u00e8s peu de ses \u0153uvres sont connues aujourd\u2019hui. N\u00e9e le 5 avril 1727 dans une famille d\u2019artistes, Catherine-Louise a probablement b\u00e9n\u00e9fici\u00e9 des cours de son p\u00e8re, ma\u00eetre brodeur, ou de ses nombreux fr\u00e8res tous artistes.Elle d\u00e9c\u00e8de \u00e0 Fontainebleau en 1805 \u00e2g\u00e9e [&hellip;]<\/p>\n","protected":false},"author":1,"featured_media":16767,"comment_status":"open","ping_status":"open","sticky":false,"template":"","format":"image","meta":{"om_disable_all_campaigns":false,"_monsterinsights_skip_tracking":false,"_monsterinsights_sitenote_active":false,"_monsterinsights_sitenote_note":"","_monsterinsights_sitenote_category":0,"_s2mail":"yes","footnotes":""},"categories":[61,24],"tags":[],"class_list":["post-16764","post","type-post","status-publish","format-image","has-post-thumbnail","hentry","category-femmes-peintres","category-peintres-dessinateurs","post_format-post-format-image"],"aioseo_notices":[],"_links":{"self":[{"href":"https:\/\/www.histoiresgalantes.fr\/blog\/wp-json\/wp\/v2\/posts\/16764","targetHints":{"allow":["GET"]}}],"collection":[{"href":"https:\/\/www.histoiresgalantes.fr\/blog\/wp-json\/wp\/v2\/posts"}],"about":[{"href":"https:\/\/www.histoiresgalantes.fr\/blog\/wp-json\/wp\/v2\/types\/post"}],"author":[{"embeddable":true,"href":"https:\/\/www.histoiresgalantes.fr\/blog\/wp-json\/wp\/v2\/users\/1"}],"replies":[{"embeddable":true,"href":"https:\/\/www.histoiresgalantes.fr\/blog\/wp-json\/wp\/v2\/comments?post=16764"}],"version-history":[{"count":5,"href":"https:\/\/www.histoiresgalantes.fr\/blog\/wp-json\/wp\/v2\/posts\/16764\/revisions"}],"predecessor-version":[{"id":18126,"href":"https:\/\/www.histoiresgalantes.fr\/blog\/wp-json\/wp\/v2\/posts\/16764\/revisions\/18126"}],"wp:featuredmedia":[{"embeddable":true,"href":"https:\/\/www.histoiresgalantes.fr\/blog\/wp-json\/wp\/v2\/media\/16767"}],"wp:attachment":[{"href":"https:\/\/www.histoiresgalantes.fr\/blog\/wp-json\/wp\/v2\/media?parent=16764"}],"wp:term":[{"taxonomy":"category","embeddable":true,"href":"https:\/\/www.histoiresgalantes.fr\/blog\/wp-json\/wp\/v2\/categories?post=16764"},{"taxonomy":"post_tag","embeddable":true,"href":"https:\/\/www.histoiresgalantes.fr\/blog\/wp-json\/wp\/v2\/tags?post=16764"}],"curies":[{"name":"wp","href":"https:\/\/api.w.org\/{rel}","templated":true}]}}