{"id":168,"date":"2015-03-19T11:04:08","date_gmt":"2015-03-19T10:04:08","guid":{"rendered":"http:\/\/www.histoiresgalantes.fr\/blog\/?p=168"},"modified":"2015-08-20T21:14:32","modified_gmt":"2015-08-20T20:14:32","slug":"anna","status":"publish","type":"post","link":"https:\/\/www.histoiresgalantes.fr\/blog\/2015\/03\/19\/anna\/","title":{"rendered":"Anna"},"content":{"rendered":"<p><a href=\"https:\/\/www.histoiresgalantes.fr\/blog\/2015\/06\/26\/le-traite-du-prout\/\"><strong>Le roi Stanislas chass\u00e9 du tr\u00f4ne de Pologne en 1709<\/strong><\/a>, part en exil avec sa famille en 1711 \u00e0 la conclusion du trait\u00e9 du Prout, (\u00e7a ne s&#8217;invente pas), Charles XII lui conf\u00e8re alors la jouissance de sa principaut\u00e9 de Zweibr\u00fccken, (Deux-Ponts), \u00e0 la fronti\u00e8re de la Lorraine.<\/p>\n<p><strong>Anna Leszczy\u0144ska<\/strong> est la fille ain\u00e9e de Stanislas, et contrairement \u00e0 sa s\u0153ur <a href=\"https:\/\/www.histoiresgalantes.fr\/blog\/2015\/06\/30\/la-future-reine-dormait-dans-une-mangeoire\/\"><strong>Marie<\/strong><\/a> qui deviendra Reine de France, Anna connait un destin court et tragique. Elle d\u00e9c\u00e8de pendant cette p\u00e9riode d&#8217;exil \u00e0 Zweibr\u00fccken, elle n&#8217;a que 17 ans.<br \/>\nQualifi\u00e9e de belle et talentueuse par son p\u00e8re qui l&#8217;adore, elle meurt d&#8217;une pneumonie le 20 Juin 1717 et son d\u00e9c\u00e8s plonge la famille Leszczynski dans un grand d\u00e9sarroi.<br \/>\nElle est enterr\u00e9e dans l&#8217;\u00e9glise du <strong>monast\u00e8re Gr\u00e4finthal, <\/strong>un endroit tr\u00e8s appr\u00e9ci\u00e9 de la famille. Le monast\u00e8re est enti\u00e8rement d\u00e9truit apr\u00e8s le XVIIIe s. mais des fouilles arch\u00e9ologiques en 2006 dans les ruines de l&#8217;\u00e9glise r\u00e9v\u00e8lent la tombe d&#8217;une jeune femme de position sociale tr\u00e8s \u00e9lev\u00e9e.<\/p>\n<p>&nbsp;<\/p>\n<p><a href=\"https:\/\/www.histoiresgalantes.fr\/blog\/wp-content\/uploads\/2015\/05\/graefinthal_18jh.jpg\"><img loading=\"lazy\" decoding=\"async\" class=\"alignnone size-full wp-image-172\" src=\"https:\/\/www.histoiresgalantes.fr\/blog\/wp-content\/uploads\/2015\/05\/graefinthal_18jh.jpg\" alt=\"graefinthal_18jh\" width=\"1134\" height=\"418\" srcset=\"https:\/\/www.histoiresgalantes.fr\/blog\/wp-content\/uploads\/2015\/05\/graefinthal_18jh.jpg 1134w, https:\/\/www.histoiresgalantes.fr\/blog\/wp-content\/uploads\/2015\/05\/graefinthal_18jh-300x111.jpg 300w, https:\/\/www.histoiresgalantes.fr\/blog\/wp-content\/uploads\/2015\/05\/graefinthal_18jh-768x283.jpg 768w, https:\/\/www.histoiresgalantes.fr\/blog\/wp-content\/uploads\/2015\/05\/graefinthal_18jh-1024x377.jpg 1024w\" sizes=\"auto, (max-width: 1134px) 100vw, 1134px\" \/><\/a><\/p>\n<p>Article \u00a9 Pascale Fourtier Debert<br \/>\nAnna Leszczy\u0144ska\u00a9DR<br \/>\nIllustration monast\u00e8re Gr\u00e4finthal \/ Photographie Chapelle reconstruite sur les ruines de Gr\u00e4finthal\u00a9DR<\/p>\n","protected":false},"excerpt":{"rendered":"<p>Le roi Stanislas chass\u00e9 du tr\u00f4ne de Pologne en 1709, part en exil avec sa famille en 1711 \u00e0 la conclusion du trait\u00e9 du Prout, (\u00e7a ne s&#8217;invente pas), Charles XII lui conf\u00e8re alors la jouissance de sa principaut\u00e9 de Zweibr\u00fccken, (Deux-Ponts), \u00e0 la fronti\u00e8re de la Lorraine. Anna Leszczy\u0144ska est la fille ain\u00e9e de [&hellip;]<\/p>\n","protected":false},"author":1,"featured_media":169,"comment_status":"open","ping_status":"open","sticky":false,"template":"","format":"standard","meta":{"om_disable_all_campaigns":false,"_monsterinsights_skip_tracking":false,"_monsterinsights_sitenote_active":false,"_monsterinsights_sitenote_note":"","_monsterinsights_sitenote_category":0,"_s2mail":"yes","footnotes":""},"categories":[13,28,17],"tags":[],"class_list":["post-168","post","type-post","status-publish","format-standard","has-post-thumbnail","hentry","category-cour-de-stanislas","category-stanislas","category-portraits"],"aioseo_notices":[],"_links":{"self":[{"href":"https:\/\/www.histoiresgalantes.fr\/blog\/wp-json\/wp\/v2\/posts\/168","targetHints":{"allow":["GET"]}}],"collection":[{"href":"https:\/\/www.histoiresgalantes.fr\/blog\/wp-json\/wp\/v2\/posts"}],"about":[{"href":"https:\/\/www.histoiresgalantes.fr\/blog\/wp-json\/wp\/v2\/types\/post"}],"author":[{"embeddable":true,"href":"https:\/\/www.histoiresgalantes.fr\/blog\/wp-json\/wp\/v2\/users\/1"}],"replies":[{"embeddable":true,"href":"https:\/\/www.histoiresgalantes.fr\/blog\/wp-json\/wp\/v2\/comments?post=168"}],"version-history":[{"count":10,"href":"https:\/\/www.histoiresgalantes.fr\/blog\/wp-json\/wp\/v2\/posts\/168\/revisions"}],"predecessor-version":[{"id":2132,"href":"https:\/\/www.histoiresgalantes.fr\/blog\/wp-json\/wp\/v2\/posts\/168\/revisions\/2132"}],"wp:featuredmedia":[{"embeddable":true,"href":"https:\/\/www.histoiresgalantes.fr\/blog\/wp-json\/wp\/v2\/media\/169"}],"wp:attachment":[{"href":"https:\/\/www.histoiresgalantes.fr\/blog\/wp-json\/wp\/v2\/media?parent=168"}],"wp:term":[{"taxonomy":"category","embeddable":true,"href":"https:\/\/www.histoiresgalantes.fr\/blog\/wp-json\/wp\/v2\/categories?post=168"},{"taxonomy":"post_tag","embeddable":true,"href":"https:\/\/www.histoiresgalantes.fr\/blog\/wp-json\/wp\/v2\/tags?post=168"}],"curies":[{"name":"wp","href":"https:\/\/api.w.org\/{rel}","templated":true}]}}