{"id":16868,"date":"2020-12-13T15:13:51","date_gmt":"2020-12-13T14:13:51","guid":{"rendered":"http:\/\/www.histoiresgalantes.fr\/blog\/?p=16868"},"modified":"2020-12-06T15:23:54","modified_gmt":"2020-12-06T14:23:54","slug":"la-fille-de-diderot-est-a-la-pointe-de-la-mode","status":"publish","type":"post","link":"https:\/\/www.histoiresgalantes.fr\/blog\/2020\/12\/13\/la-fille-de-diderot-est-a-la-pointe-de-la-mode\/","title":{"rendered":"La fille de Diderot \u00e0 la pointe de la mode"},"content":{"rendered":"\n<p>Un incroyable chapeau, appel\u00e9 une \u00ab cal\u00e8che \u00bb fait son apparition vers 1769. Ang\u00e9lique Diderot (fille du Philosophe) en parle tr\u00e8s joliment a son p\u00e8re qui semble dubitatif. Diderot \u00e0 sa fille de 16 ans :<br> \u2014 Qu\u2019as-tu l\u00e0 sur la t\u00eate, qui te la rend grosse comme une citrouille ?<br> \u2014 C\u2019est une cal\u00e8che.<br> \u2014 Mais on ne saurait te voir au fond de cette cal\u00e8che, puisque cal\u00e8che il y a.<br> \u2014Tant mieux ! On n\u2019en est que plus regard\u00e9e ! [\u2026]<br> \u2014 [\u2026] croyez qu\u2019une cal\u00e8che a bien ses petits avantages. Les regards partent en \u00e9chappade, et puis l\u2019ampleur de cette machine rend les regards mignons.<br>Source \u00a9 La vie de Diderot par Andr\u00e9 Billy.<br><br><\/p>\n\n\n\n<div class=\"wp-block-image\"><figure class=\"aligncenter\"><img loading=\"lazy\" decoding=\"async\" width=\"474\" height=\"711\" src=\"https:\/\/www.histoiresgalantes.fr\/blog\/wp-content\/uploads\/2020\/12\/4052af87f41d05219018dcc21d28d7c3-et-costume-gallerie.jpg\" alt=\"\" class=\"wp-image-16873\" srcset=\"https:\/\/www.histoiresgalantes.fr\/blog\/wp-content\/uploads\/2020\/12\/4052af87f41d05219018dcc21d28d7c3-et-costume-gallerie.jpg 474w, https:\/\/www.histoiresgalantes.fr\/blog\/wp-content\/uploads\/2020\/12\/4052af87f41d05219018dcc21d28d7c3-et-costume-gallerie-200x300.jpg 200w\" sizes=\"auto, (max-width: 474px) 100vw, 474px\" \/><\/figure><\/div>\n\n\n\n<div class=\"wp-block-image\"><figure class=\"aligncenter\"><img loading=\"lazy\" decoding=\"async\" width=\"736\" height=\"1024\" src=\"https:\/\/www.histoiresgalantes.fr\/blog\/wp-content\/uploads\/2020\/12\/angelique-diderot-736x1024.jpg\" alt=\"\" class=\"wp-image-16875\" srcset=\"https:\/\/www.histoiresgalantes.fr\/blog\/wp-content\/uploads\/2020\/12\/angelique-diderot-736x1024.jpg 736w, https:\/\/www.histoiresgalantes.fr\/blog\/wp-content\/uploads\/2020\/12\/angelique-diderot-216x300.jpg 216w, https:\/\/www.histoiresgalantes.fr\/blog\/wp-content\/uploads\/2020\/12\/angelique-diderot-768x1068.jpg 768w, https:\/\/www.histoiresgalantes.fr\/blog\/wp-content\/uploads\/2020\/12\/angelique-diderot.jpg 773w\" sizes=\"auto, (max-width: 736px) 100vw, 736px\" \/><figcaption> Buste d\u2019Ang\u00e9lique Diderot, attribu\u00e9 \u00e0 Lemoyne, Jean-Baptiste II (Paris, 15\u201302\u20131704 &#8211; Paris, 24\u201305\u20131778), sculpteur \u00a9 Paris Mus\u00e9e<\/figcaption><\/figure><\/div>\n","protected":false},"excerpt":{"rendered":"<p>Un incroyable chapeau, appel\u00e9 une \u00ab cal\u00e8che \u00bb fait son apparition vers 1769. Ang\u00e9lique Diderot (fille du Philosophe) en parle tr\u00e8s joliment a son p\u00e8re qui semble dubitatif. Diderot \u00e0 sa fille de 16 ans : \u2014 Qu\u2019as-tu l\u00e0 sur la t\u00eate, qui te la rend grosse comme une citrouille ? \u2014 C\u2019est une cal\u00e8che. [&hellip;]<\/p>\n","protected":false},"author":1,"featured_media":16870,"comment_status":"open","ping_status":"open","sticky":false,"template":"","format":"image","meta":{"om_disable_all_campaigns":false,"_monsterinsights_skip_tracking":false,"_monsterinsights_sitenote_active":false,"_monsterinsights_sitenote_note":"","_monsterinsights_sitenote_category":0,"_s2mail":"yes","footnotes":""},"categories":[73,83,74,23,17,93],"tags":[],"class_list":["post-16868","post","type-post","status-publish","format-image","has-post-thumbnail","hentry","category-dress-code-xviiie","category-ecrivain-e-s","category-life-style-xviiie","category-mode","category-portraits","category-philosophes","post_format-post-format-image"],"aioseo_notices":[],"_links":{"self":[{"href":"https:\/\/www.histoiresgalantes.fr\/blog\/wp-json\/wp\/v2\/posts\/16868","targetHints":{"allow":["GET"]}}],"collection":[{"href":"https:\/\/www.histoiresgalantes.fr\/blog\/wp-json\/wp\/v2\/posts"}],"about":[{"href":"https:\/\/www.histoiresgalantes.fr\/blog\/wp-json\/wp\/v2\/types\/post"}],"author":[{"embeddable":true,"href":"https:\/\/www.histoiresgalantes.fr\/blog\/wp-json\/wp\/v2\/users\/1"}],"replies":[{"embeddable":true,"href":"https:\/\/www.histoiresgalantes.fr\/blog\/wp-json\/wp\/v2\/comments?post=16868"}],"version-history":[{"count":4,"href":"https:\/\/www.histoiresgalantes.fr\/blog\/wp-json\/wp\/v2\/posts\/16868\/revisions"}],"predecessor-version":[{"id":16877,"href":"https:\/\/www.histoiresgalantes.fr\/blog\/wp-json\/wp\/v2\/posts\/16868\/revisions\/16877"}],"wp:featuredmedia":[{"embeddable":true,"href":"https:\/\/www.histoiresgalantes.fr\/blog\/wp-json\/wp\/v2\/media\/16870"}],"wp:attachment":[{"href":"https:\/\/www.histoiresgalantes.fr\/blog\/wp-json\/wp\/v2\/media?parent=16868"}],"wp:term":[{"taxonomy":"category","embeddable":true,"href":"https:\/\/www.histoiresgalantes.fr\/blog\/wp-json\/wp\/v2\/categories?post=16868"},{"taxonomy":"post_tag","embeddable":true,"href":"https:\/\/www.histoiresgalantes.fr\/blog\/wp-json\/wp\/v2\/tags?post=16868"}],"curies":[{"name":"wp","href":"https:\/\/api.w.org\/{rel}","templated":true}]}}