{"id":17094,"date":"2020-12-27T13:16:17","date_gmt":"2020-12-27T12:16:17","guid":{"rendered":"http:\/\/www.histoiresgalantes.fr\/blog\/?p=17094"},"modified":"2020-12-29T17:42:25","modified_gmt":"2020-12-29T16:42:25","slug":"donner-la-vie","status":"publish","type":"post","link":"https:\/\/www.histoiresgalantes.fr\/blog\/2020\/12\/27\/donner-la-vie\/","title":{"rendered":"Andersen, ou l&#8217;art de &#8220;rendre vivant&#8221; !"},"content":{"rendered":"\n<p>A l\u2019occasion d\u2019un excellent reportage, disponible actuellement sur Arte \u00e0 <a href=\"https:\/\/www.arte.tv\/fr\/videos\/098378-000-A\/le-monde-enchante-d-andersen\/\"><strong>cette adresse, <\/strong><\/a>voici une collection virtuelle de collages et de papiers d\u00e9coup\u00e9s de <em>Hans Christian Andersen<\/em>&nbsp;(Odense, 2 avril 1805 &#8211; Copenhague, 4 ao\u00fbt 1875 ).<br>Les mini-sc\u00e8nes de l\u2019\u00e9crivain-po\u00e8te-artiste semblent \u00eatre toujours, et malgr\u00e9 le temps qui passe, anim\u00e9es de son g\u00e9nie cr\u00e9atif, ses personnages n&#8217;attendant qu\u2019un clignement d\u2019\u0153il pour s\u2019\u00e9chapper de leur cadre de papier.<br>Probablement \u00e0 l\u2019\u00e9troit dans une soci\u00e9t\u00e9 moralisante, finalement, et gr\u00e2ce \u00e0 son g\u00e9nie, Andersen aura pass\u00e9 sa vie, \u2026 \u00e0 donner la vie.<br>A voir aussi <a href=\"https:\/\/odensebysmuseer.dk\/samlinger\/h-c-andersen\/?period=all&amp;keyword=&amp;withImages=1\u00a4tPage=4\">Mus\u00e9e d&#8217;Odense<\/a><br>Article \u00a9PFD<\/p>\n\n\n\n<div class=\"wp-block-image\"><figure class=\"aligncenter\"><img loading=\"lazy\" decoding=\"async\" width=\"900\" height=\"947\" src=\"https:\/\/www.histoiresgalantes.fr\/blog\/wp-content\/uploads\/2020\/12\/moellemand.jpg\" alt=\"\" class=\"wp-image-17095\" srcset=\"https:\/\/www.histoiresgalantes.fr\/blog\/wp-content\/uploads\/2020\/12\/moellemand.jpg 900w, https:\/\/www.histoiresgalantes.fr\/blog\/wp-content\/uploads\/2020\/12\/moellemand-285x300.jpg 285w, https:\/\/www.histoiresgalantes.fr\/blog\/wp-content\/uploads\/2020\/12\/moellemand-768x808.jpg 768w\" sizes=\"auto, (max-width: 900px) 100vw, 900px\" \/><figcaption><br>Titre: M\u00f8llemand<br>Commentaire: A appartenu \u00e0 Mathilde \u00d8rsted, fille de H. C. \u00d8rsted. <br>\u00a9 La Biblioth\u00e8que royale<\/figcaption><\/figure><\/div>\n\n\n\n<figure class=\"wp-block-image\"><img loading=\"lazy\" decoding=\"async\" width=\"800\" height=\"1004\" src=\"https:\/\/www.histoiresgalantes.fr\/blog\/wp-content\/uploads\/2020\/12\/andersen3.jpg\" alt=\"\" class=\"wp-image-17111\" srcset=\"https:\/\/www.histoiresgalantes.fr\/blog\/wp-content\/uploads\/2020\/12\/andersen3.jpg 800w, https:\/\/www.histoiresgalantes.fr\/blog\/wp-content\/uploads\/2020\/12\/andersen3-239x300.jpg 239w, https:\/\/www.histoiresgalantes.fr\/blog\/wp-content\/uploads\/2020\/12\/andersen3-768x964.jpg 768w\" sizes=\"auto, (max-width: 800px) 100vw, 800px\" \/><\/figure>\n\n\n\n<div class=\"wp-block-image\"><figure class=\"aligncenter\"><img loading=\"lazy\" decoding=\"async\" width=\"447\" height=\"550\" src=\"https:\/\/www.histoiresgalantes.fr\/blog\/wp-content\/uploads\/2020\/12\/andersen11.jpg\" alt=\"\" class=\"wp-image-17112\" srcset=\"https:\/\/www.histoiresgalantes.fr\/blog\/wp-content\/uploads\/2020\/12\/andersen11.jpg 447w, https:\/\/www.histoiresgalantes.fr\/blog\/wp-content\/uploads\/2020\/12\/andersen11-244x300.jpg 244w\" sizes=\"auto, (max-width: 447px) 100vw, 447px\" \/><\/figure><\/div>\n\n\n\n<div class=\"wp-block-image\"><figure class=\"aligncenter\"><img loading=\"lazy\" decoding=\"async\" width=\"690\" height=\"596\" src=\"https:\/\/www.histoiresgalantes.fr\/blog\/wp-content\/uploads\/2020\/12\/andersen4.jpg\" alt=\"\" class=\"wp-image-17100\" srcset=\"https:\/\/www.histoiresgalantes.fr\/blog\/wp-content\/uploads\/2020\/12\/andersen4.jpg 690w, https:\/\/www.histoiresgalantes.fr\/blog\/wp-content\/uploads\/2020\/12\/andersen4-300x259.jpg 300w\" sizes=\"auto, (max-width: 690px) 100vw, 690px\" \/><\/figure><\/div>\n\n\n\n<div class=\"wp-block-image\"><figure class=\"aligncenter\"><img loading=\"lazy\" decoding=\"async\" width=\"830\" height=\"654\" src=\"https:\/\/www.histoiresgalantes.fr\/blog\/wp-content\/uploads\/2020\/12\/andersen2.jpg\" alt=\"\" class=\"wp-image-17099\" srcset=\"https:\/\/www.histoiresgalantes.fr\/blog\/wp-content\/uploads\/2020\/12\/andersen2.jpg 830w, https:\/\/www.histoiresgalantes.fr\/blog\/wp-content\/uploads\/2020\/12\/andersen2-300x236.jpg 300w, https:\/\/www.histoiresgalantes.fr\/blog\/wp-content\/uploads\/2020\/12\/andersen2-768x605.jpg 768w\" sizes=\"auto, (max-width: 830px) 100vw, 830px\" \/><\/figure><\/div>\n\n\n\n<div class=\"wp-block-image\"><figure class=\"aligncenter\"><img loading=\"lazy\" decoding=\"async\" width=\"900\" height=\"534\" src=\"https:\/\/www.histoiresgalantes.fr\/blog\/wp-content\/uploads\/2020\/12\/andersen1.jpg\" alt=\"\" class=\"wp-image-17098\" srcset=\"https:\/\/www.histoiresgalantes.fr\/blog\/wp-content\/uploads\/2020\/12\/andersen1.jpg 900w, https:\/\/www.histoiresgalantes.fr\/blog\/wp-content\/uploads\/2020\/12\/andersen1-300x178.jpg 300w, https:\/\/www.histoiresgalantes.fr\/blog\/wp-content\/uploads\/2020\/12\/andersen1-768x456.jpg 768w\" sizes=\"auto, (max-width: 900px) 100vw, 900px\" \/><\/figure><\/div>\n\n\n\n<div class=\"wp-block-image\"><figure class=\"aligncenter\"><img loading=\"lazy\" decoding=\"async\" width=\"900\" height=\"888\" src=\"https:\/\/www.histoiresgalantes.fr\/blog\/wp-content\/uploads\/2020\/12\/krans_med_maend_og_svaner.jpg\" alt=\"\" class=\"wp-image-17097\" srcset=\"https:\/\/www.histoiresgalantes.fr\/blog\/wp-content\/uploads\/2020\/12\/krans_med_maend_og_svaner.jpg 900w, https:\/\/www.histoiresgalantes.fr\/blog\/wp-content\/uploads\/2020\/12\/krans_med_maend_og_svaner-300x296.jpg 300w, https:\/\/www.histoiresgalantes.fr\/blog\/wp-content\/uploads\/2020\/12\/krans_med_maend_og_svaner-768x758.jpg 768w\" sizes=\"auto, (max-width: 900px) 100vw, 900px\" \/><figcaption>Titre: Couronne d&#8217;hommes et de cygnes <br>\u00a9 La biblioth\u00e8que royale<\/figcaption><\/figure><\/div>\n\n\n\n<div class=\"wp-block-image\"><figure class=\"aligncenter\"><img loading=\"lazy\" decoding=\"async\" width=\"900\" height=\"920\" src=\"https:\/\/www.histoiresgalantes.fr\/blog\/wp-content\/uploads\/2020\/12\/andersen9.jpg\" alt=\"\" class=\"wp-image-17102\" srcset=\"https:\/\/www.histoiresgalantes.fr\/blog\/wp-content\/uploads\/2020\/12\/andersen9.jpg 900w, https:\/\/www.histoiresgalantes.fr\/blog\/wp-content\/uploads\/2020\/12\/andersen9-293x300.jpg 293w, https:\/\/www.histoiresgalantes.fr\/blog\/wp-content\/uploads\/2020\/12\/andersen9-768x785.jpg 768w\" sizes=\"auto, (max-width: 900px) 100vw, 900px\" \/><\/figure><\/div>\n\n\n\n<div class=\"wp-block-image\"><figure class=\"aligncenter\"><img loading=\"lazy\" decoding=\"async\" width=\"900\" height=\"587\" src=\"https:\/\/www.histoiresgalantes.fr\/blog\/wp-content\/uploads\/2020\/12\/danserinder_under_traeer.jpg\" alt=\"\" class=\"wp-image-17096\" srcset=\"https:\/\/www.histoiresgalantes.fr\/blog\/wp-content\/uploads\/2020\/12\/danserinder_under_traeer.jpg 900w, https:\/\/www.histoiresgalantes.fr\/blog\/wp-content\/uploads\/2020\/12\/danserinder_under_traeer-300x196.jpg 300w, https:\/\/www.histoiresgalantes.fr\/blog\/wp-content\/uploads\/2020\/12\/danserinder_under_traeer-768x501.jpg 768w\" sizes=\"auto, (max-width: 900px) 100vw, 900px\" \/><figcaption><br>Titre: Danseurs sous les arbres<br>Commentaire : Coupe d&#8217;Axel L\u00e6ss\u00f8e en 1866. <br>\u00a9 La biblioth\u00e8que royale <\/figcaption><\/figure><\/div>\n\n\n\n<div class=\"wp-block-image\"><figure class=\"aligncenter\"><img loading=\"lazy\" decoding=\"async\" width=\"691\" height=\"1024\" src=\"https:\/\/www.histoiresgalantes.fr\/blog\/wp-content\/uploads\/2020\/12\/andersen10-691x1024.jpg\" alt=\"\" class=\"wp-image-17103\" srcset=\"https:\/\/www.histoiresgalantes.fr\/blog\/wp-content\/uploads\/2020\/12\/andersen10-691x1024.jpg 691w, https:\/\/www.histoiresgalantes.fr\/blog\/wp-content\/uploads\/2020\/12\/andersen10-203x300.jpg 203w, https:\/\/www.histoiresgalantes.fr\/blog\/wp-content\/uploads\/2020\/12\/andersen10-768x1137.jpg 768w, https:\/\/www.histoiresgalantes.fr\/blog\/wp-content\/uploads\/2020\/12\/andersen10.jpg 900w\" sizes=\"auto, (max-width: 691px) 100vw, 691px\" \/><figcaption>Profil d&#8217; <em>Hans Christian Andersen<\/em><\/figcaption><\/figure><\/div>\n","protected":false},"excerpt":{"rendered":"<p>A l\u2019occasion d\u2019un excellent reportage, disponible actuellement sur Arte \u00e0 cette adresse, voici une collection virtuelle de collages et de papiers d\u00e9coup\u00e9s de Hans Christian Andersen&nbsp;(Odense, 2 avril 1805 &#8211; Copenhague, 4 ao\u00fbt 1875 ).Les mini-sc\u00e8nes de l\u2019\u00e9crivain-po\u00e8te-artiste semblent \u00eatre toujours, et malgr\u00e9 le temps qui passe, anim\u00e9es de son g\u00e9nie cr\u00e9atif, ses personnages n&#8217;attendant [&hellip;]<\/p>\n","protected":false},"author":1,"featured_media":17105,"comment_status":"open","ping_status":"open","sticky":false,"template":"","format":"image","meta":{"om_disable_all_campaigns":false,"_monsterinsights_skip_tracking":false,"_monsterinsights_sitenote_active":false,"_monsterinsights_sitenote_note":"","_monsterinsights_sitenote_category":0,"_s2mail":"yes","footnotes":""},"categories":[83,41,24,87],"tags":[],"class_list":["post-17094","post","type-post","status-publish","format-image","has-post-thumbnail","hentry","category-ecrivain-e-s","category-litterature","category-peintres-dessinateurs","category-sublime","post_format-post-format-image"],"aioseo_notices":[],"_links":{"self":[{"href":"https:\/\/www.histoiresgalantes.fr\/blog\/wp-json\/wp\/v2\/posts\/17094","targetHints":{"allow":["GET"]}}],"collection":[{"href":"https:\/\/www.histoiresgalantes.fr\/blog\/wp-json\/wp\/v2\/posts"}],"about":[{"href":"https:\/\/www.histoiresgalantes.fr\/blog\/wp-json\/wp\/v2\/types\/post"}],"author":[{"embeddable":true,"href":"https:\/\/www.histoiresgalantes.fr\/blog\/wp-json\/wp\/v2\/users\/1"}],"replies":[{"embeddable":true,"href":"https:\/\/www.histoiresgalantes.fr\/blog\/wp-json\/wp\/v2\/comments?post=17094"}],"version-history":[{"count":20,"href":"https:\/\/www.histoiresgalantes.fr\/blog\/wp-json\/wp\/v2\/posts\/17094\/revisions"}],"predecessor-version":[{"id":17151,"href":"https:\/\/www.histoiresgalantes.fr\/blog\/wp-json\/wp\/v2\/posts\/17094\/revisions\/17151"}],"wp:featuredmedia":[{"embeddable":true,"href":"https:\/\/www.histoiresgalantes.fr\/blog\/wp-json\/wp\/v2\/media\/17105"}],"wp:attachment":[{"href":"https:\/\/www.histoiresgalantes.fr\/blog\/wp-json\/wp\/v2\/media?parent=17094"}],"wp:term":[{"taxonomy":"category","embeddable":true,"href":"https:\/\/www.histoiresgalantes.fr\/blog\/wp-json\/wp\/v2\/categories?post=17094"},{"taxonomy":"post_tag","embeddable":true,"href":"https:\/\/www.histoiresgalantes.fr\/blog\/wp-json\/wp\/v2\/tags?post=17094"}],"curies":[{"name":"wp","href":"https:\/\/api.w.org\/{rel}","templated":true}]}}