{"id":17309,"date":"2021-01-21T18:08:19","date_gmt":"2021-01-21T17:08:19","guid":{"rendered":"http:\/\/www.histoiresgalantes.fr\/blog\/?p=17309"},"modified":"2021-01-23T16:45:33","modified_gmt":"2021-01-23T15:45:33","slug":"esprit-es-tu-la","status":"publish","type":"post","link":"https:\/\/www.histoiresgalantes.fr\/blog\/2021\/01\/21\/esprit-es-tu-la\/","title":{"rendered":"Esprit, es-tu l\u00e0 ?"},"content":{"rendered":"\n<p>Etonnant ! L&#8217;ancien logement de Diderot se situait \u00e0 quelques m\u00e8tres du caf\u00e9 de Flore !<br>48\u00b051&#8217;13.6&#8243;N 2\u00b019&#8217;57.4&#8243;E<br><\/p>\n\n\n\n<p>L\u2019esprit du premier \u00ab <strong>bourgeois boh\u00e8me<\/strong> \u00bb soufflerait-il encore sur ce lieu embl\u00e9matique, ancien repaire de litt\u00e9rateurs, et actuel lieu de rdv des bobos d\u00e9jant\u00e9s ?<\/p>\n\n\n\n<p>Le philosophe habitait, de 1754 \u00e0 1784, une maison situ\u00e9e dans un angle du <strong>carrefour Saint-Benoit<\/strong> \u00e0 Paris, vis-\u00e0-vis la <strong>rue Saint-Beno\u00eet<\/strong>, soit au n\u00b0 1 de la <strong>rue Taranne<\/strong> correspondant aussi au 38 <strong>rue de l\u2019Egou<\/strong>t (rues d\u00e9truites par le percement du boulevard Saint-Germain).<br>Il en occupe le 4e \u00e9tage, et le 5e \u00e9tage sous comble qu\u2019il appelle \u00ab sa boutique philosophique \u00bb.<br>C\u2019est dans son grenier c\u00e9l\u00e8bre qu\u2019il rassemble la fameuse biblioth\u00e8que lui servant \u00e0 mener \u00e0 bien sa fabuleuse entreprise : l\u2019Encyclop\u00e9die.<br>Il y travaille pendant 25 ans, jour et nuit, et y re\u00e7oit toutes les personnalit\u00e9s de l\u2019\u00e9poque, lorsqu\u2019il n\u2019est pas invit\u00e9 dans les ch\u00e2teaux de plaisance de ses amis.<br>Son immeuble, malheureusement d\u00e9truit par le percement du Bd Saint-Germain, se situait donc \u00e0 quelques m\u00e8tres de l\u2019emplacement du caf\u00e9 de Flore. Lui qui adorait les caf\u00e9s. Etonnant, non ?<\/p>\n\n\n\n<p>Quant \u00e0 Jean-Paul Sartre, il se trouve au Flore, comme chez lui : <em>\u00ab Nous nous y install\u00e2mes compl\u00e8tement : de neuf heures du matin \u00e0 midi, nous y travaillions, nous allions d\u00e9jeuner, \u00e0 deux heures nous y revenions et nous causions alors avec des amis que nous rencontrions jusqu&#8217;\u00e0 huit heures. Apr\u00e8s d\u00eener, nous recevions les gens \u00e0 qui nous avions donn\u00e9 rendez-vous. Cela peut vous sembler bizarre, mais nous \u00e9tions au Flore chez nous. \u00bb<\/em><br>Article \u00a9 DR PFDebert 2021<\/p>\n\n\n\n<p>Photo de couverture \u00a9 Marville, Charles (Charles-Fran\u00e7ois Bossu, dit) Paris Mus\u00e9e, Mus\u00e9e Carnavalet, Histoire de Paris<br>Carrefour Saint-Benoit<br>La rue Taranne droit devant avec au loin la rue des Saint-p\u00e8res<br>A gauche la rue de l&#8217;Egout (maison de Diderot dans l&#8217;angle)<br>La rue Saint-Benoit \u00e0 droite <br><\/p>\n\n\n\n<figure class=\"wp-block-image\"><img loading=\"lazy\" decoding=\"async\" width=\"990\" height=\"691\" src=\"https:\/\/www.histoiresgalantes.fr\/blog\/wp-content\/uploads\/2021\/01\/carrefour-saint-benoit.jpg\" alt=\"\" class=\"wp-image-17318\" srcset=\"https:\/\/www.histoiresgalantes.fr\/blog\/wp-content\/uploads\/2021\/01\/carrefour-saint-benoit.jpg 990w, https:\/\/www.histoiresgalantes.fr\/blog\/wp-content\/uploads\/2021\/01\/carrefour-saint-benoit-300x209.jpg 300w, https:\/\/www.histoiresgalantes.fr\/blog\/wp-content\/uploads\/2021\/01\/carrefour-saint-benoit-768x536.jpg 768w\" sizes=\"auto, (max-width: 990px) 100vw, 990px\" \/><figcaption>Carrefour Saint-Benoit<br>Maison de Diderot dans l&#8217;angle \u00e0 droite<\/figcaption><\/figure>\n\n\n\n<figure class=\"wp-block-image\"><img loading=\"lazy\" decoding=\"async\" width=\"1024\" height=\"533\" src=\"https:\/\/www.histoiresgalantes.fr\/blog\/wp-content\/uploads\/2021\/01\/plan-turgot-rue-taranne-1024x533.jpg\" alt=\"\" class=\"wp-image-17311\" srcset=\"https:\/\/www.histoiresgalantes.fr\/blog\/wp-content\/uploads\/2021\/01\/plan-turgot-rue-taranne-1024x533.jpg 1024w, https:\/\/www.histoiresgalantes.fr\/blog\/wp-content\/uploads\/2021\/01\/plan-turgot-rue-taranne-300x156.jpg 300w, https:\/\/www.histoiresgalantes.fr\/blog\/wp-content\/uploads\/2021\/01\/plan-turgot-rue-taranne-768x400.jpg 768w, https:\/\/www.histoiresgalantes.fr\/blog\/wp-content\/uploads\/2021\/01\/plan-turgot-rue-taranne.jpg 1873w\" sizes=\"auto, (max-width: 1024px) 100vw, 1024px\" \/><figcaption>Extrait du plan de Paris dit de &#8220;Turgot&#8221;<\/figcaption><\/figure>\n\n\n\n<figure class=\"wp-block-image\"><img loading=\"lazy\" decoding=\"async\" width=\"1024\" height=\"578\" src=\"https:\/\/www.histoiresgalantes.fr\/blog\/wp-content\/uploads\/2021\/01\/angle-rue-de-legout-rue-taranne-1024x578.jpg\" alt=\"\" class=\"wp-image-17312\" srcset=\"https:\/\/www.histoiresgalantes.fr\/blog\/wp-content\/uploads\/2021\/01\/angle-rue-de-legout-rue-taranne-1024x578.jpg 1024w, https:\/\/www.histoiresgalantes.fr\/blog\/wp-content\/uploads\/2021\/01\/angle-rue-de-legout-rue-taranne-300x169.jpg 300w, https:\/\/www.histoiresgalantes.fr\/blog\/wp-content\/uploads\/2021\/01\/angle-rue-de-legout-rue-taranne-768x434.jpg 768w, https:\/\/www.histoiresgalantes.fr\/blog\/wp-content\/uploads\/2021\/01\/angle-rue-de-legout-rue-taranne.jpg 1712w\" sizes=\"auto, (max-width: 1024px) 100vw, 1024px\" \/><figcaption>Plan cadastral de la ville de Paris avant 1860<br>Maison de Diderot \u00e0 l&#8217;angle au n\u00b038 rue de l&#8217;Egout et au n\u00b01 rue Taranne<\/figcaption><\/figure>\n\n\n\n<figure class=\"wp-block-image\"><img loading=\"lazy\" decoding=\"async\" width=\"1024\" height=\"815\" src=\"https:\/\/www.histoiresgalantes.fr\/blog\/wp-content\/uploads\/2021\/01\/detail-bains-taranne-1024x815.jpg\" alt=\"\" class=\"wp-image-17313\" srcset=\"https:\/\/www.histoiresgalantes.fr\/blog\/wp-content\/uploads\/2021\/01\/detail-bains-taranne-1024x815.jpg 1024w, https:\/\/www.histoiresgalantes.fr\/blog\/wp-content\/uploads\/2021\/01\/detail-bains-taranne-300x239.jpg 300w, https:\/\/www.histoiresgalantes.fr\/blog\/wp-content\/uploads\/2021\/01\/detail-bains-taranne-768x612.jpg 768w, https:\/\/www.histoiresgalantes.fr\/blog\/wp-content\/uploads\/2021\/01\/detail-bains-taranne.jpg 1080w\" sizes=\"auto, (max-width: 1024px) 100vw, 1024px\" \/><figcaption>D\u00e9tail des Bains de la rue Taranne, d\u00e9molie en 1873,<br>dessin de Leon Leymonnerye , avril 1854<br><br><\/figcaption><\/figure>\n\n\n\n<figure class=\"wp-block-image\"><img loading=\"lazy\" decoding=\"async\" width=\"537\" height=\"600\" src=\"https:\/\/www.histoiresgalantes.fr\/blog\/wp-content\/uploads\/2021\/01\/rue-de-legout_s.jpg\" alt=\"\" class=\"wp-image-17316\" srcset=\"https:\/\/www.histoiresgalantes.fr\/blog\/wp-content\/uploads\/2021\/01\/rue-de-legout_s.jpg 537w, https:\/\/www.histoiresgalantes.fr\/blog\/wp-content\/uploads\/2021\/01\/rue-de-legout_s-269x300.jpg 269w\" sizes=\"auto, (max-width: 537px) 100vw, 537px\" \/><figcaption>Rue de l&#8217;Egout<\/figcaption><\/figure>\n\n\n\n<figure class=\"wp-block-image\"><img loading=\"lazy\" decoding=\"async\" width=\"1024\" height=\"549\" src=\"https:\/\/www.histoiresgalantes.fr\/blog\/wp-content\/uploads\/2021\/01\/flore-amelie-nothomb-1024x549.jpg\" alt=\"\" class=\"wp-image-17315\" srcset=\"https:\/\/www.histoiresgalantes.fr\/blog\/wp-content\/uploads\/2021\/01\/flore-amelie-nothomb-1024x549.jpg 1024w, https:\/\/www.histoiresgalantes.fr\/blog\/wp-content\/uploads\/2021\/01\/flore-amelie-nothomb-300x161.jpg 300w, https:\/\/www.histoiresgalantes.fr\/blog\/wp-content\/uploads\/2021\/01\/flore-amelie-nothomb-768x411.jpg 768w, https:\/\/www.histoiresgalantes.fr\/blog\/wp-content\/uploads\/2021\/01\/flore-amelie-nothomb.jpg 1749w\" sizes=\"auto, (max-width: 1024px) 100vw, 1024px\" \/><figcaption>Caf\u00e9 de Flore, Am\u00e9lie Nothomb, 1994<\/figcaption><\/figure>\n\n\n\n<figure class=\"wp-block-image\"><img loading=\"lazy\" decoding=\"async\" width=\"1024\" height=\"676\" src=\"https:\/\/www.histoiresgalantes.fr\/blog\/wp-content\/uploads\/2021\/01\/cafe\u0301deflore1900-1024x676.jpg\" alt=\"\" class=\"wp-image-17317\" srcset=\"https:\/\/www.histoiresgalantes.fr\/blog\/wp-content\/uploads\/2021\/01\/cafe\u0301deflore1900-1024x676.jpg 1024w, https:\/\/www.histoiresgalantes.fr\/blog\/wp-content\/uploads\/2021\/01\/cafe\u0301deflore1900-300x198.jpg 300w, https:\/\/www.histoiresgalantes.fr\/blog\/wp-content\/uploads\/2021\/01\/cafe\u0301deflore1900-768x507.jpg 768w, https:\/\/www.histoiresgalantes.fr\/blog\/wp-content\/uploads\/2021\/01\/cafe\u0301deflore1900.jpg 1212w\" sizes=\"auto, (max-width: 1024px) 100vw, 1024px\" \/><figcaption>Caf\u00e9 de Floree, 1900<\/figcaption><\/figure>\n","protected":false},"excerpt":{"rendered":"<p>Etonnant ! L&#8217;ancien logement de Diderot se situait \u00e0 quelques m\u00e8tres du caf\u00e9 de Flore !48\u00b051&#8217;13.6&#8243;N 2\u00b019&#8217;57.4&#8243;E L\u2019esprit du premier \u00ab bourgeois boh\u00e8me \u00bb soufflerait-il encore sur ce lieu embl\u00e9matique, ancien repaire de litt\u00e9rateurs, et actuel lieu de rdv des bobos d\u00e9jant\u00e9s ? Le philosophe habitait, de 1754 \u00e0 1784, une maison situ\u00e9e dans un [&hellip;]<\/p>\n","protected":false},"author":1,"featured_media":17310,"comment_status":"open","ping_status":"open","sticky":false,"template":"","format":"image","meta":{"om_disable_all_campaigns":false,"_monsterinsights_skip_tracking":false,"_monsterinsights_sitenote_active":false,"_monsterinsights_sitenote_note":"","_monsterinsights_sitenote_category":0,"_s2mail":"yes","footnotes":""},"categories":[32,83,41,17,93],"tags":[],"class_list":["post-17309","post","type-post","status-publish","format-image","has-post-thumbnail","hentry","category-sites-a-visiter","category-ecrivain-e-s","category-litterature","category-portraits","category-philosophes","post_format-post-format-image"],"aioseo_notices":[],"_links":{"self":[{"href":"https:\/\/www.histoiresgalantes.fr\/blog\/wp-json\/wp\/v2\/posts\/17309","targetHints":{"allow":["GET"]}}],"collection":[{"href":"https:\/\/www.histoiresgalantes.fr\/blog\/wp-json\/wp\/v2\/posts"}],"about":[{"href":"https:\/\/www.histoiresgalantes.fr\/blog\/wp-json\/wp\/v2\/types\/post"}],"author":[{"embeddable":true,"href":"https:\/\/www.histoiresgalantes.fr\/blog\/wp-json\/wp\/v2\/users\/1"}],"replies":[{"embeddable":true,"href":"https:\/\/www.histoiresgalantes.fr\/blog\/wp-json\/wp\/v2\/comments?post=17309"}],"version-history":[{"count":11,"href":"https:\/\/www.histoiresgalantes.fr\/blog\/wp-json\/wp\/v2\/posts\/17309\/revisions"}],"predecessor-version":[{"id":17338,"href":"https:\/\/www.histoiresgalantes.fr\/blog\/wp-json\/wp\/v2\/posts\/17309\/revisions\/17338"}],"wp:featuredmedia":[{"embeddable":true,"href":"https:\/\/www.histoiresgalantes.fr\/blog\/wp-json\/wp\/v2\/media\/17310"}],"wp:attachment":[{"href":"https:\/\/www.histoiresgalantes.fr\/blog\/wp-json\/wp\/v2\/media?parent=17309"}],"wp:term":[{"taxonomy":"category","embeddable":true,"href":"https:\/\/www.histoiresgalantes.fr\/blog\/wp-json\/wp\/v2\/categories?post=17309"},{"taxonomy":"post_tag","embeddable":true,"href":"https:\/\/www.histoiresgalantes.fr\/blog\/wp-json\/wp\/v2\/tags?post=17309"}],"curies":[{"name":"wp","href":"https:\/\/api.w.org\/{rel}","templated":true}]}}