{"id":1744,"date":"2015-07-02T07:18:49","date_gmt":"2015-07-02T06:18:49","guid":{"rendered":"http:\/\/www.histoiresgalantes.fr\/blog\/?p=1744"},"modified":"2018-02-21T09:57:08","modified_gmt":"2018-02-21T08:57:08","slug":"berain-genial-dessinateur-lorrain-expo-chantilly","status":"publish","type":"post","link":"https:\/\/www.histoiresgalantes.fr\/blog\/2015\/07\/02\/berain-genial-dessinateur-lorrain-expo-chantilly\/","title":{"rendered":"B\u00e9rain et Bellange, g\u00e9niaux dessinateurs lorrains !"},"content":{"rendered":"<p>Le plus c\u00e9l\u00e8bre des peintres d\u00e9corateur de th\u00e9\u00e2tre sous Louis XIV est n\u00e9 \u00e0 <strong>Saint-Mihiel<\/strong> en 1640, et oui la Lorraine est formidable !<br \/>\n<strong>Jean B\u00e9rain<\/strong> est nomm\u00e9 \u00e0 34 ans <strong>dessinateur de la chambre et du cabinet du roi<\/strong>, il con\u00e7oit tous les d\u00e9cors \u00e9ph\u00e9m\u00e8res et costumes des festins, f\u00eates et divertissements du roi. Son \u0153uvre est fabuleuse et ses cr\u00e9ations tr\u00e8s vari\u00e9es vont des d\u00e9cors d\u2019op\u00e9ras aux proues de vaisseaux royaux. Il dessine les maquettes d<span class=\"text_exposed_show\">e costume pour les pi\u00e8ces de Lully ! Il joue un r\u00f4le important dans l&#8217;histoire du costume de ballet. (inspirant bien plus tard les ballets russes)<br \/>\n<\/span><\/p>\n<p>&nbsp;<\/p>\n<p>Un tr\u00e8s bel ouvrage, <strong>&#8220;Fastes de cour au XVIIe si\u00e8cle&#8221;<\/strong> de P. Chon\u00e9 et J. de La Gorce vient de para\u00eetre et r\u00e9unit les illustrations de<strong> B\u00e9rain<\/strong> et de<strong> Bellange<\/strong>, un autre <strong>talentueux illustrateur et graveur Lorrain du XVIIe si\u00e8cle<\/strong>. (disponible \u00e0 la librairie Didier, Nancy)<br \/>\n<strong>Une exposition<\/strong> associ\u00e9e \u00e0 cet ouvrage au <strong>mus\u00e9e de Chantilly du 13 mai \u2013 13 ao\u00fbt 2015<\/strong><\/p>\n<p>Article \u00a9 Pascale Fourtier Debert<br \/>\nIlustrations de B\u00e9rain et d&#8217;apr\u00e8s Jean B\u00e9rain \u00a9 Gallica<\/p>\n<div class=\"text_exposed_show\">\n<p><span class=\"text_exposed_show\"><a href=\"https:\/\/www.histoiresgalantes.fr\/blog\/wp-content\/uploads\/2015\/06\/1484379_361364417395774_6822746338463087806_n-221x300.jpg\"><img loading=\"lazy\" decoding=\"async\" class=\"alignnone size-full wp-image-1746\" src=\"https:\/\/www.histoiresgalantes.fr\/blog\/wp-content\/uploads\/2015\/06\/1484379_361364417395774_6822746338463087806_n-221x300.jpg\" alt=\"1484379_361364417395774_6822746338463087806_n-221x300\" width=\"221\" height=\"300\" \/><\/a><\/span><\/p>\n<p>&nbsp;<\/p>\n<p><span class=\"text_exposed_show\"><a href=\"https:\/\/www.histoiresgalantes.fr\/blog\/wp-content\/uploads\/2015\/06\/f11.jpg\"><img loading=\"lazy\" decoding=\"async\" class=\"alignnone size-full wp-image-1748\" src=\"https:\/\/www.histoiresgalantes.fr\/blog\/wp-content\/uploads\/2015\/06\/f11.jpg\" alt=\"f1\" width=\"512\" height=\"668\" srcset=\"https:\/\/www.histoiresgalantes.fr\/blog\/wp-content\/uploads\/2015\/06\/f11.jpg 512w, https:\/\/www.histoiresgalantes.fr\/blog\/wp-content\/uploads\/2015\/06\/f11-230x300.jpg 230w\" sizes=\"auto, (max-width: 512px) 100vw, 512px\" \/><\/a><a href=\"https:\/\/www.histoiresgalantes.fr\/blog\/wp-content\/uploads\/2015\/06\/99333.jpg\"><img loading=\"lazy\" decoding=\"async\" class=\"alignnone size-full wp-image-1750\" src=\"https:\/\/www.histoiresgalantes.fr\/blog\/wp-content\/uploads\/2015\/06\/99333.jpg\" alt=\"99333\" width=\"480\" height=\"660\" srcset=\"https:\/\/www.histoiresgalantes.fr\/blog\/wp-content\/uploads\/2015\/06\/99333.jpg 480w, https:\/\/www.histoiresgalantes.fr\/blog\/wp-content\/uploads\/2015\/06\/99333-218x300.jpg 218w\" sizes=\"auto, (max-width: 480px) 100vw, 480px\" \/><\/a> <\/span><\/p>\n<\/div>\n","protected":false},"excerpt":{"rendered":"<p>Le plus c\u00e9l\u00e8bre des peintres d\u00e9corateur de th\u00e9\u00e2tre sous Louis XIV est n\u00e9 \u00e0 Saint-Mihiel en 1640, et oui la Lorraine est formidable ! Jean B\u00e9rain est nomm\u00e9 \u00e0 34 ans dessinateur de la chambre et du cabinet du roi, il con\u00e7oit tous les d\u00e9cors \u00e9ph\u00e9m\u00e8res et costumes des festins, f\u00eates et divertissements du roi. [&hellip;]<\/p>\n","protected":false},"author":1,"featured_media":7570,"comment_status":"open","ping_status":"open","sticky":false,"template":"","format":"image","meta":{"om_disable_all_campaigns":false,"_monsterinsights_skip_tracking":false,"_monsterinsights_sitenote_active":false,"_monsterinsights_sitenote_note":"","_monsterinsights_sitenote_category":0,"_s2mail":"yes","footnotes":""},"categories":[67,29,55,41,24],"tags":[],"class_list":["post-1744","post","type-post","status-publish","format-image","has-post-thumbnail","hentry","category-artistes","category-evenements","category-graveurs","category-litterature","category-peintres-dessinateurs","post_format-post-format-image"],"aioseo_notices":[],"_links":{"self":[{"href":"https:\/\/www.histoiresgalantes.fr\/blog\/wp-json\/wp\/v2\/posts\/1744","targetHints":{"allow":["GET"]}}],"collection":[{"href":"https:\/\/www.histoiresgalantes.fr\/blog\/wp-json\/wp\/v2\/posts"}],"about":[{"href":"https:\/\/www.histoiresgalantes.fr\/blog\/wp-json\/wp\/v2\/types\/post"}],"author":[{"embeddable":true,"href":"https:\/\/www.histoiresgalantes.fr\/blog\/wp-json\/wp\/v2\/users\/1"}],"replies":[{"embeddable":true,"href":"https:\/\/www.histoiresgalantes.fr\/blog\/wp-json\/wp\/v2\/comments?post=1744"}],"version-history":[{"count":11,"href":"https:\/\/www.histoiresgalantes.fr\/blog\/wp-json\/wp\/v2\/posts\/1744\/revisions"}],"predecessor-version":[{"id":7571,"href":"https:\/\/www.histoiresgalantes.fr\/blog\/wp-json\/wp\/v2\/posts\/1744\/revisions\/7571"}],"wp:featuredmedia":[{"embeddable":true,"href":"https:\/\/www.histoiresgalantes.fr\/blog\/wp-json\/wp\/v2\/media\/7570"}],"wp:attachment":[{"href":"https:\/\/www.histoiresgalantes.fr\/blog\/wp-json\/wp\/v2\/media?parent=1744"}],"wp:term":[{"taxonomy":"category","embeddable":true,"href":"https:\/\/www.histoiresgalantes.fr\/blog\/wp-json\/wp\/v2\/categories?post=1744"},{"taxonomy":"post_tag","embeddable":true,"href":"https:\/\/www.histoiresgalantes.fr\/blog\/wp-json\/wp\/v2\/tags?post=1744"}],"curies":[{"name":"wp","href":"https:\/\/api.w.org\/{rel}","templated":true}]}}