{"id":1799,"date":"2015-07-05T09:53:21","date_gmt":"2015-07-05T08:53:21","guid":{"rendered":"http:\/\/www.histoiresgalantes.fr\/blog\/?p=1799"},"modified":"2016-07-26T22:30:25","modified_gmt":"2016-07-26T21:30:25","slug":"le-tresor-etait-bien-garde","status":"publish","type":"post","link":"https:\/\/www.histoiresgalantes.fr\/blog\/2015\/07\/05\/le-tresor-etait-bien-garde\/","title":{"rendered":"Le tr\u00e9sor \u00e9tait bien gard\u00e9"},"content":{"rendered":"<p>Un matin de 2006, <strong>Andrew Brown<\/strong> se pr\u00e9senta chez celle qui \u00e9tait devenue au gr\u00e9 des vicissitudes de l\u2019Histoire la gardienne du tr\u00e9sor, dans sa maison perdue dans la campagne, \u00e0 Rosnay-l&#8217;H\u00f4pital , \u00e0 quelques lieues au nord de Cirey&#8230; Il venait voir les 10 \u00e9normes caisses en bois qui contenaient les archives allant du XIII au XXVIIIe de la tr\u00e8s importante famille du Ch\u00e2telet.<\/p>\n<p>\u201cL\u2019homme qui n\u2019avait pas l\u2019habitude qu\u2019on lui refuse quelque chose\u201d selon l\u2019expression de l\u2019historien, fut tout de m\u00eame promptement \u00e9conduit par la vieille dame&#8230;<\/p>\n<p>\u201cElle r\u00e9gnait d\u2019une main de fer sur ces archives. M\u00eame les membres de sa famille y avaient tr\u00e8s peu acc\u00e8s. Les \u00e9trangers encore moins. Et pour elle, la notion d\u2019\u00e9trangers commen\u00e7ait au village d\u2019\u00e0 c\u00f4t\u00e9.\u201d Si bien que lorsque la gardienne du temple finit par mourir, les diff\u00e9rentes branches de ses descendants all\u00e8rent toquer \u00e0 la porte de <strong>Christie\u2019s,<\/strong> pour proposer les pi\u00e8ces les plus int\u00e9ressantes du grenier. Sans \u00eatre tout \u00e0 fait conscients de la valeur que repr\u00e9sentaient <strong>les manuscrits annot\u00e9s de la main m\u00eame d&#8217;Emilie du Ch\u00e2telet et de Voltaire.<\/strong><\/p>\n<p>Extrait de l&#8217;article de Par S\u00e9bastien COLSON | Publi\u00e9 le 29\/09\/2012<\/p>\n<p>Photographies\u00a9Ledauphin\u00e9lib\u00e9r\u00e9<\/p>\n<p><a href=\"http:\/\/www.ledauphine.com\/ain\/2012\/09\/28\/il-faut-sauver-les-archives-voltaire?image=293348CE-3A7F-4B3F-8EA0-A31ACE86BB34\">http:\/\/www.ledauphine.com\/ain\/2012\/09\/28\/il-faut-sauver-les-archives-<\/a><a href=\"http:\/\/www.ledauphine.com\/ain\/2012\/09\/28\/il-faut-sauver-les-archives-voltaire?image=293348CE-3A7F-4B3F-8EA0-A31ACE86BB34\">voltaire?image=293348CE-3A7F-4B3F-8EA0-A31ACE86BB34<\/a><\/p>\n<p><a href=\"https:\/\/www.histoiresgalantes.fr\/blog\/wp-content\/uploads\/2015\/07\/Capture-d\u2019e\u0301cran-2015-07-05-a\u0300-10.48.031.png\"><img loading=\"lazy\" decoding=\"async\" class=\"alignnone size-full wp-image-1807\" src=\"https:\/\/www.histoiresgalantes.fr\/blog\/wp-content\/uploads\/2015\/07\/Capture-d\u2019e\u0301cran-2015-07-05-a\u0300-10.48.031.png\" alt=\"Capture d\u2019e\u0301cran 2015-07-05 a\u0300 10.48.03\" width=\"610\" height=\"455\" srcset=\"https:\/\/www.histoiresgalantes.fr\/blog\/wp-content\/uploads\/2015\/07\/Capture-d\u2019e\u0301cran-2015-07-05-a\u0300-10.48.031.png 610w, https:\/\/www.histoiresgalantes.fr\/blog\/wp-content\/uploads\/2015\/07\/Capture-d\u2019e\u0301cran-2015-07-05-a\u0300-10.48.031-300x224.png 300w\" sizes=\"auto, (max-width: 610px) 100vw, 610px\" \/><\/a>\u00a0 <a href=\"https:\/\/www.histoiresgalantes.fr\/blog\/wp-content\/uploads\/2015\/07\/Capture-d\u2019e\u0301cran-2015-07-05-a\u0300-10.47.35.png\"><img loading=\"lazy\" decoding=\"async\" class=\"alignnone size-full wp-image-1809\" src=\"https:\/\/www.histoiresgalantes.fr\/blog\/wp-content\/uploads\/2015\/07\/Capture-d\u2019e\u0301cran-2015-07-05-a\u0300-10.47.35.png\" alt=\"Capture d\u2019e\u0301cran 2015-07-05 a\u0300 10.47.35\" width=\"604\" height=\"835\" srcset=\"https:\/\/www.histoiresgalantes.fr\/blog\/wp-content\/uploads\/2015\/07\/Capture-d\u2019e\u0301cran-2015-07-05-a\u0300-10.47.35.png 604w, https:\/\/www.histoiresgalantes.fr\/blog\/wp-content\/uploads\/2015\/07\/Capture-d\u2019e\u0301cran-2015-07-05-a\u0300-10.47.35-217x300.png 217w\" sizes=\"auto, (max-width: 604px) 100vw, 604px\" \/><\/a><\/p>\n","protected":false},"excerpt":{"rendered":"<p>Un matin de 2006, Andrew Brown se pr\u00e9senta chez celle qui \u00e9tait devenue au gr\u00e9 des vicissitudes de l\u2019Histoire la gardienne du tr\u00e9sor, dans sa maison perdue dans la campagne, \u00e0 Rosnay-l&#8217;H\u00f4pital , \u00e0 quelques lieues au nord de Cirey&#8230; Il venait voir les 10 \u00e9normes caisses en bois qui contenaient les archives allant du [&hellip;]<\/p>\n","protected":false},"author":1,"featured_media":1808,"comment_status":"open","ping_status":"open","sticky":false,"template":"","format":"image","meta":{"om_disable_all_campaigns":false,"_monsterinsights_skip_tracking":false,"_monsterinsights_sitenote_active":false,"_monsterinsights_sitenote_note":"","_monsterinsights_sitenote_category":0,"_s2mail":"yes","footnotes":""},"categories":[14,31,26],"tags":[],"class_list":["post-1799","post","type-post","status-publish","format-image","has-post-thumbnail","hentry","category-insolite","category-voltaire","category-mme-du-chatelet","post_format-post-format-image"],"aioseo_notices":[],"_links":{"self":[{"href":"https:\/\/www.histoiresgalantes.fr\/blog\/wp-json\/wp\/v2\/posts\/1799","targetHints":{"allow":["GET"]}}],"collection":[{"href":"https:\/\/www.histoiresgalantes.fr\/blog\/wp-json\/wp\/v2\/posts"}],"about":[{"href":"https:\/\/www.histoiresgalantes.fr\/blog\/wp-json\/wp\/v2\/types\/post"}],"author":[{"embeddable":true,"href":"https:\/\/www.histoiresgalantes.fr\/blog\/wp-json\/wp\/v2\/users\/1"}],"replies":[{"embeddable":true,"href":"https:\/\/www.histoiresgalantes.fr\/blog\/wp-json\/wp\/v2\/comments?post=1799"}],"version-history":[{"count":5,"href":"https:\/\/www.histoiresgalantes.fr\/blog\/wp-json\/wp\/v2\/posts\/1799\/revisions"}],"predecessor-version":[{"id":4474,"href":"https:\/\/www.histoiresgalantes.fr\/blog\/wp-json\/wp\/v2\/posts\/1799\/revisions\/4474"}],"wp:featuredmedia":[{"embeddable":true,"href":"https:\/\/www.histoiresgalantes.fr\/blog\/wp-json\/wp\/v2\/media\/1808"}],"wp:attachment":[{"href":"https:\/\/www.histoiresgalantes.fr\/blog\/wp-json\/wp\/v2\/media?parent=1799"}],"wp:term":[{"taxonomy":"category","embeddable":true,"href":"https:\/\/www.histoiresgalantes.fr\/blog\/wp-json\/wp\/v2\/categories?post=1799"},{"taxonomy":"post_tag","embeddable":true,"href":"https:\/\/www.histoiresgalantes.fr\/blog\/wp-json\/wp\/v2\/tags?post=1799"}],"curies":[{"name":"wp","href":"https:\/\/api.w.org\/{rel}","templated":true}]}}