{"id":18542,"date":"2021-05-29T09:11:20","date_gmt":"2021-05-29T08:11:20","guid":{"rendered":"http:\/\/www.histoiresgalantes.fr\/blog\/?p=18542"},"modified":"2024-02-19T19:12:23","modified_gmt":"2024-02-19T18:12:23","slug":"un-lorrain-vole-le-secret-du-rouge-carmin-en-se-faisant-passer-pour-un-catalan","status":"publish","type":"post","link":"https:\/\/www.histoiresgalantes.fr\/blog\/2021\/05\/29\/un-lorrain-vole-le-secret-du-rouge-carmin-en-se-faisant-passer-pour-un-catalan\/","title":{"rendered":"Un botaniste lorrain vole le secret du rouge carmin en se faisant passer pour un Catalan"},"content":{"rendered":"\n<p>[Les Lorrains sont formidables]<br><\/p>\n\n\n\n<p>C\u2019est l\u2019histoire d\u2019un tout petit scarab\u00e9e mexicain que l\u2019on a longtemps confondu, en Europe, avec une graine en raison de son secret bien gard\u00e9 par les Espagnols qui en monopolisaient le commerce.<br><br> A l\u2019instar du pourpre, pigment rouge violet issu d\u2019un coquillage et dont le co\u00fbt de fabrication \u00e9tait si \u00e9lev\u00e9 qu\u2019il \u00e9tait r\u00e9serv\u00e9 aux dieux et aux dirigeants, l\u2019histoire de la cochenille n\u2019est pas banale non plus.<br><br> Export\u00e9 par tonnes par les Espagnols qui ont d\u00e9couvert son utilisation chez les Azt\u00e8ques lors de leur conqu\u00eate du Mexique, ce col\u00e9opt\u00e8re livre une gamme \u00e9tonnante de rouges carmin et il devient tr\u00e8s pris\u00e9 en Europe \u00e0 partir du XVIe si\u00e8cle.<br> <br>C\u2019est simple, la valeur de ce petit insecte se situe juste apr\u00e8s l\u2019or et l\u2019argent, raison pour laquelle les Espagnols verrouillent imm\u00e9diatement son march\u00e9.<br> Pour en garder le secret, et histoire de semer la confusion, ils n\u2019h\u00e9sitent pas \u00e0 brouiller les pistes en nommant \u00ab&nbsp;grana&nbsp;\u00bb cet insecte dess\u00e9ch\u00e9 qui se pr\u00e9sente, apr\u00e8s traitement, sous la forme de grains dess\u00e9ch\u00e9s, noirs ou rouge\u00e2tres. <br>Graine ou insecte ? Le doute n\u2019est lev\u00e9 qu\u2019en 1729, apr\u00e8s un d\u00e9bat muscl\u00e9 entre deux scientifiques.<\/p>\n\n\n\n<p>C\u2019est alors qu\u2019intervient notre botaniste lorrain, <strong>Thi\u00e9ry de Menonville<\/strong>. <br>EN 1774, il d\u00e9cide d\u2019agir et de voler le secret de la cochenille en se rendant au Mexique. <br>Il s&#8217;y fait passer pour un m\u00e9decin catalan, et apprend, l\u2019air de rien, l&#8217;art d\u2019\u00e9lever le col\u00e9opt\u00e8re et de planter le nopal (cactus), plante nourrici\u00e8re de la cochenille. <br>Et, ni une ni deux, le \u00ab fourbe \u00bb enl\u00e8ve la cochenille et la transporte jusqu\u2019\u00e0 \u00e0 Saint-Domingue o\u00f9 il r\u00e9ussit \u00e0 la multiplier dans son jardin de Port-au-Prince. Pour cet exploit, il re\u00e7oit le titre de <strong>botaniste du roi<\/strong> peu apr\u00e8s son retour du Mexique. <br>Son \u00e9levage dispara\u00eet apr\u00e8s sa mort, mais heureusement, il a le temps d\u2019\u00e9crire un livre sur l \u2018\u00e9levage du scarab\u00e9e qui vaut de l\u2019or !<br><br>Nicolas-Joseph Thi\u00e9ry de Menonville (Saint-Mihiel, France, 18 June 1739 \u2013 Port-au-Prince, Saint-Domingue, 1780)<br><br>D\u00e9dicace sp\u00e9cial \u00e0 mon fils Arthur Debert <\/p>\n\n\n\n<p><a href=\"https:\/\/gallica.bnf.fr\/ark:\/12148\/bpt6k15123840.image\">Trait\u00e9 de la culture du nopal et de l&#8217;\u00e9ducation de la cochenille dans les colonies fran\u00e7aises de l&#8217;Am\u00e9rique, pr\u00e9c\u00e9d\u00e9 d&#8217;un voyage \u00e0 Guaxaca. &nbsp;(\u00e9dit\u00e9 par Veuve Herbault, Cap-Fran\u00e7ais, 1786, r\u00e9\u00e9dit\u00e9 en 1787).<br> Le Nopal&nbsp;(Paris, 1787).<\/a><\/p>\n\n\n<div class=\"wp-block-image\">\n<figure class=\"aligncenter\"><img loading=\"lazy\" decoding=\"async\" width=\"816\" height=\"612\" src=\"https:\/\/www.histoiresgalantes.fr\/blog\/wp-content\/uploads\/2021\/05\/MdA_CastaLOW.jpg\" alt=\"\" class=\"wp-image-18545\" srcset=\"https:\/\/www.histoiresgalantes.fr\/blog\/wp-content\/uploads\/2021\/05\/MdA_CastaLOW.jpg 816w, https:\/\/www.histoiresgalantes.fr\/blog\/wp-content\/uploads\/2021\/05\/MdA_CastaLOW-300x225.jpg 300w, https:\/\/www.histoiresgalantes.fr\/blog\/wp-content\/uploads\/2021\/05\/MdA_CastaLOW-768x576.jpg 768w, https:\/\/www.histoiresgalantes.fr\/blog\/wp-content\/uploads\/2021\/05\/MdA_CastaLOW-640x480.jpg 640w\" sizes=\"auto, (max-width: 816px) 100vw, 816px\" \/><figcaption class=\"wp-element-caption\">Rouge carmin utilis\u00e9 dans la peinture<br>Et dans la d\u00e9coration.<br>Mus\u00e9e d&#8217;art de Denver, Colorado.<br><br><\/figcaption><\/figure><\/div>\n\n<div class=\"wp-block-image\">\n<figure class=\"aligncenter\"><img loading=\"lazy\" decoding=\"async\" width=\"500\" height=\"740\" src=\"https:\/\/www.histoiresgalantes.fr\/blog\/wp-content\/uploads\/2021\/05\/5554feec33b3f.image_.jpg\" alt=\"\" class=\"wp-image-18543\" srcset=\"https:\/\/www.histoiresgalantes.fr\/blog\/wp-content\/uploads\/2021\/05\/5554feec33b3f.image_.jpg 500w, https:\/\/www.histoiresgalantes.fr\/blog\/wp-content\/uploads\/2021\/05\/5554feec33b3f.image_-203x300.jpg 203w\" sizes=\"auto, (max-width: 500px) 100vw, 500px\" \/><figcaption class=\"wp-element-caption\">R\u00e9colte de la cochenille, d\u00e9tach\u00e9s des raquettes de nopal \u00e0 l&#8217;aide d&#8217;une queue d&#8217;\u00e9cureuil ou de cerf, sont recueillis dans une jatte.<br>Jos\u00e9 Antonio de Azalte y Ramirez, <br><em>Memoria sobre la naturaleza, cultiva, y benficia de la grana,<\/em> Mexico, 1777.<\/figcaption><\/figure><\/div>\n\n<div class=\"wp-block-image\">\n<figure class=\"aligncenter\"><img loading=\"lazy\" decoding=\"async\" width=\"736\" height=\"800\" src=\"https:\/\/www.histoiresgalantes.fr\/blog\/wp-content\/uploads\/2021\/05\/robe-rouge.png\" alt=\"\" class=\"wp-image-18546\" srcset=\"https:\/\/www.histoiresgalantes.fr\/blog\/wp-content\/uploads\/2021\/05\/robe-rouge.png 736w, https:\/\/www.histoiresgalantes.fr\/blog\/wp-content\/uploads\/2021\/05\/robe-rouge-276x300.png 276w\" sizes=\"auto, (max-width: 736px) 100vw, 736px\" \/><figcaption class=\"wp-element-caption\">Young Woman With a Harpsichord, 1735-1750<br>Artiste inconnu, Mexico<br>Mus\u00e9e d&#8217;art de Denver<\/figcaption><\/figure><\/div>\n\n<div class=\"wp-block-image\">\n<figure class=\"aligncenter\"><img loading=\"lazy\" decoding=\"async\" width=\"736\" height=\"800\" src=\"https:\/\/www.histoiresgalantes.fr\/blog\/wp-content\/uploads\/2021\/05\/jeune-femme.png\" alt=\"\" class=\"wp-image-18549\" srcset=\"https:\/\/www.histoiresgalantes.fr\/blog\/wp-content\/uploads\/2021\/05\/jeune-femme.png 736w, https:\/\/www.histoiresgalantes.fr\/blog\/wp-content\/uploads\/2021\/05\/jeune-femme-276x300.png 276w\" sizes=\"auto, (max-width: 736px) 100vw, 736px\" \/><figcaption class=\"wp-element-caption\">Mus\u00e9e d&#8217;art de Denver, Colorado<\/figcaption><\/figure><\/div>\n\n<div class=\"wp-block-image\">\n<figure class=\"aligncenter size-full\"><a href=\"https:\/\/www.histoiresgalantes.fr\/blog\/wp-content\/uploads\/2024\/02\/cochenille2.jpg\"><img loading=\"lazy\" decoding=\"async\" width=\"793\" height=\"986\" src=\"https:\/\/www.histoiresgalantes.fr\/blog\/wp-content\/uploads\/2024\/02\/cochenille2.jpg\" alt=\"\" class=\"wp-image-26421\" srcset=\"https:\/\/www.histoiresgalantes.fr\/blog\/wp-content\/uploads\/2024\/02\/cochenille2.jpg 793w, https:\/\/www.histoiresgalantes.fr\/blog\/wp-content\/uploads\/2024\/02\/cochenille2-241x300.jpg 241w, https:\/\/www.histoiresgalantes.fr\/blog\/wp-content\/uploads\/2024\/02\/cochenille2-768x955.jpg 768w\" sizes=\"auto, (max-width: 793px) 100vw, 793px\" \/><\/a><\/figure><\/div>","protected":false},"excerpt":{"rendered":"<p>[Les Lorrains sont formidables] C\u2019est l\u2019histoire d\u2019un tout petit scarab\u00e9e mexicain que l\u2019on a longtemps confondu, en Europe, avec une graine en raison de son secret bien gard\u00e9 par les Espagnols qui en monopolisaient le commerce. A l\u2019instar du pourpre, pigment rouge violet issu d\u2019un coquillage et dont le co\u00fbt de fabrication \u00e9tait si \u00e9lev\u00e9 [&hellip;]<\/p>\n","protected":false},"author":1,"featured_media":26419,"comment_status":"open","ping_status":"open","sticky":false,"template":"","format":"image","meta":{"om_disable_all_campaigns":false,"_monsterinsights_skip_tracking":false,"_monsterinsights_sitenote_active":false,"_monsterinsights_sitenote_note":"","_monsterinsights_sitenote_category":0,"_s2mail":"yes","footnotes":""},"categories":[37,69,90],"tags":[],"class_list":["post-18542","post","type-post","status-publish","format-image","has-post-thumbnail","hentry","category-anecdotes","category-curiosites","category-patrimoine-lorrain","post_format-post-format-image"],"aioseo_notices":[],"_links":{"self":[{"href":"https:\/\/www.histoiresgalantes.fr\/blog\/wp-json\/wp\/v2\/posts\/18542","targetHints":{"allow":["GET"]}}],"collection":[{"href":"https:\/\/www.histoiresgalantes.fr\/blog\/wp-json\/wp\/v2\/posts"}],"about":[{"href":"https:\/\/www.histoiresgalantes.fr\/blog\/wp-json\/wp\/v2\/types\/post"}],"author":[{"embeddable":true,"href":"https:\/\/www.histoiresgalantes.fr\/blog\/wp-json\/wp\/v2\/users\/1"}],"replies":[{"embeddable":true,"href":"https:\/\/www.histoiresgalantes.fr\/blog\/wp-json\/wp\/v2\/comments?post=18542"}],"version-history":[{"count":9,"href":"https:\/\/www.histoiresgalantes.fr\/blog\/wp-json\/wp\/v2\/posts\/18542\/revisions"}],"predecessor-version":[{"id":26422,"href":"https:\/\/www.histoiresgalantes.fr\/blog\/wp-json\/wp\/v2\/posts\/18542\/revisions\/26422"}],"wp:featuredmedia":[{"embeddable":true,"href":"https:\/\/www.histoiresgalantes.fr\/blog\/wp-json\/wp\/v2\/media\/26419"}],"wp:attachment":[{"href":"https:\/\/www.histoiresgalantes.fr\/blog\/wp-json\/wp\/v2\/media?parent=18542"}],"wp:term":[{"taxonomy":"category","embeddable":true,"href":"https:\/\/www.histoiresgalantes.fr\/blog\/wp-json\/wp\/v2\/categories?post=18542"},{"taxonomy":"post_tag","embeddable":true,"href":"https:\/\/www.histoiresgalantes.fr\/blog\/wp-json\/wp\/v2\/tags?post=18542"}],"curies":[{"name":"wp","href":"https:\/\/api.w.org\/{rel}","templated":true}]}}