{"id":1869,"date":"2015-07-09T20:53:24","date_gmt":"2015-07-09T19:53:24","guid":{"rendered":"http:\/\/www.histoiresgalantes.fr\/blog\/?p=1869"},"modified":"2017-08-25T20:05:24","modified_gmt":"2017-08-25T19:05:24","slug":"aberrant","status":"publish","type":"post","link":"https:\/\/www.histoiresgalantes.fr\/blog\/2015\/07\/09\/aberrant\/","title":{"rendered":"Aberration du XXe si\u00e8cle"},"content":{"rendered":"<p>Actuellement, on s&#8217;\u00e9meut de la destruction des sites antiques en Irak ou ailleurs, mais il n&#8217;y a pas si longtemps le patrimoine lorrain \u00e9tait d\u00e9truit \u00e0 la vue de tous sans que personne ne s&#8217;en \u00e9meuve \u2026<br \/>\nEn 1985 sont d\u00e9truits, non seulement les <strong>b\u00e2timents de la fa\u00efencerie de Lun\u00e9ville<\/strong> qui dataient du XVIIIe si\u00e8cle, mais aussi <strong>les centaines de moules<\/strong> qui s&#8217;y trouvaient et cela dans l&#8217;indiff\u00e9rence quasi g\u00e9n\u00e9rale, et oui c&#8217;est tout simplement aberrant !!!<br \/>\n<em>(Voir photo d\u00e9molition des magasins et des fours de la fa\u00efencerie de Lun\u00e9ville en 1985<\/em><br \/>\n<em>On remarquera les centaines de moules entrepos\u00e9s sur les rayonnages en train de s&#8217;effondrer sous le marteau des d\u00e9molisseurs.)<\/em><br \/>\nC&#8217;est pourtant dans cette fa\u00efencerie que le sculpteur Cyffl\u00e9 avait produit ses chefs-d&#8217;\u0153uvres ! Lun\u00e9ville avait une tradition de production de fa\u00efence \u00e0 base d\u2019argile (nomm\u00e9 la \u00ab terre de pipe \u00bb) depuis 1730 gr\u00e2ce \u00e0 la fa\u00efencerie de la famille Chambrette. Cyffl\u00e9, sculpteur ordinaire du roi Stanislas, ouvre, sa propre fa\u00efencerie \u00e0 Lun\u00e9ville en 1765, et sa production est d\u2019une telle qualit\u00e9 qu\u2019elle ne peut \u00eatre distingu\u00e9e de la porcelaine. Il y produit des chefs-d\u2019\u0153uvres d&#8217;un tel raffinement, qu&#8217;il s\u00e9duit les gens fortun\u00e9s. Du colporteur au personnage c\u00e9l\u00e8bre en passant par les dieux de l&#8217;olympe, il cr\u00e9e avec une grande ma\u00eetrise et beaucoup de d\u00e9licatesse, des s\u00e9ries de personnages dont les d\u00e9tails d&#8217;une grande finesse sont les t\u00e9moignages merveilleux de la vie \u00e0 cette \u00e9poque.<\/p>\n<p>Mais apr\u00e8s la mort de Stanislas malgr\u00e9 l&#8217;obtention de Louis XV du privil\u00e8ge de garder sa fa\u00efencerie, sa production ralentit pour s\u2019arr\u00eater compl\u00e8tement en 1779. Beaucoup de ses \u0153uvres sont \u00e0 admirer au Mus\u00e9e Lorrain.<br \/>\nCyffl\u00e9 est aussi l&#8217;auteur du groupe en plomb surmontant la fontaine de la place de l&#8217;Alliance.<\/p>\n<p><a href=\"https:\/\/www.histoiresgalantes.fr\/blog\/wp-content\/uploads\/2015\/07\/arton225-46d92.jpg\"><img loading=\"lazy\" decoding=\"async\" class=\"alignnone size-full wp-image-1874\" src=\"https:\/\/www.histoiresgalantes.fr\/blog\/wp-content\/uploads\/2015\/07\/arton225-46d92.jpg\" alt=\"arton225-46d92\" width=\"560\" height=\"700\" srcset=\"https:\/\/www.histoiresgalantes.fr\/blog\/wp-content\/uploads\/2015\/07\/arton225-46d92.jpg 560w, https:\/\/www.histoiresgalantes.fr\/blog\/wp-content\/uploads\/2015\/07\/arton225-46d92-240x300.jpg 240w\" sizes=\"auto, (max-width: 560px) 100vw, 560px\" \/><\/a> <a href=\"https:\/\/www.histoiresgalantes.fr\/blog\/wp-content\/uploads\/2015\/07\/MG_4727.jpg\"><img loading=\"lazy\" decoding=\"async\" class=\"alignnone size-full wp-image-1873\" src=\"https:\/\/www.histoiresgalantes.fr\/blog\/wp-content\/uploads\/2015\/07\/MG_4727.jpg\" alt=\"_MG_4727\" width=\"800\" height=\"640\" srcset=\"https:\/\/www.histoiresgalantes.fr\/blog\/wp-content\/uploads\/2015\/07\/MG_4727.jpg 800w, https:\/\/www.histoiresgalantes.fr\/blog\/wp-content\/uploads\/2015\/07\/MG_4727-300x240.jpg 300w, https:\/\/www.histoiresgalantes.fr\/blog\/wp-content\/uploads\/2015\/07\/MG_4727-768x614.jpg 768w\" sizes=\"auto, (max-width: 800px) 100vw, 800px\" \/><\/a> <a href=\"https:\/\/www.histoiresgalantes.fr\/blog\/wp-content\/uploads\/2015\/07\/MG_4743.jpg\"><img loading=\"lazy\" decoding=\"async\" class=\"alignnone size-full wp-image-1872\" src=\"https:\/\/www.histoiresgalantes.fr\/blog\/wp-content\/uploads\/2015\/07\/MG_4743.jpg\" alt=\"_MG_4743\" width=\"640\" height=\"800\" srcset=\"https:\/\/www.histoiresgalantes.fr\/blog\/wp-content\/uploads\/2015\/07\/MG_4743.jpg 640w, https:\/\/www.histoiresgalantes.fr\/blog\/wp-content\/uploads\/2015\/07\/MG_4743-240x300.jpg 240w\" sizes=\"auto, (max-width: 640px) 100vw, 640px\" \/><\/a> <a href=\"https:\/\/www.histoiresgalantes.fr\/blog\/wp-content\/uploads\/2015\/07\/MG_4728.jpg\"><img loading=\"lazy\" decoding=\"async\" class=\"alignnone size-full wp-image-1871\" src=\"https:\/\/www.histoiresgalantes.fr\/blog\/wp-content\/uploads\/2015\/07\/MG_4728.jpg\" alt=\"_MG_4728\" width=\"640\" height=\"800\" srcset=\"https:\/\/www.histoiresgalantes.fr\/blog\/wp-content\/uploads\/2015\/07\/MG_4728.jpg 640w, https:\/\/www.histoiresgalantes.fr\/blog\/wp-content\/uploads\/2015\/07\/MG_4728-240x300.jpg 240w\" sizes=\"auto, (max-width: 640px) 100vw, 640px\" \/><\/a><br \/>\nRenaud et Armide de Paul-Louis Ciffl\u00e9 Groupe en terre de Lorraine 1770 \u00a9 galerieandrelemaire<br \/>\nPhoto destruction fa\u00efencerie de Lun\u00e9ville \u00a9 maisondelorraine.org<\/p>\n","protected":false},"excerpt":{"rendered":"<p>Actuellement, on s&#8217;\u00e9meut de la destruction des sites antiques en Irak ou ailleurs, mais il n&#8217;y a pas si longtemps le patrimoine lorrain \u00e9tait d\u00e9truit \u00e0 la vue de tous sans que personne ne s&#8217;en \u00e9meuve \u2026 En 1985 sont d\u00e9truits, non seulement les b\u00e2timents de la fa\u00efencerie de Lun\u00e9ville qui dataient du XVIIIe si\u00e8cle, [&hellip;]<\/p>\n","protected":false},"author":1,"featured_media":1875,"comment_status":"open","ping_status":"open","sticky":false,"template":"","format":"image","meta":{"om_disable_all_campaigns":false,"_monsterinsights_skip_tracking":false,"_monsterinsights_sitenote_active":false,"_monsterinsights_sitenote_note":"","_monsterinsights_sitenote_category":0,"_s2mail":"yes","footnotes":""},"categories":[34],"tags":[],"class_list":["post-1869","post","type-post","status-publish","format-image","has-post-thumbnail","hentry","category-sculpteurs","post_format-post-format-image"],"aioseo_notices":[],"_links":{"self":[{"href":"https:\/\/www.histoiresgalantes.fr\/blog\/wp-json\/wp\/v2\/posts\/1869","targetHints":{"allow":["GET"]}}],"collection":[{"href":"https:\/\/www.histoiresgalantes.fr\/blog\/wp-json\/wp\/v2\/posts"}],"about":[{"href":"https:\/\/www.histoiresgalantes.fr\/blog\/wp-json\/wp\/v2\/types\/post"}],"author":[{"embeddable":true,"href":"https:\/\/www.histoiresgalantes.fr\/blog\/wp-json\/wp\/v2\/users\/1"}],"replies":[{"embeddable":true,"href":"https:\/\/www.histoiresgalantes.fr\/blog\/wp-json\/wp\/v2\/comments?post=1869"}],"version-history":[{"count":9,"href":"https:\/\/www.histoiresgalantes.fr\/blog\/wp-json\/wp\/v2\/posts\/1869\/revisions"}],"predecessor-version":[{"id":7092,"href":"https:\/\/www.histoiresgalantes.fr\/blog\/wp-json\/wp\/v2\/posts\/1869\/revisions\/7092"}],"wp:featuredmedia":[{"embeddable":true,"href":"https:\/\/www.histoiresgalantes.fr\/blog\/wp-json\/wp\/v2\/media\/1875"}],"wp:attachment":[{"href":"https:\/\/www.histoiresgalantes.fr\/blog\/wp-json\/wp\/v2\/media?parent=1869"}],"wp:term":[{"taxonomy":"category","embeddable":true,"href":"https:\/\/www.histoiresgalantes.fr\/blog\/wp-json\/wp\/v2\/categories?post=1869"},{"taxonomy":"post_tag","embeddable":true,"href":"https:\/\/www.histoiresgalantes.fr\/blog\/wp-json\/wp\/v2\/tags?post=1869"}],"curies":[{"name":"wp","href":"https:\/\/api.w.org\/{rel}","templated":true}]}}