{"id":18692,"date":"2021-06-14T13:10:46","date_gmt":"2021-06-14T12:10:46","guid":{"rendered":"http:\/\/www.histoiresgalantes.fr\/blog\/?p=18692"},"modified":"2021-06-14T13:17:58","modified_gmt":"2021-06-14T12:17:58","slug":"exposition-les-emaux-lor-bleu-de-longwy","status":"publish","type":"post","link":"https:\/\/www.histoiresgalantes.fr\/blog\/2021\/06\/14\/exposition-les-emaux-lor-bleu-de-longwy\/","title":{"rendered":"[Exposition] Les \u00e9maux, l&#8217;or bleu de Longwy"},"content":{"rendered":"\n<p>Une exposition dans un cadre juste trop beau<br>Du 01 juin 2021 Au 19 septembre 2021 &#8230; <br>Durant quatre mois, l&#8217;abbaye des Pr\u00e9montr\u00e9s de Pont-\u00e0-Mousson pr\u00e9sente une r\u00e9trospective originale consacr\u00e9e \u00e0 la fa\u00efencerie &#8230; <br>Depuis 1873, les \u00e9maux de Longwy ont toujours jou\u00e9 entre l&#8217;art et la science. Mention sp\u00e9ciale \u00e0 celui ou celle qui a align\u00e9 les chaises dans l&#8217;\u00e9glise de l&#8217;abbaye !<\/p>\n\n\n\n<div class=\"wp-block-image\"><figure class=\"aligncenter\"><img loading=\"lazy\" decoding=\"async\" width=\"661\" height=\"640\" src=\"https:\/\/www.histoiresgalantes.fr\/blog\/wp-content\/uploads\/2021\/06\/exposition-les-emaux-lor-bleu-de-longwy-abbaye-des-premontres-1-661x640.jpg\" alt=\"\" class=\"wp-image-18698\" srcset=\"https:\/\/www.histoiresgalantes.fr\/blog\/wp-content\/uploads\/2021\/06\/exposition-les-emaux-lor-bleu-de-longwy-abbaye-des-premontres-1-661x640.jpg 661w, https:\/\/www.histoiresgalantes.fr\/blog\/wp-content\/uploads\/2021\/06\/exposition-les-emaux-lor-bleu-de-longwy-abbaye-des-premontres-1-661x640-300x290.jpg 300w\" sizes=\"auto, (max-width: 661px) 100vw, 661px\" \/><\/figure><\/div>\n\n\n\n<figure class=\"wp-block-image\"><img loading=\"lazy\" decoding=\"async\" width=\"1024\" height=\"683\" src=\"https:\/\/www.histoiresgalantes.fr\/blog\/wp-content\/uploads\/2021\/06\/IMG_7339-1024x683.jpg\" alt=\"\" class=\"wp-image-18700\" srcset=\"https:\/\/www.histoiresgalantes.fr\/blog\/wp-content\/uploads\/2021\/06\/IMG_7339-1024x683.jpg 1024w, https:\/\/www.histoiresgalantes.fr\/blog\/wp-content\/uploads\/2021\/06\/IMG_7339-300x200.jpg 300w, https:\/\/www.histoiresgalantes.fr\/blog\/wp-content\/uploads\/2021\/06\/IMG_7339-768x512.jpg 768w, https:\/\/www.histoiresgalantes.fr\/blog\/wp-content\/uploads\/2021\/06\/IMG_7339-330x220.jpg 330w, https:\/\/www.histoiresgalantes.fr\/blog\/wp-content\/uploads\/2021\/06\/IMG_7339.jpg 1500w\" sizes=\"auto, (max-width: 1024px) 100vw, 1024px\" \/><\/figure>\n\n\n\n<div class=\"wp-block-image\"><figure class=\"aligncenter\"><img loading=\"lazy\" decoding=\"async\" width=\"510\" height=\"725\" src=\"https:\/\/www.histoiresgalantes.fr\/blog\/wp-content\/uploads\/2021\/06\/faiencerie-dhuart-freres-longwy-les-carmes-1-510x725.jpg\" alt=\"\" class=\"wp-image-18699\" srcset=\"https:\/\/www.histoiresgalantes.fr\/blog\/wp-content\/uploads\/2021\/06\/faiencerie-dhuart-freres-longwy-les-carmes-1-510x725.jpg 510w, https:\/\/www.histoiresgalantes.fr\/blog\/wp-content\/uploads\/2021\/06\/faiencerie-dhuart-freres-longwy-les-carmes-1-510x725-211x300.jpg 211w\" sizes=\"auto, (max-width: 510px) 100vw, 510px\" \/><\/figure><\/div>\n\n\n\n<figure class=\"wp-block-image\"><img loading=\"lazy\" decoding=\"async\" width=\"1024\" height=\"683\" src=\"https:\/\/www.histoiresgalantes.fr\/blog\/wp-content\/uploads\/2021\/06\/IMG_7344-1024x683.jpg\" alt=\"\" class=\"wp-image-18696\" srcset=\"https:\/\/www.histoiresgalantes.fr\/blog\/wp-content\/uploads\/2021\/06\/IMG_7344-1024x683.jpg 1024w, https:\/\/www.histoiresgalantes.fr\/blog\/wp-content\/uploads\/2021\/06\/IMG_7344-300x200.jpg 300w, https:\/\/www.histoiresgalantes.fr\/blog\/wp-content\/uploads\/2021\/06\/IMG_7344-768x512.jpg 768w, https:\/\/www.histoiresgalantes.fr\/blog\/wp-content\/uploads\/2021\/06\/IMG_7344-330x220.jpg 330w, https:\/\/www.histoiresgalantes.fr\/blog\/wp-content\/uploads\/2021\/06\/IMG_7344.jpg 1500w\" sizes=\"auto, (max-width: 1024px) 100vw, 1024px\" \/><\/figure>\n\n\n\n<figure class=\"wp-block-image\"><img loading=\"lazy\" decoding=\"async\" width=\"1024\" height=\"683\" src=\"https:\/\/www.histoiresgalantes.fr\/blog\/wp-content\/uploads\/2021\/06\/IMG_7336-1024x683.jpg\" alt=\"\" class=\"wp-image-18695\" srcset=\"https:\/\/www.histoiresgalantes.fr\/blog\/wp-content\/uploads\/2021\/06\/IMG_7336-1024x683.jpg 1024w, https:\/\/www.histoiresgalantes.fr\/blog\/wp-content\/uploads\/2021\/06\/IMG_7336-300x200.jpg 300w, https:\/\/www.histoiresgalantes.fr\/blog\/wp-content\/uploads\/2021\/06\/IMG_7336-768x512.jpg 768w, https:\/\/www.histoiresgalantes.fr\/blog\/wp-content\/uploads\/2021\/06\/IMG_7336-330x220.jpg 330w, https:\/\/www.histoiresgalantes.fr\/blog\/wp-content\/uploads\/2021\/06\/IMG_7336.jpg 1500w\" sizes=\"auto, (max-width: 1024px) 100vw, 1024px\" \/><\/figure>\n\n\n\n<figure class=\"wp-block-image\"><img loading=\"lazy\" decoding=\"async\" width=\"683\" height=\"1024\" src=\"https:\/\/www.histoiresgalantes.fr\/blog\/wp-content\/uploads\/2021\/06\/IMG_7323-683x1024.jpg\" alt=\"\" class=\"wp-image-18694\" srcset=\"https:\/\/www.histoiresgalantes.fr\/blog\/wp-content\/uploads\/2021\/06\/IMG_7323-683x1024.jpg 683w, https:\/\/www.histoiresgalantes.fr\/blog\/wp-content\/uploads\/2021\/06\/IMG_7323-200x300.jpg 200w, https:\/\/www.histoiresgalantes.fr\/blog\/wp-content\/uploads\/2021\/06\/IMG_7323-768x1152.jpg 768w, https:\/\/www.histoiresgalantes.fr\/blog\/wp-content\/uploads\/2021\/06\/IMG_7323.jpg 1000w\" sizes=\"auto, (max-width: 683px) 100vw, 683px\" \/><\/figure>\n\n\n\n<div class=\"wp-block-image\"><figure class=\"aligncenter\"><img loading=\"lazy\" decoding=\"async\" width=\"683\" height=\"1024\" src=\"https:\/\/www.histoiresgalantes.fr\/blog\/wp-content\/uploads\/2021\/06\/IMG_7327-683x1024.jpg\" alt=\"\" class=\"wp-image-18697\" srcset=\"https:\/\/www.histoiresgalantes.fr\/blog\/wp-content\/uploads\/2021\/06\/IMG_7327-683x1024.jpg 683w, https:\/\/www.histoiresgalantes.fr\/blog\/wp-content\/uploads\/2021\/06\/IMG_7327-200x300.jpg 200w, https:\/\/www.histoiresgalantes.fr\/blog\/wp-content\/uploads\/2021\/06\/IMG_7327-768x1152.jpg 768w, https:\/\/www.histoiresgalantes.fr\/blog\/wp-content\/uploads\/2021\/06\/IMG_7327.jpg 1000w\" sizes=\"auto, (max-width: 683px) 100vw, 683px\" \/><\/figure><\/div>\n\n\n\n<figure class=\"wp-block-image\"><img loading=\"lazy\" decoding=\"async\" width=\"1024\" height=\"683\" src=\"https:\/\/www.histoiresgalantes.fr\/blog\/wp-content\/uploads\/2021\/06\/IMG_7354-1024x683.jpg\" alt=\"\" class=\"wp-image-18701\" srcset=\"https:\/\/www.histoiresgalantes.fr\/blog\/wp-content\/uploads\/2021\/06\/IMG_7354-1024x683.jpg 1024w, https:\/\/www.histoiresgalantes.fr\/blog\/wp-content\/uploads\/2021\/06\/IMG_7354-300x200.jpg 300w, https:\/\/www.histoiresgalantes.fr\/blog\/wp-content\/uploads\/2021\/06\/IMG_7354-768x512.jpg 768w, https:\/\/www.histoiresgalantes.fr\/blog\/wp-content\/uploads\/2021\/06\/IMG_7354-330x220.jpg 330w, https:\/\/www.histoiresgalantes.fr\/blog\/wp-content\/uploads\/2021\/06\/IMG_7354.jpg 1500w\" sizes=\"auto, (max-width: 1024px) 100vw, 1024px\" \/><\/figure>\n\n\n\n<figure class=\"wp-block-image\"><img loading=\"lazy\" decoding=\"async\" width=\"683\" height=\"1024\" src=\"https:\/\/www.histoiresgalantes.fr\/blog\/wp-content\/uploads\/2021\/06\/IMG_7357-683x1024.jpg\" alt=\"\" class=\"wp-image-18702\" srcset=\"https:\/\/www.histoiresgalantes.fr\/blog\/wp-content\/uploads\/2021\/06\/IMG_7357-683x1024.jpg 683w, https:\/\/www.histoiresgalantes.fr\/blog\/wp-content\/uploads\/2021\/06\/IMG_7357-200x300.jpg 200w, https:\/\/www.histoiresgalantes.fr\/blog\/wp-content\/uploads\/2021\/06\/IMG_7357-768x1152.jpg 768w, https:\/\/www.histoiresgalantes.fr\/blog\/wp-content\/uploads\/2021\/06\/IMG_7357.jpg 1000w\" sizes=\"auto, (max-width: 683px) 100vw, 683px\" \/><\/figure>\n","protected":false},"excerpt":{"rendered":"<p>Une exposition dans un cadre juste trop beauDu 01 juin 2021 Au 19 septembre 2021 &#8230; Durant quatre mois, l&#8217;abbaye des Pr\u00e9montr\u00e9s de Pont-\u00e0-Mousson pr\u00e9sente une r\u00e9trospective originale consacr\u00e9e \u00e0 la fa\u00efencerie &#8230; Depuis 1873, les \u00e9maux de Longwy ont toujours jou\u00e9 entre l&#8217;art et la science. Mention sp\u00e9ciale \u00e0 celui ou celle qui a [&hellip;]<\/p>\n","protected":false},"author":1,"featured_media":18707,"comment_status":"open","ping_status":"open","sticky":false,"template":"","format":"image","meta":{"om_disable_all_campaigns":false,"_monsterinsights_skip_tracking":false,"_monsterinsights_sitenote_active":false,"_monsterinsights_sitenote_note":"","_monsterinsights_sitenote_category":0,"_s2mail":"yes","footnotes":""},"categories":[92,16,32,29,90],"tags":[],"class_list":["post-18692","post","type-post","status-publish","format-image","has-post-thumbnail","hentry","category-abbayes","category-batiments","category-sites-a-visiter","category-evenements","category-patrimoine-lorrain","post_format-post-format-image"],"aioseo_notices":[],"_links":{"self":[{"href":"https:\/\/www.histoiresgalantes.fr\/blog\/wp-json\/wp\/v2\/posts\/18692","targetHints":{"allow":["GET"]}}],"collection":[{"href":"https:\/\/www.histoiresgalantes.fr\/blog\/wp-json\/wp\/v2\/posts"}],"about":[{"href":"https:\/\/www.histoiresgalantes.fr\/blog\/wp-json\/wp\/v2\/types\/post"}],"author":[{"embeddable":true,"href":"https:\/\/www.histoiresgalantes.fr\/blog\/wp-json\/wp\/v2\/users\/1"}],"replies":[{"embeddable":true,"href":"https:\/\/www.histoiresgalantes.fr\/blog\/wp-json\/wp\/v2\/comments?post=18692"}],"version-history":[{"count":3,"href":"https:\/\/www.histoiresgalantes.fr\/blog\/wp-json\/wp\/v2\/posts\/18692\/revisions"}],"predecessor-version":[{"id":18708,"href":"https:\/\/www.histoiresgalantes.fr\/blog\/wp-json\/wp\/v2\/posts\/18692\/revisions\/18708"}],"wp:featuredmedia":[{"embeddable":true,"href":"https:\/\/www.histoiresgalantes.fr\/blog\/wp-json\/wp\/v2\/media\/18707"}],"wp:attachment":[{"href":"https:\/\/www.histoiresgalantes.fr\/blog\/wp-json\/wp\/v2\/media?parent=18692"}],"wp:term":[{"taxonomy":"category","embeddable":true,"href":"https:\/\/www.histoiresgalantes.fr\/blog\/wp-json\/wp\/v2\/categories?post=18692"},{"taxonomy":"post_tag","embeddable":true,"href":"https:\/\/www.histoiresgalantes.fr\/blog\/wp-json\/wp\/v2\/tags?post=18692"}],"curies":[{"name":"wp","href":"https:\/\/api.w.org\/{rel}","templated":true}]}}