{"id":18952,"date":"2021-09-01T09:36:54","date_gmt":"2021-09-01T08:36:54","guid":{"rendered":"http:\/\/www.histoiresgalantes.fr\/blog\/?p=18952"},"modified":"2024-09-19T10:08:58","modified_gmt":"2024-09-19T09:08:58","slug":"niama-princesse-de-galaam","status":"publish","type":"post","link":"https:\/\/www.histoiresgalantes.fr\/blog\/2021\/09\/01\/niama-princesse-de-galaam\/","title":{"rendered":"Niama, princesse de Galaam"},"content":{"rendered":"\n<p><strong>1er \u00e9pisode<\/strong><br>[D\u00e9dicace sp\u00e9ciale \u00e0 Tina]<\/p>\n\n\n\n<p><strong>1744<\/strong>, un matin sur la <strong>plage de l&#8217;Anse \u00e0 Gor\u00e9e au S\u00e9n\u00e9gal.<\/strong><br><\/p>\n\n\n\n<p>Des femmes et des enfants, li\u00e9s entre eux par des cha\u00eenes et des cordes, avancent difficilement sur le sable dor\u00e9 de la plage, <br><\/p>\n\n\n\n<p>Ils quittent \u00e0 jamais <strong>le royaume meurtri de Galaam<\/strong>.&nbsp;<\/p>\n\n\n\n<p>Parmi eux, Niama.<br>La fillette de 9 ans laisse derri\u00e8re elle ses fr\u00e8res, son p\u00e8re, son grand-p\u00e8re, ses oncles et tous les hommes de Galaam ex\u00e9cut\u00e9s dans une lutte fratricide provoqu\u00e9e par le climat g\u00e9n\u00e9r\u00e9 par des europ\u00e9ens avides des richesses de son pays.<\/p>\n\n\n\n<p>Niama est n\u00e9e dans le <strong>village de Tuabou<\/strong>, sur la rive gauche du <strong>Haut-S\u00e9n\u00e9gal<\/strong>, \u00e0 quelques kilom\u00e8tres de <strong>Bakel<\/strong>, au c\u0153ur du pays <strong>sarakoll\u00e9<\/strong>. <br>Elle est la petite-fille de<strong> Tonca (Tounka) Niama, roi du Gajaaga ou Galam ou Galaam<\/strong>, un pays riche en or qui attise la convoitise des colons europ\u00e9ens. <br>La fillette est n\u00e9e trop tard. Elle est n\u00e9e dans la tourmente et n\u2019a jamais connu la paix dont parlaient ses anc\u00eatres. Cette paix savamment tiss\u00e9e par les <strong>habitants des royaumes du Fleuve<\/strong>,  peuples dont les voyageurs traversant l\u2019<strong>empire du Mali<\/strong> vantaient les belles qualit\u00e9s.<br><br><strong>Niama n\u2019a connu que la guerre.<\/strong><\/p>\n\n\n\n<p>Perdue dans cette file interminable, elle marche et se penche de temps en temps pour apercevoir sa m\u00e8re ou l\u2019une de ses s\u0153urs. <\/p>\n\n\n\n<p><strong>Captur\u00e9e avec des centaines de personnes<\/strong> pour \u00eatre vendue aux agents de la compagnie du S\u00e9n\u00e9gal, nomm\u00e9e \u00ab&nbsp;<em>comptoir de Saint-Louis<\/em>&nbsp;\u00bb, <strong>la petite princesse<\/strong> ne sait pas encore qu\u2019<strong>elle vient de perdre sa libert\u00e9.<\/strong><\/p>\n\n\n\n<figure class=\"wp-block-image\"><img loading=\"lazy\" decoding=\"async\" width=\"624\" height=\"351\" src=\"https:\/\/www.histoiresgalantes.fr\/blog\/wp-content\/uploads\/2021\/07\/624.jpg\" alt=\"\" class=\"wp-image-18965\" srcset=\"https:\/\/www.histoiresgalantes.fr\/blog\/wp-content\/uploads\/2021\/07\/624.jpg 624w, https:\/\/www.histoiresgalantes.fr\/blog\/wp-content\/uploads\/2021\/07\/624-300x169.jpg 300w\" sizes=\"auto, (max-width: 624px) 100vw, 624px\" \/><\/figure>\n\n\n<div class=\"wp-block-image\">\n<figure class=\"aligncenter\"><img loading=\"lazy\" decoding=\"async\" width=\"1024\" height=\"768\" src=\"https:\/\/www.histoiresgalantes.fr\/blog\/wp-content\/uploads\/2021\/07\/goree-1024x768.jpg\" alt=\"\" class=\"wp-image-18958\" srcset=\"https:\/\/www.histoiresgalantes.fr\/blog\/wp-content\/uploads\/2021\/07\/goree.jpg 1024w, https:\/\/www.histoiresgalantes.fr\/blog\/wp-content\/uploads\/2021\/07\/goree-300x225.jpg 300w, https:\/\/www.histoiresgalantes.fr\/blog\/wp-content\/uploads\/2021\/07\/goree-768x576.jpg 768w, https:\/\/www.histoiresgalantes.fr\/blog\/wp-content\/uploads\/2021\/07\/goree-640x480.jpg 640w\" sizes=\"auto, (max-width: 1024px) 100vw, 1024px\" \/><\/figure><\/div>\n\n\n<p><strong>2\u00e8me \u00e9pisode<\/strong><\/p>\n\n\n\n<p><strong>Les captifs pris \u00e0 Galaam<\/strong> sont incarc\u00e9r\u00e9s dans <strong>le fort de l\u2019Anse<\/strong> \u00e0 Gor\u00e9e pour la nuit. Les familles sont s\u00e9par\u00e9es. <\/p>\n\n\n\n<p>Le lendemain matin, choisie parmi 1000 esclaves par <strong>Pierre David<\/strong>, fils d&#8217;un directeur de la Compagnie et gouverneur de la colonie du S\u00e9n\u00e9gal, <strong>Niama est jet\u00e9e dans les cales du vaisseau<\/strong> [peut-\u00eatre alors \u00ab la Favorite \u00bb], <\/p>\n\n\n\n<figure class=\"wp-block-image\"><img loading=\"lazy\" decoding=\"async\" width=\"768\" height=\"1024\" src=\"https:\/\/www.histoiresgalantes.fr\/blog\/wp-content\/uploads\/2021\/07\/800px-Portal_of_sorrow-senegal-01-768x1024.jpg\" alt=\"\" class=\"wp-image-19131\" srcset=\"https:\/\/www.histoiresgalantes.fr\/blog\/wp-content\/uploads\/2021\/07\/800px-Portal_of_sorrow-senegal-01-768x1024.jpg 768w, https:\/\/www.histoiresgalantes.fr\/blog\/wp-content\/uploads\/2021\/07\/800px-Portal_of_sorrow-senegal-01-225x300.jpg 225w, https:\/\/www.histoiresgalantes.fr\/blog\/wp-content\/uploads\/2021\/07\/800px-Portal_of_sorrow-senegal-01.jpg 800w\" sizes=\"auto, (max-width: 768px) 100vw, 768px\" \/><\/figure>\n\n\n\n<p>Voici le t\u00e9moignage du gouverneur qui a organis\u00e9 \u00ab la Grande Traite au Galaam \u00bb : <br><em>\u00ab Mon premier soin, le lendemain, fut d&#8217;ordonner la prompte exp\u00e9dition du vaisseau la Favorite qui s&#8217;\u00e9tait rendu au S\u00e9n\u00e9gal le 28 septembre. Je fis donner \u00e0 ce vaisseau le choix des noirs que avions choisi en Galaam et le renvoyait \u00e0 Gor\u00e9e monter ses pi\u00e8ces, faire son eau et y compl\u00e9ter son chargement de 450 t\u00eates. \u00bb<\/em><\/p>\n\n\n\n<p><em>\u00ab <\/em>Esclave de la Compagnie \u00bb au service de Pierre David, \u00e0 Saint-Louis (actuelle \u00eele de La R\u00e9union), Niama, de confession musulmane, doit se convertir au catholicisme et apprendre le fran\u00e7ais, comme l\u2019exige la loi : <br><em>\u00ab Tous les esclaves introduits dans les \u00eeles Bourbon, de France et autres \u00e9tablissements voisins doivent \u00eatre instruits dans la religion catholique, apostolique et romaine et baptis\u00e9s, \u00e0 peine d&#8217;amende arbitraire. \u00bb<\/em><br><br>Niama est baptis\u00e9e et re\u00e7oit les pr\u00e9noms de <strong>Marie-Genevi\u00e8ve.<\/strong><\/p>\n\n\n\n<p><strong>3\u00e8me \u00e9pisode<\/strong><\/p>\n\n\n\n<p><span style=\"background-color: rgb(232, 234, 235);\"><b>En 1746<\/b><\/span>, <strong>Pierre David<\/strong> est nomm\u00e9 nouveau gouverneur g\u00e9n\u00e9ral <strong>des \u00eeles de France et de Bourbon<\/strong>. Il vend <strong>Niama<\/strong> \u00e0 un employ\u00e9 de la Compagnie, <strong>Jean-Baptiste Geoffroy<\/strong>.<\/p>\n\n\n\n<p><strong>Jean-Baptiste Geoffroy<\/strong> est n\u00e9 au d\u00e9but du XVIIIe si\u00e8cle \u00e0 <strong>Auxerre<\/strong>. <br>Le jeune homme a quitt\u00e9 sa Bourgogne natale pour entrer au service de la <strong>Compagnie des Indes <\/strong>et arrive \u00e0 l&#8217;\u00eele de France en 1742. <br>Ing\u00e9nieur et peintre de talent, <strong>Geoffroy est un homme des Lumi\u00e8res<\/strong> et appr\u00e9cie les philosophes. <br>R\u00e9sidant \u00e0 Port-Louis (\u00eele Maurice), il obtient de la Compagnie la concession d&#8217;un terrain \u00e0 la <strong>Montagne-Longue<\/strong> et ach\u00e8te la jeune Niama dont il tombera, plus tard, amoureux.<\/p>\n\n\n\n<p><strong>Les colons sont frapp\u00e9s par des maladies diverses<\/strong> et terrible telles que la gale, les clous (furoncles), les vers, les maux de ventre, de t\u00eate, les fi\u00e8vres, la grippe, les palpitations, mais aussi, plus graves, les dysenteries putrides, la v\u00e9role et la variole volante, la fi\u00e8vre rouge et l&#8217;\u00e9thisie pulmonaires, le &#8220;mal de mouton&#8221;, la rage et le t\u00e9tanos\u2026. [source : <em>journal de Jean-Baptiste Renoyal de Lescouble<\/em>, d\u00e9but du XIXe si\u00e8cle]<br>Geoffroy n\u2019est pas \u00e9pargn\u00e9 et<strong> tombe gravement malade.<\/strong>&nbsp;<\/p>\n\n\n\n<p><strong>Niama le soigne admirablement,<\/strong> pendant deux longues ann\u00e9es, en utilisant les rem\u00e8des curatifs locaux. Elle l\u2019entoure de soins attentionn\u00e9s, am\u00e9liore son alimentation et le veille sans r\u00e9pit jusqu\u2019\u00e0 sa gu\u00e9rison. <br><br>Les t\u00e9moignages sur le caract\u00e8re de la jeune fille soulignent sa grande douceur, sa modestie, sa vive sensibilit\u00e9 et sa r\u00e9serve naturelle.  <\/p>\n\n\n\n<p>P. Legras fait d&#8217;elle ce portrait \u00e0 replacer dans le contexte de l&#8217;\u00e9poque : <em>\u00ab&nbsp;C\u2019\u00e9tait une femme ordinaire, d&#8217;assez grande taille. Sa figure ne portait aucune trace de tatouage.&nbsp;\u00bb<\/em><\/p>\n\n\n\n<p><strong>4\u00e8me \u00e9pisode<\/strong><\/p>\n\n\n\n<p>Le 20 novembre 1751, <strong>Niama accouche d&#8217;une petite Jeanne Th\u00e9r\u00e8se <\/strong>baptis\u00e9e par le pr\u00eatre de la paroisse Saint-Louis au Port-Louis.<br><\/p>\n\n\n<div class=\"wp-block-image\">\n<figure class=\"aligncenter\"><img loading=\"lazy\" decoding=\"async\" width=\"800\" height=\"629\" src=\"https:\/\/www.histoiresgalantes.fr\/blog\/wp-content\/uploads\/2021\/07\/femmes-re\u0301union.jpg\" alt=\"\" class=\"wp-image-18956\" srcset=\"https:\/\/www.histoiresgalantes.fr\/blog\/wp-content\/uploads\/2021\/07\/femmes-re\u0301union.jpg 800w, https:\/\/www.histoiresgalantes.fr\/blog\/wp-content\/uploads\/2021\/07\/femmes-re\u0301union-300x236.jpg 300w, https:\/\/www.histoiresgalantes.fr\/blog\/wp-content\/uploads\/2021\/07\/femmes-re\u0301union-768x604.jpg 768w\" sizes=\"auto, (max-width: 800px) 100vw, 800px\" \/><\/figure><\/div>\n\n\n<p><strong>Vers 1752<\/strong>, le jeune couple d\u00e9m\u00e9nage et s&#8217;installe \u00e0<strong> Bourbon<\/strong>, dans le quartier de la <strong>Rivi\u00e8re d&#8217;Abord, \u00e0 l&#8217;islet Bassin Plat<\/strong>.&nbsp;<\/p>\n\n\n\n<p>En ao\u00fbt 1755, Niama donne naissance \u00e0  <strong>Jean-Baptiste<\/strong>, qui re\u00e7oit aussi le surnom de \u00ab<strong> Lislet<\/strong> \u00bb. L&#8217;enfant est baptis\u00e9 dans l&#8217;\u00e9glise de Saint-Pierre par le cur\u00e9 Desbeurs.<\/p>\n\n\n\n<p>C&#8217;est aussi <strong>le 23 ao\u00fbt 1755 que Niama retrouve sa libert\u00e9<\/strong>.<br>Elle est affranchie par un acte notari\u00e9 : <em>\u00ab&nbsp;Le 23 ao\u00fbt avant midi, le sieur Jean-Baptiste Geoffroy donne pleine et enti\u00e8re libert\u00e9 \u00e0 la nomm\u00e9e Niama, n\u00e9gresse guin\u00e9e, son esclave, pour qu&#8217;elle jouisse des privil\u00e8ges mentionn\u00e9s aux dites lettres\u2026&nbsp;\u00bb<\/em><\/p>\n\n\n<div class=\"wp-block-image\">\n<figure class=\"aligncenter\"><img loading=\"lazy\" decoding=\"async\" width=\"448\" height=\"362\" src=\"https:\/\/www.histoiresgalantes.fr\/blog\/wp-content\/uploads\/2021\/07\/mulatre.jpg\" alt=\"\" class=\"wp-image-18967\" srcset=\"https:\/\/www.histoiresgalantes.fr\/blog\/wp-content\/uploads\/2021\/07\/mulatre.jpg 448w, https:\/\/www.histoiresgalantes.fr\/blog\/wp-content\/uploads\/2021\/07\/mulatre-300x242.jpg 300w\" sizes=\"auto, (max-width: 448px) 100vw, 448px\" \/><\/figure><\/div>\n\n\n<p><strong>5\u00e8me \u00e9pisode<\/strong><\/p>\n\n\n\n<p>Niama donne naissance a deux autres gar\u00e7ons : <strong>Louis<\/strong>, n\u00e9 en 1758, et <strong>Jean-Fran\u00e7ois<\/strong>, n\u00e9 en 1764.<\/p>\n\n\n\n<p>En ayant affranchi <strong>Niama<\/strong>, la m\u00e8re de ses enfants, <strong>Jean-Baptiste Geoffroy <\/strong>fait aussi de ses enfants des hommes et des femmes libres, mais la soci\u00e9t\u00e9 lui interdit d\u2019\u00e9pouser Niama et de reconna\u00eetre l\u00e9galement leurs enfants.(Article 6 du Code Noir)<\/p>\n\n\n\n<p><strong>6\u00e8me \u00e9pisode<\/strong><\/p>\n\n\n\n<p><strong>En 1771<\/strong>, la petite famille quitte Bourbon pour l&#8217;\u00eele de France o\u00f9 l&#8217;a\u00een\u00e9 des gar\u00e7ons, <strong>Jean-Baptiste Lisley commence une carri\u00e8re scientifique.<\/strong><br><br><strong>Ses travaux de cartographie, de m\u00e9t\u00e9orologie, d&#8217;astronomie <\/strong>lui valent l&#8217;admiration et le respect des plus grands. Il est nomm\u00e9  dessinateur au g\u00e9nie militaire de France.<\/p>\n\n\n<div class=\"wp-block-image\">\n<figure class=\"aligncenter\"><img loading=\"lazy\" decoding=\"async\" width=\"400\" height=\"401\" src=\"https:\/\/www.histoiresgalantes.fr\/blog\/wp-content\/uploads\/2021\/07\/lislet.jpg\" alt=\"\" class=\"wp-image-18953\" srcset=\"https:\/\/www.histoiresgalantes.fr\/blog\/wp-content\/uploads\/2021\/07\/lislet.jpg 400w, https:\/\/www.histoiresgalantes.fr\/blog\/wp-content\/uploads\/2021\/07\/lislet-150x150.jpg 150w, https:\/\/www.histoiresgalantes.fr\/blog\/wp-content\/uploads\/2021\/07\/lislet-300x300.jpg 300w\" sizes=\"auto, (max-width: 400px) 100vw, 400px\" \/><figcaption class=\"wp-element-caption\"><em>Jean<\/em>&#8211;<em>Baptiste Lislet Geoffroy<\/em>, n\u00e9 le 13 avril 1755 \u00e0 Saint-Pierre de La R\u00e9union et mort le 8 f\u00e9vrier 1836 \u00e0 Port-Louis (aujourd&#8217;hui capitale de Maurice)<\/figcaption><\/figure><\/div>\n\n\n<p><strong>En 1780,<\/strong> Niama a la douleur de perdre son fils Louis, engag\u00e9 dans le <strong>corps des Volontaires de Bourbon<\/strong>.&nbsp;<\/p>\n\n\n\n<p><strong>En 1786<\/strong>, elle a le bonheur de voir<strong> Jean-Baptiste<\/strong> nomm\u00e9 membre correspondant de l&#8217;<strong>Acad\u00e9mie royale des sciences<\/strong>.<\/p>\n\n\n\n<p>En 1789, le malheur la frappe \u00e0 nouveau avec la mort de son fils <strong>Jean-Fran\u00e7ois<\/strong>.<\/p>\n\n\n\n<p>Le 23 juin 1794, la loi sur l&#8217;adoption ayant \u00e9t\u00e9 modifi\u00e9e par la R\u00e9volution, <strong>Jean-Baptiste Geoffroy <\/strong>fait \u00e9tablir un acte notari\u00e9 o\u00f9 il d\u00e9clare qu&#8217;il adopte son fils <strong>Jean Baptiste Lislet<\/strong> : <\/p>\n\n\n\n<p><em>\u00ab&nbsp;N\u2019ayant ni enfants, ni parents qui fussent venues le rejoindre \u00e0 Bourbon ; m\u00fb d&#8217;une vive tendresse pour le fils de Marie-Genevi\u00e8ve Niama, il adopte pour son fils, Jean-Baptiste Lislet, n\u00e9 le 23 ao\u00fbt 1755, fils de Marie-Genevi\u00e8ve Niama ; voulant qu&#8217;il prenne son nom et partage comme tel sa succession.&nbsp;\u00bb<\/em><br><a href=\"https:\/\/www.clicanoo.re\/node\/413246\">Source <\/a><\/p>\n\n\n\n<p><strong>Jean-Baptiste Lislet Geoffroy est astronome, botaniste, cartographe et g\u00e9ologue.<\/strong> En 1786, il est le correspondant de l&#8217;<strong>Acad\u00e9mie des sciences de Paris<\/strong>. Un an plus tard, alors qu&#8217;il a 32 ans, il obtient la commission d&#8217;<strong>ing\u00e9nieur g\u00e9ographe et cartographie les \u00eeles de l&#8217;oc\u00e9an Indien, des Seychelles \u00e0 Madagascar<\/strong>.<\/p>\n\n\n\n<figure class=\"wp-block-image\"><img loading=\"lazy\" decoding=\"async\" width=\"1024\" height=\"675\" src=\"https:\/\/www.histoiresgalantes.fr\/blog\/wp-content\/uploads\/2021\/07\/Carte_re\u0301duite_de_larchipel_du_...Lislet_Geoffroy_btv1b53029687n-1024x675.jpg\" alt=\"\" class=\"wp-image-18957\" srcset=\"https:\/\/www.histoiresgalantes.fr\/blog\/wp-content\/uploads\/2021\/07\/Carte_re\u0301duite_de_larchipel_du_...Lislet_Geoffroy_btv1b53029687n-1024x675.jpg 1024w, https:\/\/www.histoiresgalantes.fr\/blog\/wp-content\/uploads\/2021\/07\/Carte_re\u0301duite_de_larchipel_du_...Lislet_Geoffroy_btv1b53029687n-300x198.jpg 300w, https:\/\/www.histoiresgalantes.fr\/blog\/wp-content\/uploads\/2021\/07\/Carte_re\u0301duite_de_larchipel_du_...Lislet_Geoffroy_btv1b53029687n-768x507.jpg 768w, https:\/\/www.histoiresgalantes.fr\/blog\/wp-content\/uploads\/2021\/07\/Carte_re\u0301duite_de_larchipel_du_...Lislet_Geoffroy_btv1b53029687n.jpg 1536w\" sizes=\"auto, (max-width: 1024px) 100vw, 1024px\" \/><figcaption class=\"wp-element-caption\">Carte relev\u00e9e par Jean-Baptiste Lislet-Gorffroy<br>\u00a9 BnF<\/figcaption><\/figure>\n\n\n\n<p><strong>Niama est la cinqui\u00e8me femme affranchie de Bourbon,<\/strong> elle obtient une concession jouxtant celle de Monsieur Geoffroy. En 1798, apr\u00e8s la mort de celui qui n&#8217;aura jamais pu \u00eatre officiellement son mari, elle rejoint son fils a\u00een\u00e9, Lislet Geoffroy, install\u00e9 \u00e0 Port-Louis. Elle meurt en 1809, \u00e0 l&#8217;\u00e2ge de 75 ans.<\/p>\n","protected":false},"excerpt":{"rendered":"<p>1er \u00e9pisode[D\u00e9dicace sp\u00e9ciale \u00e0 Tina] 1744, un matin sur la plage de l&#8217;Anse \u00e0 Gor\u00e9e au S\u00e9n\u00e9gal. Des femmes et des enfants, li\u00e9s entre eux par des cha\u00eenes et des cordes, avancent difficilement sur le sable dor\u00e9 de la plage, Ils quittent \u00e0 jamais le royaume meurtri de Galaam.&nbsp; Parmi eux, Niama.La fillette de 9 [&hellip;]<\/p>\n","protected":false},"author":1,"featured_media":28132,"comment_status":"open","ping_status":"open","sticky":false,"template":"","format":"image","meta":{"om_disable_all_campaigns":false,"_monsterinsights_skip_tracking":false,"_monsterinsights_sitenote_active":false,"_monsterinsights_sitenote_note":"","_monsterinsights_sitenote_category":0,"_s2mail":"yes","footnotes":""},"categories":[88],"tags":[],"class_list":["post-18952","post","type-post","status-publish","format-image","has-post-thumbnail","hentry","category-tragique","post_format-post-format-image"],"aioseo_notices":[],"_links":{"self":[{"href":"https:\/\/www.histoiresgalantes.fr\/blog\/wp-json\/wp\/v2\/posts\/18952","targetHints":{"allow":["GET"]}}],"collection":[{"href":"https:\/\/www.histoiresgalantes.fr\/blog\/wp-json\/wp\/v2\/posts"}],"about":[{"href":"https:\/\/www.histoiresgalantes.fr\/blog\/wp-json\/wp\/v2\/types\/post"}],"author":[{"embeddable":true,"href":"https:\/\/www.histoiresgalantes.fr\/blog\/wp-json\/wp\/v2\/users\/1"}],"replies":[{"embeddable":true,"href":"https:\/\/www.histoiresgalantes.fr\/blog\/wp-json\/wp\/v2\/comments?post=18952"}],"version-history":[{"count":52,"href":"https:\/\/www.histoiresgalantes.fr\/blog\/wp-json\/wp\/v2\/posts\/18952\/revisions"}],"predecessor-version":[{"id":28133,"href":"https:\/\/www.histoiresgalantes.fr\/blog\/wp-json\/wp\/v2\/posts\/18952\/revisions\/28133"}],"wp:featuredmedia":[{"embeddable":true,"href":"https:\/\/www.histoiresgalantes.fr\/blog\/wp-json\/wp\/v2\/media\/28132"}],"wp:attachment":[{"href":"https:\/\/www.histoiresgalantes.fr\/blog\/wp-json\/wp\/v2\/media?parent=18952"}],"wp:term":[{"taxonomy":"category","embeddable":true,"href":"https:\/\/www.histoiresgalantes.fr\/blog\/wp-json\/wp\/v2\/categories?post=18952"},{"taxonomy":"post_tag","embeddable":true,"href":"https:\/\/www.histoiresgalantes.fr\/blog\/wp-json\/wp\/v2\/tags?post=18952"}],"curies":[{"name":"wp","href":"https:\/\/api.w.org\/{rel}","templated":true}]}}