{"id":20729,"date":"2022-02-04T15:40:13","date_gmt":"2022-02-04T14:40:13","guid":{"rendered":"http:\/\/www.histoiresgalantes.fr\/blog\/?p=20729"},"modified":"2022-03-26T17:48:07","modified_gmt":"2022-03-26T16:48:07","slug":"la-marquise-du-pont-doye-hante-toujours-le-petit-luneville","status":"publish","type":"post","link":"https:\/\/www.histoiresgalantes.fr\/blog\/2022\/02\/04\/la-marquise-du-pont-doye-hante-toujours-le-petit-luneville\/","title":{"rendered":"La marquise du Pont d&#8217;Oye hante toujours son &#8220;Petit Lun\u00e9ville&#8221;"},"content":{"rendered":"\n<p><br>Le fant\u00f4me de la <strong>marquise du Pont d\u2019Oye<\/strong> hanterait toujours son domaine et surtout l\u2019esprit des habitants du Bas-Luxembourg, contr\u00e9e bois\u00e9e de la Wallonie (Belgique).<br><br>Consid\u00e9r\u00e9e en 1770 comme une sorci\u00e8re apr\u00e8s avoir dilapid\u00e9 la fortune de son riche mari, <strong>Louise de Lambertye<\/strong> (1720-1773), \u00e9lev\u00e9e \u00e0 la <strong>cour de Lun\u00e9ville<\/strong>, est jug\u00e9e responsable de tous les maux du village d\u2019Habay, alors ravag\u00e9 par une \u00e9pid\u00e9mie.<br>Poursuivie par toutes les calomnies et abandonn\u00e9e par son mari, on l&#8217;aurait retrouv\u00e9e \u00e0 l\u2019aube d\u2019un rigoureux matin d&#8217;hiver de 1773, morte de froid dans l\u2019\u00e9curie de son ancien ch\u00e2teau.<br><br><strong>L\u00e9on Wocquier<\/strong> et le <strong>baron Nothomb<\/strong> (grand p\u00e8re d\u2019Am\u00e9lie), ensorcel\u00e9s tous deux par le charme de Louise, lui tissent dans leurs romans respectifs, un sarrau de sorci\u00e8re et une robe de f\u00e9e.<br><br>En 1850, l\u2019\u00e9crivain philosophe L\u00e9on Wocquier \u00e9crit , <em>La derni\u00e8re marquise du Pont d\u2019Oye<\/em>, roman tr\u00e8s d\u00e9taill\u00e9, dans lequel il dresse le portrait d\u2019une marquise mi ange \/ mi d\u00e9mon, et la justesse de ces pr\u00e9cisions historiques nous \u00e9gare. Car dans un tel ouvrage, comment d\u00e9partager la r\u00e9alit\u00e9 de la fiction ?<br><br>L\u00e9on <strong>Wocquier<\/strong> fait \u00e9voluer Louise dans son \u00e9poque avec une telle justesse que nous y retrouvons la g\u00e9n\u00e9alogie exacte de la <strong>famille de Lambertye <\/strong>ainsi que des lieux et des protagonistes bien r\u00e9els de la cour de Lorraine au XVIIIe si\u00e8cle. <br>Les f\u00eates et l\u2019ambiance de la cour de Stanislas y sont d\u00e9crits avec une profusion de d\u00e9tails. Dans ce roman, Louise, contrari\u00e9e par un mariage arrang\u00e9, signe un pacte avec le Diable et d\u00e9pense toute la fortune de son mari en organisant des f\u00eates somptueuses dans son ch\u00e2teau du Pont d&#8217;Oye rebaptis\u00e9 \u00e0 juste titre :<strong> \u00ab le petit Lun\u00e9ville \u00bb<\/strong>.<br><br>Quant au <strong>baron de Nothomb<\/strong>, propri\u00e9taire du ch\u00e2teau du Pont d\u2019Oye en 1949, il cherche \u00e0 r\u00e9habiliter la marquise (dont il est tomb\u00e9 litt\u00e9ralement amoureux) avec : <em>La dame du Pont d\u2019Oye<\/em>, un roman anachronique (et m\u00eame un peu culcul la praline) sans aucune r\u00e9f\u00e9rences historiques et dans lequel il dessine une marquise irr\u00e9prochable et victime de la calomnie. <br>Le baron ne peut se r\u00e9soudre \u00e0 imaginer que Louise de Lambertye est responsable de son train de vie et la compare volontiers \u00e0 un oiseau sans cervelle\u2026 :<em> \u00ab C\u2019est un oiseau \u00bb<\/em>.<br><br>D\u00e9m\u00ealer le vrai du faux me semble tr\u00e8s compliqu\u00e9, la R\u00e9volution \u00e9tant pass\u00e9 par l\u00e0, la m\u00e9moire collective a bien s\u00fbr exag\u00e9r\u00e9 le train de vie dispendieux de la marquise. <br>Mais comme il n\u2019y a pas de fum\u00e9e sans feu, je pense que le roman de Wocquier est le plus proche de la v\u00e9rit\u00e9. M. Wocquier a le m\u00e9rite de nous d\u00e9tailler la vie \u00e0 la cour de Lun\u00e9ville de cette \u00e9poque dont il n\u2019est \u00e9loign\u00e9 lui-m\u00eame que de cent ans.<br><br>Le fant\u00f4me de Louise errerait toujours dans le ch\u00e2teau du Pont d\u2019Oye devenu depuis chambres d\u2019h\u00f4tes. \u00c7a vous tente ?<br>Article \u00a9 PFDebert 2022<br><br><a href=\"https:\/\/books.google.fr\/books?id=csI9AAAAcAAJ&amp;printsec=frontcover&amp;hl=fr&amp;source=gbs_ge_summary_r&amp;cad=0#v=onepage&amp;q&amp;f=false\" target=\"_blank\" rel=\"noreferrer noopener\"><em>La derni\u00e8re marquise du Pont d\u2019Oye<\/em> de L\u00e9on Wocquier (593 pages) \u00e0 lire ici<\/a><\/p>\n\n\n\n<div class=\"wp-block-image\"><figure class=\"aligncenter size-large\"><a href=\"https:\/\/www.histoiresgalantes.fr\/blog\/wp-content\/uploads\/2022\/02\/pont-doye.jpg\"><img loading=\"lazy\" decoding=\"async\" width=\"1024\" height=\"683\" src=\"https:\/\/www.histoiresgalantes.fr\/blog\/wp-content\/uploads\/2022\/02\/pont-doye-1024x683.jpg\" alt=\"\" class=\"wp-image-20736\" srcset=\"https:\/\/www.histoiresgalantes.fr\/blog\/wp-content\/uploads\/2022\/02\/pont-doye-1024x683.jpg 1024w, https:\/\/www.histoiresgalantes.fr\/blog\/wp-content\/uploads\/2022\/02\/pont-doye-300x200.jpg 300w, https:\/\/www.histoiresgalantes.fr\/blog\/wp-content\/uploads\/2022\/02\/pont-doye-768x512.jpg 768w, https:\/\/www.histoiresgalantes.fr\/blog\/wp-content\/uploads\/2022\/02\/pont-doye-330x220.jpg 330w, https:\/\/www.histoiresgalantes.fr\/blog\/wp-content\/uploads\/2022\/02\/pont-doye.jpg 1500w\" sizes=\"auto, (max-width: 1024px) 100vw, 1024px\" \/><\/a><\/figure><\/div>\n\n\n\n<div class=\"wp-block-image\"><figure class=\"aligncenter size-full\"><a href=\"https:\/\/www.histoiresgalantes.fr\/blog\/wp-content\/uploads\/2022\/02\/habay-forge.jpg\"><img loading=\"lazy\" decoding=\"async\" width=\"894\" height=\"567\" src=\"https:\/\/www.histoiresgalantes.fr\/blog\/wp-content\/uploads\/2022\/02\/habay-forge.jpg\" alt=\"\" class=\"wp-image-20738\" srcset=\"https:\/\/www.histoiresgalantes.fr\/blog\/wp-content\/uploads\/2022\/02\/habay-forge.jpg 894w, https:\/\/www.histoiresgalantes.fr\/blog\/wp-content\/uploads\/2022\/02\/habay-forge-300x190.jpg 300w, https:\/\/www.histoiresgalantes.fr\/blog\/wp-content\/uploads\/2022\/02\/habay-forge-768x487.jpg 768w\" sizes=\"auto, (max-width: 894px) 100vw, 894px\" \/><\/a><\/figure><\/div>\n\n\n\n<div class=\"wp-block-image\"><figure class=\"aligncenter size-large\"><a href=\"https:\/\/www.histoiresgalantes.fr\/blog\/wp-content\/uploads\/2022\/02\/habay-pont-doye.jpg\"><img loading=\"lazy\" decoding=\"async\" width=\"1024\" height=\"663\" src=\"https:\/\/www.histoiresgalantes.fr\/blog\/wp-content\/uploads\/2022\/02\/habay-pont-doye-1024x663.jpg\" alt=\"\" class=\"wp-image-20739\" srcset=\"https:\/\/www.histoiresgalantes.fr\/blog\/wp-content\/uploads\/2022\/02\/habay-pont-doye-1024x663.jpg 1024w, https:\/\/www.histoiresgalantes.fr\/blog\/wp-content\/uploads\/2022\/02\/habay-pont-doye-300x194.jpg 300w, https:\/\/www.histoiresgalantes.fr\/blog\/wp-content\/uploads\/2022\/02\/habay-pont-doye-768x497.jpg 768w, https:\/\/www.histoiresgalantes.fr\/blog\/wp-content\/uploads\/2022\/02\/habay-pont-doye-1536x994.jpg 1536w, https:\/\/www.histoiresgalantes.fr\/blog\/wp-content\/uploads\/2022\/02\/habay-pont-doye.jpg 1554w\" sizes=\"auto, (max-width: 1024px) 100vw, 1024px\" \/><\/a><\/figure><\/div>\n\n\n\n<div class=\"wp-block-image\"><figure class=\"aligncenter size-large\"><a href=\"https:\/\/www.histoiresgalantes.fr\/blog\/wp-content\/uploads\/2022\/02\/gerbevillers.jpg\"><img loading=\"lazy\" decoding=\"async\" width=\"1024\" height=\"646\" src=\"https:\/\/www.histoiresgalantes.fr\/blog\/wp-content\/uploads\/2022\/02\/gerbevillers-1024x646.jpg\" alt=\"\" class=\"wp-image-20742\" srcset=\"https:\/\/www.histoiresgalantes.fr\/blog\/wp-content\/uploads\/2022\/02\/gerbevillers-1024x646.jpg 1024w, https:\/\/www.histoiresgalantes.fr\/blog\/wp-content\/uploads\/2022\/02\/gerbevillers-300x189.jpg 300w, https:\/\/www.histoiresgalantes.fr\/blog\/wp-content\/uploads\/2022\/02\/gerbevillers-768x485.jpg 768w, https:\/\/www.histoiresgalantes.fr\/blog\/wp-content\/uploads\/2022\/02\/gerbevillers-1536x969.jpg 1536w, https:\/\/www.histoiresgalantes.fr\/blog\/wp-content\/uploads\/2022\/02\/gerbevillers.jpg 1556w\" sizes=\"auto, (max-width: 1024px) 100vw, 1024px\" \/><\/a><figcaption>Louise <\/figcaption><\/figure><\/div>\n\n\n\n<p><strong>Louise-Th\u00e9r\u00e8se-Fran\u00e7oise de Lambertie<\/strong>, <strong>fille de Nicolas-Fran\u00e7ois, marquis de Lambertie<\/strong>, chambellan du roy de Pologne, duc de Lorraine (inhum\u00e9 en 1741 \u00e0 Cons-la-Grandville) et de demoiselle <strong>Elisabeth de Ligniville<\/strong>, fille d&#8217;honneur de Son Altesse Royale Madame la duchesse de Lorraine.<\/p>\n\n\n\n<p>Louise, baptis\u00e9e \u00e0 Saint-Evre \u00e0 Nancy, le 7 f\u00e9vrier 1720, fut re\u00e7ue dame chanoinesse du chapitre de Remiremont, le 7 septembre 1728. Elle \u00e9pousa \u00e0 Gerbeviller, le 3 mai 1742, haut et puissant seigneur messire <strong>Christophe-Charles du BOST, seigneur d&#8217;Esche-sur-la-Surre, marquis du Pontdoye, comte de Sel,<\/strong> demeurant \u00e0 Luxembourg. Le contrat fut pass\u00e9 en pr\u00e9sence du roi Stanislas. <br>Louise-Th\u00e9r\u00e8se de Lambertie mourut \u00e0 Anlier, province du Luxembourg-Belge, le 30 d\u00e9cembre 1773, \u00e2g\u00e9e d&#8217;environ soixante ans, et son mari, qui \u00e9tait n\u00e9 le 7 mars 1714 \u00e0 Luxembourg, d\u00e9c\u00e9da \u00e0 Montigny-sur-Chiers (Meurthe-et-Moselle), le 3 janvier 1785. <br>Il \u00e9tait fils de messire Charles-Bernard du Bost-Moulin, seigneur d&#8217;Esch et de dame Marie-Marguerite de Stassin. Du Bost du Pontdoye porte : d&#8217;or au ch\u00eane au naturel charg\u00e9 de glands d&#8217;or. On trouve ailleurs d&#8217;argent au ch\u00eane de sinople terrass\u00e9 de m\u00eame et un sanglier de sable mouvant du fut \u00e0 dextre, ou mieux passant derri\u00e8re le tronc.<\/p>\n","protected":false},"excerpt":{"rendered":"<p>Le fant\u00f4me de la marquise du Pont d\u2019Oye hanterait toujours son domaine et surtout l\u2019esprit des habitants du Bas-Luxembourg, contr\u00e9e bois\u00e9e de la Wallonie (Belgique). Consid\u00e9r\u00e9e en 1770 comme une sorci\u00e8re apr\u00e8s avoir dilapid\u00e9 la fortune de son riche mari, Louise de Lambertye (1720-1773), \u00e9lev\u00e9e \u00e0 la cour de Lun\u00e9ville, est jug\u00e9e responsable de tous [&hellip;]<\/p>\n","protected":false},"author":1,"featured_media":20733,"comment_status":"open","ping_status":"open","sticky":false,"template":"","format":"image","meta":{"om_disable_all_campaigns":false,"_monsterinsights_skip_tracking":false,"_monsterinsights_sitenote_active":false,"_monsterinsights_sitenote_note":"","_monsterinsights_sitenote_category":0,"_s2mail":"yes","footnotes":""},"categories":[32,46,96,17,76],"tags":[],"class_list":["post-20729","post","type-post","status-publish","format-image","has-post-thumbnail","hentry","category-sites-a-visiter","category-chambres-d-hotes-en-lorraine","category-fantome","category-portraits","category-sortir","post_format-post-format-image"],"aioseo_notices":[],"_links":{"self":[{"href":"https:\/\/www.histoiresgalantes.fr\/blog\/wp-json\/wp\/v2\/posts\/20729","targetHints":{"allow":["GET"]}}],"collection":[{"href":"https:\/\/www.histoiresgalantes.fr\/blog\/wp-json\/wp\/v2\/posts"}],"about":[{"href":"https:\/\/www.histoiresgalantes.fr\/blog\/wp-json\/wp\/v2\/types\/post"}],"author":[{"embeddable":true,"href":"https:\/\/www.histoiresgalantes.fr\/blog\/wp-json\/wp\/v2\/users\/1"}],"replies":[{"embeddable":true,"href":"https:\/\/www.histoiresgalantes.fr\/blog\/wp-json\/wp\/v2\/comments?post=20729"}],"version-history":[{"count":11,"href":"https:\/\/www.histoiresgalantes.fr\/blog\/wp-json\/wp\/v2\/posts\/20729\/revisions"}],"predecessor-version":[{"id":21203,"href":"https:\/\/www.histoiresgalantes.fr\/blog\/wp-json\/wp\/v2\/posts\/20729\/revisions\/21203"}],"wp:featuredmedia":[{"embeddable":true,"href":"https:\/\/www.histoiresgalantes.fr\/blog\/wp-json\/wp\/v2\/media\/20733"}],"wp:attachment":[{"href":"https:\/\/www.histoiresgalantes.fr\/blog\/wp-json\/wp\/v2\/media?parent=20729"}],"wp:term":[{"taxonomy":"category","embeddable":true,"href":"https:\/\/www.histoiresgalantes.fr\/blog\/wp-json\/wp\/v2\/categories?post=20729"},{"taxonomy":"post_tag","embeddable":true,"href":"https:\/\/www.histoiresgalantes.fr\/blog\/wp-json\/wp\/v2\/tags?post=20729"}],"curies":[{"name":"wp","href":"https:\/\/api.w.org\/{rel}","templated":true}]}}