{"id":20831,"date":"2022-02-18T13:24:13","date_gmt":"2022-02-18T12:24:13","guid":{"rendered":"https:\/\/www.histoiresgalantes.fr\/blog\/?p=20831"},"modified":"2022-10-08T12:40:45","modified_gmt":"2022-10-08T11:40:45","slug":"sur-la-mort-de-diderot","status":"publish","type":"post","link":"https:\/\/www.histoiresgalantes.fr\/blog\/2022\/02\/18\/sur-la-mort-de-diderot\/","title":{"rendered":"Sur la mort de Diderot"},"content":{"rendered":"\n\n\n<p>Diderot est-il mort dans son lit le 31 juillet 1784, \u00e0 Paris, au 39 rue de Richelieu, dans l\u2019appartement lou\u00e9 par la Grande Catherine ? <br>Ou le 30 juillet 1784, \u00e0 S\u00e8vres, dans la maison qu\u2019il louait \u00e0 son ami Benjamin Belle, comme le dit le chanoine langrois Louis-Fran\u00e7ois Marcel, (le sortant d\u2019un chapeau) en 1925 ?<br><br>Un <strong>petit carnet recouvert de parchemin<\/strong>, conserv\u00e9 aux <strong>archives de la Haute-Marne<\/strong>, pourrait couper court \u00e0 la version de S\u00e8vres, soit celle d\u2019un d\u00e9c\u00e8s le 30 juillet suivi d\u2019un hypoth\u00e9tique d\u00e9placement du corps le lendemain, le mobile de la famille \u00e9tant d\u2019obtenir l\u2019extr\u00eame onction que le d\u00e9funt aurait refus\u00e9, diable, jusqu\u2019\u00e0 son tr\u00e9pas\u2026<br><br>Sur ce petit carnet, griffonn\u00e9s de la main m\u00eame de <strong>Mme Diderot<\/strong> et authentifi\u00e9s par sa fille <strong>Ang\u00e9lique<\/strong>, quelques mots tr\u00e8s \u00e9mouvants, cribl\u00e9s de fautes d\u2019orthographe, pour ne pas oublier ses deux enfant d\u00e9c\u00e9d\u00e9s pr\u00e9matur\u00e9ment : <br><em>\u00ab le 30 juin 1750 jacque fransois denie diderot est more \u00bb, \u00ab le 29 octobre est venue au monde deni loran diderot \u00bb \u00ab deni Loran est more a la fin de desembre de la mesme an\u00e9e \u00bb, <\/em><br>et pour ne pas oublier son mari : <br><em>\u00ab ce 31 juliet 1784 deni diderot est d\u00e9c\u00e9d\u00e9e \u00bb.<\/em><br><br>Fonds Diderot-Vandeul ADHM, photographies \u00a9 PFDebert novembre 2021<\/p>\n\n\n\n<div class=\"wp-block-image\"><figure class=\"aligncenter size-large\"><a href=\"https:\/\/www.histoiresgalantes.fr\/blog\/wp-content\/uploads\/2022\/02\/mort-diderot2.jpg\"><img loading=\"lazy\" decoding=\"async\" width=\"768\" height=\"1024\" src=\"https:\/\/www.histoiresgalantes.fr\/blog\/wp-content\/uploads\/2022\/02\/mort-diderot2-768x1024.jpg\" alt=\"\" class=\"wp-image-20833\" srcset=\"https:\/\/www.histoiresgalantes.fr\/blog\/wp-content\/uploads\/2022\/02\/mort-diderot2-768x1024.jpg 768w, https:\/\/www.histoiresgalantes.fr\/blog\/wp-content\/uploads\/2022\/02\/mort-diderot2-225x300.jpg 225w, https:\/\/www.histoiresgalantes.fr\/blog\/wp-content\/uploads\/2022\/02\/mort-diderot2-1152x1536.jpg 1152w, https:\/\/www.histoiresgalantes.fr\/blog\/wp-content\/uploads\/2022\/02\/mort-diderot2.jpg 1530w\" sizes=\"auto, (max-width: 768px) 100vw, 768px\" \/><\/a><figcaption>Archives d\u00e9partementales&nbsp;de la&nbsp;Haute-Marne&nbsp;&#8211; Fonds Diderot-Caroillon de Vandeul&nbsp;<\/figcaption><\/figure><\/div>\n\n\n\n<div class=\"wp-block-image\"><figure class=\"aligncenter size-large\"><a href=\"https:\/\/www.histoiresgalantes.fr\/blog\/wp-content\/uploads\/2022\/02\/mort-diderot.jpg\"><img loading=\"lazy\" decoding=\"async\" width=\"1024\" height=\"768\" src=\"https:\/\/www.histoiresgalantes.fr\/blog\/wp-content\/uploads\/2022\/02\/mort-diderot-1024x768.jpg\" alt=\"\" class=\"wp-image-20834\" srcset=\"https:\/\/www.histoiresgalantes.fr\/blog\/wp-content\/uploads\/2022\/02\/mort-diderot-1024x768.jpg 1024w, https:\/\/www.histoiresgalantes.fr\/blog\/wp-content\/uploads\/2022\/02\/mort-diderot-300x225.jpg 300w, https:\/\/www.histoiresgalantes.fr\/blog\/wp-content\/uploads\/2022\/02\/mort-diderot-768x576.jpg 768w, https:\/\/www.histoiresgalantes.fr\/blog\/wp-content\/uploads\/2022\/02\/mort-diderot-1536x1152.jpg 1536w, https:\/\/www.histoiresgalantes.fr\/blog\/wp-content\/uploads\/2022\/02\/mort-diderot-640x480.jpg 640w, https:\/\/www.histoiresgalantes.fr\/blog\/wp-content\/uploads\/2022\/02\/mort-diderot.jpg 2040w\" sizes=\"auto, (max-width: 1024px) 100vw, 1024px\" \/><\/a><figcaption>Archives d\u00e9partementales&nbsp;de la&nbsp;Haute-Marne&nbsp;&#8211; Fonds Diderot-Caroillon de Vandeul&nbsp;<\/figcaption><\/figure><\/div>\n","protected":false},"excerpt":{"rendered":"<p>Diderot est-il mort dans son lit le 31 juillet 1784, \u00e0 Paris, au 39 rue de Richelieu, dans l\u2019appartement lou\u00e9 par la Grande Catherine ? Ou le 30 juillet 1784, \u00e0 S\u00e8vres, dans la maison qu\u2019il louait \u00e0 son ami Benjamin Belle, comme le dit le chanoine langrois Louis-Fran\u00e7ois Marcel, (le sortant d\u2019un chapeau) en [&hellip;]<\/p>\n","protected":false},"author":1,"featured_media":20835,"comment_status":"open","ping_status":"open","sticky":false,"template":"","format":"image","meta":{"om_disable_all_campaigns":false,"_monsterinsights_skip_tracking":false,"_monsterinsights_sitenote_active":false,"_monsterinsights_sitenote_note":"","_monsterinsights_sitenote_category":0,"_s2mail":"yes","footnotes":""},"categories":[100,83,70,93],"tags":[],"class_list":["post-20831","post","type-post","status-publish","format-image","has-post-thumbnail","hentry","category-diderot","category-ecrivain-e-s","category-patrimoine","category-philosophes","post_format-post-format-image"],"aioseo_notices":[],"_links":{"self":[{"href":"https:\/\/www.histoiresgalantes.fr\/blog\/wp-json\/wp\/v2\/posts\/20831","targetHints":{"allow":["GET"]}}],"collection":[{"href":"https:\/\/www.histoiresgalantes.fr\/blog\/wp-json\/wp\/v2\/posts"}],"about":[{"href":"https:\/\/www.histoiresgalantes.fr\/blog\/wp-json\/wp\/v2\/types\/post"}],"author":[{"embeddable":true,"href":"https:\/\/www.histoiresgalantes.fr\/blog\/wp-json\/wp\/v2\/users\/1"}],"replies":[{"embeddable":true,"href":"https:\/\/www.histoiresgalantes.fr\/blog\/wp-json\/wp\/v2\/comments?post=20831"}],"version-history":[{"count":4,"href":"https:\/\/www.histoiresgalantes.fr\/blog\/wp-json\/wp\/v2\/posts\/20831\/revisions"}],"predecessor-version":[{"id":22625,"href":"https:\/\/www.histoiresgalantes.fr\/blog\/wp-json\/wp\/v2\/posts\/20831\/revisions\/22625"}],"wp:featuredmedia":[{"embeddable":true,"href":"https:\/\/www.histoiresgalantes.fr\/blog\/wp-json\/wp\/v2\/media\/20835"}],"wp:attachment":[{"href":"https:\/\/www.histoiresgalantes.fr\/blog\/wp-json\/wp\/v2\/media?parent=20831"}],"wp:term":[{"taxonomy":"category","embeddable":true,"href":"https:\/\/www.histoiresgalantes.fr\/blog\/wp-json\/wp\/v2\/categories?post=20831"},{"taxonomy":"post_tag","embeddable":true,"href":"https:\/\/www.histoiresgalantes.fr\/blog\/wp-json\/wp\/v2\/tags?post=20831"}],"curies":[{"name":"wp","href":"https:\/\/api.w.org\/{rel}","templated":true}]}}