{"id":21056,"date":"2022-03-07T22:51:47","date_gmt":"2022-03-07T21:51:47","guid":{"rendered":"http:\/\/www.histoiresgalantes.fr\/blog\/?p=21056"},"modified":"2022-03-10T13:07:33","modified_gmt":"2022-03-10T12:07:33","slug":"les-ailes-du-livre-salon-litteraire-de-longwy","status":"publish","type":"post","link":"https:\/\/www.histoiresgalantes.fr\/blog\/2022\/03\/07\/les-ailes-du-livre-salon-litteraire-de-longwy\/","title":{"rendered":"Les Ailes du Livre &#8211; Salon litt\u00e9raire de Longwy"},"content":{"rendered":"\n<p>J&#8217;y serai avec le dernier ouvrage de ma collection : <br><em>Chr\u00e9tienne de Danemark &#8211; Princesse des Temps modernes<\/em> <br>et tous les titres d&#8217;Histoires Galantes !<br>Au plaisir de vous y rencontrer.<br>Collection \u00a9 Pascale Debert 2022<br><br>H\u00f4tel de Ville <br>Place Leclerc<br>Longwy Meurthe-et-Moselle<br><br>Salon litt\u00e9raire avec la pr\u00e9sence de 45 auteurs.<br>Au programme : expositions d\u2019objets d\u2019\u00e9criture et de photographies, ateliers de calligraphie, spectacles pour enfants, ateliers de philosophie pour enfants et adolescents, lectures de po\u00e9sies et d\u2019extraits d\u2019ouvrages sur le Tour de France et le v\u00e9lo etc\u2026<\/p>\n\n\n\n<div class=\"wp-block-image\"><figure class=\"aligncenter size-full\"><a href=\"https:\/\/www.histoiresgalantes.fr\/blog\/wp-content\/uploads\/2022\/03\/chretienne-longwy.jpg\"><img loading=\"lazy\" decoding=\"async\" width=\"863\" height=\"659\" src=\"https:\/\/www.histoiresgalantes.fr\/blog\/wp-content\/uploads\/2022\/03\/chretienne-longwy.jpg\" alt=\"\" class=\"wp-image-21057\" srcset=\"https:\/\/www.histoiresgalantes.fr\/blog\/wp-content\/uploads\/2022\/03\/chretienne-longwy.jpg 863w, https:\/\/www.histoiresgalantes.fr\/blog\/wp-content\/uploads\/2022\/03\/chretienne-longwy-300x229.jpg 300w, https:\/\/www.histoiresgalantes.fr\/blog\/wp-content\/uploads\/2022\/03\/chretienne-longwy-768x586.jpg 768w\" sizes=\"auto, (max-width: 863px) 100vw, 863px\" \/><\/a><\/figure><\/div>\n","protected":false},"excerpt":{"rendered":"<p>J&#8217;y serai avec le dernier ouvrage de ma collection : Chr\u00e9tienne de Danemark &#8211; Princesse des Temps modernes et tous les titres d&#8217;Histoires Galantes !Au plaisir de vous y rencontrer.Collection \u00a9 Pascale Debert 2022 H\u00f4tel de Ville Place LeclercLongwy Meurthe-et-Moselle Salon litt\u00e9raire avec la pr\u00e9sence de 45 auteurs.Au programme : expositions d\u2019objets d\u2019\u00e9criture et de [&hellip;]<\/p>\n","protected":false},"author":1,"featured_media":21061,"comment_status":"open","ping_status":"open","sticky":false,"template":"","format":"image","meta":{"om_disable_all_campaigns":false,"_monsterinsights_skip_tracking":false,"_monsterinsights_sitenote_active":false,"_monsterinsights_sitenote_note":"","_monsterinsights_sitenote_category":0,"_s2mail":"yes","footnotes":""},"categories":[29,41,76],"tags":[],"class_list":["post-21056","post","type-post","status-publish","format-image","has-post-thumbnail","hentry","category-evenements","category-litterature","category-sortir","post_format-post-format-image"],"aioseo_notices":[],"_links":{"self":[{"href":"https:\/\/www.histoiresgalantes.fr\/blog\/wp-json\/wp\/v2\/posts\/21056","targetHints":{"allow":["GET"]}}],"collection":[{"href":"https:\/\/www.histoiresgalantes.fr\/blog\/wp-json\/wp\/v2\/posts"}],"about":[{"href":"https:\/\/www.histoiresgalantes.fr\/blog\/wp-json\/wp\/v2\/types\/post"}],"author":[{"embeddable":true,"href":"https:\/\/www.histoiresgalantes.fr\/blog\/wp-json\/wp\/v2\/users\/1"}],"replies":[{"embeddable":true,"href":"https:\/\/www.histoiresgalantes.fr\/blog\/wp-json\/wp\/v2\/comments?post=21056"}],"version-history":[{"count":4,"href":"https:\/\/www.histoiresgalantes.fr\/blog\/wp-json\/wp\/v2\/posts\/21056\/revisions"}],"predecessor-version":[{"id":21082,"href":"https:\/\/www.histoiresgalantes.fr\/blog\/wp-json\/wp\/v2\/posts\/21056\/revisions\/21082"}],"wp:featuredmedia":[{"embeddable":true,"href":"https:\/\/www.histoiresgalantes.fr\/blog\/wp-json\/wp\/v2\/media\/21061"}],"wp:attachment":[{"href":"https:\/\/www.histoiresgalantes.fr\/blog\/wp-json\/wp\/v2\/media?parent=21056"}],"wp:term":[{"taxonomy":"category","embeddable":true,"href":"https:\/\/www.histoiresgalantes.fr\/blog\/wp-json\/wp\/v2\/categories?post=21056"},{"taxonomy":"post_tag","embeddable":true,"href":"https:\/\/www.histoiresgalantes.fr\/blog\/wp-json\/wp\/v2\/tags?post=21056"}],"curies":[{"name":"wp","href":"https:\/\/api.w.org\/{rel}","templated":true}]}}