{"id":21119,"date":"2022-03-12T22:26:00","date_gmt":"2022-03-12T21:26:00","guid":{"rendered":"http:\/\/www.histoiresgalantes.fr\/blog\/?p=21119"},"modified":"2022-03-20T21:44:05","modified_gmt":"2022-03-20T20:44:05","slug":"mademoiselle-riviere","status":"publish","type":"post","link":"https:\/\/www.histoiresgalantes.fr\/blog\/2022\/03\/12\/mademoiselle-riviere\/","title":{"rendered":"Mademoiselle Rivi\u00e8re"},"content":{"rendered":"\n<figure class=\"wp-block-video aligncenter\"><video autoplay controls loop src=\"https:\/\/www.histoiresgalantes.fr\/blog\/wp-content\/uploads\/2022\/03\/Portrait_de_Mademoiselle_Riviere_1805_-_Jean_A.D._Ingres.mp4\" playsinline><\/video><\/figure>\n\n\n\n<p>Exp\u00e9rimentation de l&#8217;intelligence artificielle appliqu\u00e9e \u00e0 des \u0153uvres d&#8217;art \u00a9 PFD 2022)<br><br><em>Portrait de Caroline Rivi\u00e8re <\/em>par Jean-Auguste-Dominique Ingres.<br>Troisi\u00e8me et dernier tableau d&#8217;un ensemble de trois portraits des membres de la famille Rivi\u00e8re, le portrait repr\u00e9sente Caroline Rivi\u00e8re, fille de Philibert et Sabine Rivi\u00e8re, \u00e2g\u00e9e de 13 ans, et qui mourut un an apr\u00e8s la r\u00e9alisation du tableau.<br>Il est expos\u00e9, avec celui de sa m\u00e8re, au Salon en 1806. <br>Remarqu\u00e9e pour son style archa\u00efque rappelant les portraits du quatroccento, c&#8217;est une de ses \u0153uvres les plus c\u00e9l\u00e8bres.<br>Le tableau est entr\u00e9 en 1870 au mus\u00e9e du Luxembourg avec l&#8217;ensemble des portraits de la famille qui ont int\u00e9gr\u00e9 en 1874 les collections du mus\u00e9e du Louvre (inv M. I. 1445).<br><br>Image anim\u00e9e r\u00e9alis\u00e9e par un Algorithme \u00a9&nbsp;<a href=\"http:\/\/myheritage.com\/?fbclid=IwAR1o0wX_3-G0ZTfwObjgunCNBAhiE5rny8w7Qs4-D5o1M_KZFGvbBzsLnMk\" target=\"_blank\" rel=\"noreferrer noopener\">Myheritage.com<\/a><\/p>\n","protected":false},"excerpt":{"rendered":"<p>Exp\u00e9rimentation de l&#8217;intelligence artificielle appliqu\u00e9e \u00e0 des \u0153uvres d&#8217;art \u00a9 PFD 2022) Portrait de Caroline Rivi\u00e8re par Jean-Auguste-Dominique Ingres.Troisi\u00e8me et dernier tableau d&#8217;un ensemble de trois portraits des membres de la famille Rivi\u00e8re, le portrait repr\u00e9sente Caroline Rivi\u00e8re, fille de Philibert et Sabine Rivi\u00e8re, \u00e2g\u00e9e de 13 ans, et qui mourut un an apr\u00e8s la [&hellip;]<\/p>\n","protected":false},"author":1,"featured_media":21122,"comment_status":"open","ping_status":"open","sticky":false,"template":"","format":"image","meta":{"om_disable_all_campaigns":false,"_monsterinsights_skip_tracking":false,"_monsterinsights_sitenote_active":false,"_monsterinsights_sitenote_note":"","_monsterinsights_sitenote_category":0,"_s2mail":"yes","footnotes":""},"categories":[29,58],"tags":[],"class_list":["post-21119","post","type-post","status-publish","format-image","has-post-thumbnail","hentry","category-evenements","category-gifs-animes-xviiie","post_format-post-format-image"],"aioseo_notices":[],"_links":{"self":[{"href":"https:\/\/www.histoiresgalantes.fr\/blog\/wp-json\/wp\/v2\/posts\/21119","targetHints":{"allow":["GET"]}}],"collection":[{"href":"https:\/\/www.histoiresgalantes.fr\/blog\/wp-json\/wp\/v2\/posts"}],"about":[{"href":"https:\/\/www.histoiresgalantes.fr\/blog\/wp-json\/wp\/v2\/types\/post"}],"author":[{"embeddable":true,"href":"https:\/\/www.histoiresgalantes.fr\/blog\/wp-json\/wp\/v2\/users\/1"}],"replies":[{"embeddable":true,"href":"https:\/\/www.histoiresgalantes.fr\/blog\/wp-json\/wp\/v2\/comments?post=21119"}],"version-history":[{"count":9,"href":"https:\/\/www.histoiresgalantes.fr\/blog\/wp-json\/wp\/v2\/posts\/21119\/revisions"}],"predecessor-version":[{"id":21158,"href":"https:\/\/www.histoiresgalantes.fr\/blog\/wp-json\/wp\/v2\/posts\/21119\/revisions\/21158"}],"wp:featuredmedia":[{"embeddable":true,"href":"https:\/\/www.histoiresgalantes.fr\/blog\/wp-json\/wp\/v2\/media\/21122"}],"wp:attachment":[{"href":"https:\/\/www.histoiresgalantes.fr\/blog\/wp-json\/wp\/v2\/media?parent=21119"}],"wp:term":[{"taxonomy":"category","embeddable":true,"href":"https:\/\/www.histoiresgalantes.fr\/blog\/wp-json\/wp\/v2\/categories?post=21119"},{"taxonomy":"post_tag","embeddable":true,"href":"https:\/\/www.histoiresgalantes.fr\/blog\/wp-json\/wp\/v2\/tags?post=21119"}],"curies":[{"name":"wp","href":"https:\/\/api.w.org\/{rel}","templated":true}]}}