{"id":21344,"date":"2022-04-12T17:33:40","date_gmt":"2022-04-12T16:33:40","guid":{"rendered":"http:\/\/www.histoiresgalantes.fr\/blog\/?p=21344"},"modified":"2022-05-05T19:02:38","modified_gmt":"2022-05-05T18:02:38","slug":"portrait-inedit-demilie-du-chatelet","status":"publish","type":"post","link":"https:\/\/www.histoiresgalantes.fr\/blog\/2022\/04\/12\/portrait-inedit-demilie-du-chatelet\/","title":{"rendered":"[Scoop] Portrait in\u00e9dit d&#8217;\u00c9milie du Ch\u00e2telet en robe de bure"},"content":{"rendered":"\n<div class=\"wp-block-image\"><figure class=\"aligncenter size-full\"><a href=\"https:\/\/www.histoiresgalantes.fr\/blog\/wp-content\/uploads\/2022\/04\/emilie-new2.gif\"><img loading=\"lazy\" decoding=\"async\" width=\"562\" height=\"770\" src=\"https:\/\/www.histoiresgalantes.fr\/blog\/wp-content\/uploads\/2022\/04\/emilie-new2.gif\" alt=\"\" class=\"wp-image-21345\"\/><\/a><figcaption>Marianne Loir, XVIIIe si\u00e8cle, Vente Rouillac, 2021<\/figcaption><\/figure><\/div>\n\n\n\n<p>Ce portrait attribu\u00e9 \u00e0 Marianne Loir (pr\u00e9sum\u00e9 de Mlle de Charolais par le site de vente, mais pr\u00e9sum\u00e9 avec certitude par moi-m\u00eame de Mme du Ch\u00e2telet) coupe d\u00e9finitivement court aux affreux ragots de Mme du Deffand\u2026 <br><br>De plus, il illustre avec tant d&#8217;humour la vie des amoureux les plus c\u00e9l\u00e8bres de leur temps, retir\u00e9s dans le &#8221; d\u00e9sert de Cirey&#8221; pour y vivre d&#8217;amour et d&#8217;\u00e9tude.<br>&#8220;<em>Asile des beaux arts, solitude o\u00f9 mon coeur est toujours demeur\u00e9 dans une paix profonde, c&#8217;est vous qui donnez le bonheur que promettait en vain le monde&#8221;.<\/em> Voltaire<br><br>En se retirant dans cet asile de solitude, qu&#8217;ils meublent comme Versailles (soit  dit en passant), les deux amants se jouent du monde et se griment volontiers en ermites pour convaincre le duc de Richelieu de permettre \u00e0 leur nouvel ami, fr\u00e8re Macaire, de rester dans sa petite chapelle \u00e0 2 km de Cirey. <br>Le philosophe explique, dans une lettre tr\u00e8s dr\u00f4le o\u00f9 il se nomme <em>\u00ab fr\u00e8re Fran\u00e7ois \u00bb<\/em> nommant par la m\u00eame occasion la marquise du Ch\u00e2telet <em>\u00ab soeur \u00c9milie \u00bb<\/em> que <em>\u00ab soeur \u00c9milie serait fort aise si fr\u00e8re Macaire pouvait rester dans sa chapelle d\u2019o\u00f9 il viendrait quelquefois travailler de son m\u00e9tier de peintre \u00e0 Cirey. \u00bb<\/em> et il termine ainsi sa lettre : <em>\u00ab Fr\u00e8re Fran\u00e7ois priera Dieu pour vous avec un grand z\u00e8le et tr\u00e8s efficace. \u00bb<\/em><br><br>Etude \u00a9 Pascale Fourtier-Debert avril 2022<br>Directrice artistique, dix-huiti\u00e8miste, autrice et directrice de la collection Histoires galantes, \u00e9dit\u00e9e par LIRALEST &#8211; Le Pythagore \u00e9ditions.<br><br><br><\/p>\n\n\n\n<div class=\"wp-block-image\"><figure class=\"aligncenter size-large\"><a href=\"https:\/\/www.histoiresgalantes.fr\/blog\/wp-content\/uploads\/2022\/04\/emilie-1.jpg\"><img loading=\"lazy\" decoding=\"async\" width=\"724\" height=\"1024\" src=\"https:\/\/www.histoiresgalantes.fr\/blog\/wp-content\/uploads\/2022\/04\/emilie-1-724x1024.jpg\" alt=\"\" class=\"wp-image-21347\" srcset=\"https:\/\/www.histoiresgalantes.fr\/blog\/wp-content\/uploads\/2022\/04\/emilie-1-724x1024.jpg 724w, https:\/\/www.histoiresgalantes.fr\/blog\/wp-content\/uploads\/2022\/04\/emilie-1-212x300.jpg 212w, https:\/\/www.histoiresgalantes.fr\/blog\/wp-content\/uploads\/2022\/04\/emilie-1-768x1087.jpg 768w, https:\/\/www.histoiresgalantes.fr\/blog\/wp-content\/uploads\/2022\/04\/emilie-1.jpg 1060w\" sizes=\"auto, (max-width: 724px) 100vw, 724px\" \/><\/a><\/figure><\/div>\n\n\n\n<div class=\"wp-block-image\"><figure class=\"aligncenter size-large\"><a href=\"https:\/\/www.histoiresgalantes.fr\/blog\/wp-content\/uploads\/2022\/04\/emilie-2.jpg\"><img loading=\"lazy\" decoding=\"async\" width=\"724\" height=\"1024\" src=\"https:\/\/www.histoiresgalantes.fr\/blog\/wp-content\/uploads\/2022\/04\/emilie-2-724x1024.jpg\" alt=\"\" class=\"wp-image-21348\" srcset=\"https:\/\/www.histoiresgalantes.fr\/blog\/wp-content\/uploads\/2022\/04\/emilie-2-724x1024.jpg 724w, https:\/\/www.histoiresgalantes.fr\/blog\/wp-content\/uploads\/2022\/04\/emilie-2-212x300.jpg 212w, https:\/\/www.histoiresgalantes.fr\/blog\/wp-content\/uploads\/2022\/04\/emilie-2-768x1086.jpg 768w, https:\/\/www.histoiresgalantes.fr\/blog\/wp-content\/uploads\/2022\/04\/emilie-2.jpg 1061w\" sizes=\"auto, (max-width: 724px) 100vw, 724px\" \/><\/a><\/figure><\/div>\n\n\n\n<div class=\"wp-block-image\"><figure class=\"aligncenter size-large\"><a href=\"https:\/\/www.histoiresgalantes.fr\/blog\/wp-content\/uploads\/2022\/04\/emilie-3.jpg\"><img loading=\"lazy\" decoding=\"async\" width=\"724\" height=\"1024\" src=\"https:\/\/www.histoiresgalantes.fr\/blog\/wp-content\/uploads\/2022\/04\/emilie-3-724x1024.jpg\" alt=\"\" class=\"wp-image-21349\" srcset=\"https:\/\/www.histoiresgalantes.fr\/blog\/wp-content\/uploads\/2022\/04\/emilie-3-724x1024.jpg 724w, https:\/\/www.histoiresgalantes.fr\/blog\/wp-content\/uploads\/2022\/04\/emilie-3-212x300.jpg 212w, https:\/\/www.histoiresgalantes.fr\/blog\/wp-content\/uploads\/2022\/04\/emilie-3-768x1086.jpg 768w, https:\/\/www.histoiresgalantes.fr\/blog\/wp-content\/uploads\/2022\/04\/emilie-3.jpg 1061w\" sizes=\"auto, (max-width: 724px) 100vw, 724px\" \/><\/a><\/figure><\/div>\n","protected":false},"excerpt":{"rendered":"<p>Ce portrait attribu\u00e9 \u00e0 Marianne Loir (pr\u00e9sum\u00e9 de Mlle de Charolais par le site de vente, mais pr\u00e9sum\u00e9 avec certitude par moi-m\u00eame de Mme du Ch\u00e2telet) coupe d\u00e9finitivement court aux affreux ragots de Mme du Deffand\u2026 De plus, il illustre avec tant d&#8217;humour la vie des amoureux les plus c\u00e9l\u00e8bres de leur temps, retir\u00e9s dans [&hellip;]<\/p>\n","protected":false},"author":1,"featured_media":21350,"comment_status":"open","ping_status":"open","sticky":false,"template":"","format":"image","meta":{"om_disable_all_campaigns":false,"_monsterinsights_skip_tracking":false,"_monsterinsights_sitenote_active":false,"_monsterinsights_sitenote_note":"","_monsterinsights_sitenote_category":0,"_s2mail":"yes","footnotes":""},"categories":[31,26],"tags":[],"class_list":["post-21344","post","type-post","status-publish","format-image","has-post-thumbnail","hentry","category-voltaire","category-mme-du-chatelet","post_format-post-format-image"],"aioseo_notices":[],"_links":{"self":[{"href":"https:\/\/www.histoiresgalantes.fr\/blog\/wp-json\/wp\/v2\/posts\/21344","targetHints":{"allow":["GET"]}}],"collection":[{"href":"https:\/\/www.histoiresgalantes.fr\/blog\/wp-json\/wp\/v2\/posts"}],"about":[{"href":"https:\/\/www.histoiresgalantes.fr\/blog\/wp-json\/wp\/v2\/types\/post"}],"author":[{"embeddable":true,"href":"https:\/\/www.histoiresgalantes.fr\/blog\/wp-json\/wp\/v2\/users\/1"}],"replies":[{"embeddable":true,"href":"https:\/\/www.histoiresgalantes.fr\/blog\/wp-json\/wp\/v2\/comments?post=21344"}],"version-history":[{"count":12,"href":"https:\/\/www.histoiresgalantes.fr\/blog\/wp-json\/wp\/v2\/posts\/21344\/revisions"}],"predecessor-version":[{"id":21607,"href":"https:\/\/www.histoiresgalantes.fr\/blog\/wp-json\/wp\/v2\/posts\/21344\/revisions\/21607"}],"wp:featuredmedia":[{"embeddable":true,"href":"https:\/\/www.histoiresgalantes.fr\/blog\/wp-json\/wp\/v2\/media\/21350"}],"wp:attachment":[{"href":"https:\/\/www.histoiresgalantes.fr\/blog\/wp-json\/wp\/v2\/media?parent=21344"}],"wp:term":[{"taxonomy":"category","embeddable":true,"href":"https:\/\/www.histoiresgalantes.fr\/blog\/wp-json\/wp\/v2\/categories?post=21344"},{"taxonomy":"post_tag","embeddable":true,"href":"https:\/\/www.histoiresgalantes.fr\/blog\/wp-json\/wp\/v2\/tags?post=21344"}],"curies":[{"name":"wp","href":"https:\/\/api.w.org\/{rel}","templated":true}]}}