{"id":21797,"date":"2022-06-15T16:24:16","date_gmt":"2022-06-15T15:24:16","guid":{"rendered":"http:\/\/www.histoiresgalantes.fr\/blog\/?p=21797"},"modified":"2022-06-15T17:09:13","modified_gmt":"2022-06-15T16:09:13","slug":"news-emilie-du-chatelet-son-monde-ses-travaux","status":"publish","type":"post","link":"https:\/\/www.histoiresgalantes.fr\/blog\/2022\/06\/15\/news-emilie-du-chatelet-son-monde-ses-travaux\/","title":{"rendered":"[News] Emilie du Ch\u00e2telet, son monde, ses travaux"},"content":{"rendered":"\n<p>\u00c9tudes r\u00e9unies par Ulla K\u00f6lving et Andrew Brown.<br><\/p>\n\n\n\n<figure class=\"wp-block-image is-resized\"><img loading=\"lazy\" decoding=\"async\" src=\"https:\/\/c18.net\/18img\/cieds.gif\" alt=\"\" width=\"462\" height=\"73\"\/><\/figure>\n\n\n\n<p><img decoding=\"async\" width=\"250px\" src=\"https:\/\/c18.net\/18img\/\/pub_edcmt.png\"><br><br><br>Entre autres \u00e9tudes, une enqu\u00eate in\u00e9dite sur le faux portrait d&#8217;Emilie que l&#8217;on retrouve partout dans les manuels d&#8217;histoire et sur le <a href=\"https:\/\/www.histoiresgalantes.fr\/blog\/2019\/06\/27\/ceci-nest-pas-emilie\/\" target=\"_blank\" rel=\"noreferrer noopener\">timbre \u00e0 son effigie<\/a>\u2026<br>A lire aussi un article sur <a href=\"https:\/\/www.histoiresgalantes.fr\/blog\/2019\/02\/17\/une-fleur-une-astronome\/\" target=\"_blank\" rel=\"noreferrer noopener\">Mme Lepaute <\/a>repr\u00e9sent\u00e9e en vrai sur le faux portrait d&#8217;Emilie.<br>488\u00a0pages, 118\u00a0illustrations, broch\u00e9<br>Paru en mai 2022<br><em>\u00c9milie Du Ch\u00e2telet, son monde, ses travaux<\/em><br>en vente ici :<a href=\"https:\/\/c18.net\/18\/p.php?nom=p_edcmt&amp;fbclid=IwAR2DY5xKbPUwRz4yK6EpEgFCuoXQs4yi28B4mpvZ-SlIkN8CbOvV218dtwY\" target=\"_blank\" rel=\"noreferrer noopener\">https:\/\/c18.net\/18\/p.php?nom=p_edcmt<\/a><br><\/p>\n\n\n\n<figure class=\"wp-block-image size-large\"><a href=\"https:\/\/www.histoiresgalantes.fr\/blog\/wp-content\/uploads\/2022\/06\/IMG_4572-scaled.jpg\"><img loading=\"lazy\" decoding=\"async\" width=\"1024\" height=\"768\" src=\"https:\/\/www.histoiresgalantes.fr\/blog\/wp-content\/uploads\/2022\/06\/IMG_4572-1024x768.jpg\" alt=\"\" class=\"wp-image-21800\" srcset=\"https:\/\/www.histoiresgalantes.fr\/blog\/wp-content\/uploads\/2022\/06\/IMG_4572-1024x768.jpg 1024w, https:\/\/www.histoiresgalantes.fr\/blog\/wp-content\/uploads\/2022\/06\/IMG_4572-300x225.jpg 300w, https:\/\/www.histoiresgalantes.fr\/blog\/wp-content\/uploads\/2022\/06\/IMG_4572-768x576.jpg 768w, https:\/\/www.histoiresgalantes.fr\/blog\/wp-content\/uploads\/2022\/06\/IMG_4572-1536x1152.jpg 1536w, https:\/\/www.histoiresgalantes.fr\/blog\/wp-content\/uploads\/2022\/06\/IMG_4572-2048x1536.jpg 2048w, https:\/\/www.histoiresgalantes.fr\/blog\/wp-content\/uploads\/2022\/06\/IMG_4572-640x480.jpg 640w\" sizes=\"auto, (max-width: 1024px) 100vw, 1024px\" \/><\/a><\/figure>\n","protected":false},"excerpt":{"rendered":"<p>\u00c9tudes r\u00e9unies par Ulla K\u00f6lving et Andrew Brown. Entre autres \u00e9tudes, une enqu\u00eate in\u00e9dite sur le faux portrait d&#8217;Emilie que l&#8217;on retrouve partout dans les manuels d&#8217;histoire et sur le timbre \u00e0 son effigie\u2026A lire aussi un article sur Mme Lepaute repr\u00e9sent\u00e9e en vrai sur le faux portrait d&#8217;Emilie.488\u00a0pages, 118\u00a0illustrations, broch\u00e9Paru en mai 2022\u00c9milie Du [&hellip;]<\/p>\n","protected":false},"author":1,"featured_media":21803,"comment_status":"open","ping_status":"open","sticky":false,"template":"","format":"image","meta":{"om_disable_all_campaigns":false,"_monsterinsights_skip_tracking":false,"_monsterinsights_sitenote_active":false,"_monsterinsights_sitenote_note":"","_monsterinsights_sitenote_category":0,"_s2mail":"yes","footnotes":""},"categories":[41,26,17,71,56],"tags":[],"class_list":["post-21797","post","type-post","status-publish","format-image","has-post-thumbnail","hentry","category-litterature","category-mme-du-chatelet","category-portraits","category-regne-de-stanislas","category-talents-et-artistes-exceptionnels","post_format-post-format-image"],"aioseo_notices":[],"_links":{"self":[{"href":"https:\/\/www.histoiresgalantes.fr\/blog\/wp-json\/wp\/v2\/posts\/21797","targetHints":{"allow":["GET"]}}],"collection":[{"href":"https:\/\/www.histoiresgalantes.fr\/blog\/wp-json\/wp\/v2\/posts"}],"about":[{"href":"https:\/\/www.histoiresgalantes.fr\/blog\/wp-json\/wp\/v2\/types\/post"}],"author":[{"embeddable":true,"href":"https:\/\/www.histoiresgalantes.fr\/blog\/wp-json\/wp\/v2\/users\/1"}],"replies":[{"embeddable":true,"href":"https:\/\/www.histoiresgalantes.fr\/blog\/wp-json\/wp\/v2\/comments?post=21797"}],"version-history":[{"count":7,"href":"https:\/\/www.histoiresgalantes.fr\/blog\/wp-json\/wp\/v2\/posts\/21797\/revisions"}],"predecessor-version":[{"id":21811,"href":"https:\/\/www.histoiresgalantes.fr\/blog\/wp-json\/wp\/v2\/posts\/21797\/revisions\/21811"}],"wp:featuredmedia":[{"embeddable":true,"href":"https:\/\/www.histoiresgalantes.fr\/blog\/wp-json\/wp\/v2\/media\/21803"}],"wp:attachment":[{"href":"https:\/\/www.histoiresgalantes.fr\/blog\/wp-json\/wp\/v2\/media?parent=21797"}],"wp:term":[{"taxonomy":"category","embeddable":true,"href":"https:\/\/www.histoiresgalantes.fr\/blog\/wp-json\/wp\/v2\/categories?post=21797"},{"taxonomy":"post_tag","embeddable":true,"href":"https:\/\/www.histoiresgalantes.fr\/blog\/wp-json\/wp\/v2\/tags?post=21797"}],"curies":[{"name":"wp","href":"https:\/\/api.w.org\/{rel}","templated":true}]}}