{"id":21861,"date":"2022-06-21T17:49:54","date_gmt":"2022-06-21T16:49:54","guid":{"rendered":"http:\/\/www.histoiresgalantes.fr\/blog\/?p=21861"},"modified":"2022-06-22T14:00:52","modified_gmt":"2022-06-22T13:00:52","slug":"appel-a-communication-graver-la-danse-la-musique-les-sciences-et-la-geographie-corps-de-metier-et-diffusion-des-savoirs-au-xviiie-siecle","status":"publish","type":"post","link":"https:\/\/www.histoiresgalantes.fr\/blog\/2022\/06\/21\/appel-a-communication-graver-la-danse-la-musique-les-sciences-et-la-geographie-corps-de-metier-et-diffusion-des-savoirs-au-xviiie-siecle\/","title":{"rendered":"[Appel \u00e0 communication] \u00ab Graver la danse, la musique, les sciences et la g\u00e9ographie. Corps de m\u00e9tier et diffusion des savoirs au XVIIIe si\u00e8cle \u00bb"},"content":{"rendered":"\n<figure class=\"wp-block-image size-full\"><a href=\"https:\/\/www.histoiresgalantes.fr\/blog\/wp-content\/uploads\/2022\/06\/dansebd.gif\"><img loading=\"lazy\" decoding=\"async\" width=\"800\" height=\"955\" src=\"https:\/\/www.histoiresgalantes.fr\/blog\/wp-content\/uploads\/2022\/06\/dansebd.gif\" alt=\"\" class=\"wp-image-21864\"\/><\/a><\/figure>\n\n\n\n<p>Date limite des propositions : 1er juillet 2022 Appel \u00e0 communication : <br>\u00ab Graver la danse, la musique, les sciences et la g\u00e9ographie. Corps de m\u00e9tier et diffusion des savoirs au XVIIIe si\u00e8cle \u00bb (21-22 novembre 2022) Journ\u00e9es d\u2019\u00e9tudes, INHA, 21-22 novembre 2022 Ech\u00e9ance : 1er juillet 2022 <br><a href=\"http:\/\/blog.apahau.org\/appel-a-communication-graver-la-danse-la-musique-les-sciences-et-la-geographie-corps-de-metier-et-diffusion-des-savoirs-au-xviiie-siecle\/\" target=\"_blank\" rel=\"noreferrer noopener\">Lien ici <\/a><\/p>\n","protected":false},"excerpt":{"rendered":"<p>Date limite des propositions : 1er juillet 2022 Appel \u00e0 communication : \u00ab Graver la danse, la musique, les sciences et la g\u00e9ographie. Corps de m\u00e9tier et diffusion des savoirs au XVIIIe si\u00e8cle \u00bb (21-22 novembre 2022) Journ\u00e9es d\u2019\u00e9tudes, INHA, 21-22 novembre 2022 Ech\u00e9ance : 1er juillet 2022 Lien ici<\/p>\n","protected":false},"author":1,"featured_media":21868,"comment_status":"open","ping_status":"open","sticky":false,"template":"","format":"image","meta":{"om_disable_all_campaigns":false,"_monsterinsights_skip_tracking":false,"_monsterinsights_sitenote_active":false,"_monsterinsights_sitenote_note":"","_monsterinsights_sitenote_category":0,"_s2mail":"yes","footnotes":""},"categories":[84,81,58,41],"tags":[],"class_list":["post-21861","post","type-post","status-publish","format-image","has-post-thumbnail","hentry","category-colloque","category-conference","category-gifs-animes-xviiie","category-litterature","post_format-post-format-image"],"aioseo_notices":[],"_links":{"self":[{"href":"https:\/\/www.histoiresgalantes.fr\/blog\/wp-json\/wp\/v2\/posts\/21861","targetHints":{"allow":["GET"]}}],"collection":[{"href":"https:\/\/www.histoiresgalantes.fr\/blog\/wp-json\/wp\/v2\/posts"}],"about":[{"href":"https:\/\/www.histoiresgalantes.fr\/blog\/wp-json\/wp\/v2\/types\/post"}],"author":[{"embeddable":true,"href":"https:\/\/www.histoiresgalantes.fr\/blog\/wp-json\/wp\/v2\/users\/1"}],"replies":[{"embeddable":true,"href":"https:\/\/www.histoiresgalantes.fr\/blog\/wp-json\/wp\/v2\/comments?post=21861"}],"version-history":[{"count":4,"href":"https:\/\/www.histoiresgalantes.fr\/blog\/wp-json\/wp\/v2\/posts\/21861\/revisions"}],"predecessor-version":[{"id":21867,"href":"https:\/\/www.histoiresgalantes.fr\/blog\/wp-json\/wp\/v2\/posts\/21861\/revisions\/21867"}],"wp:featuredmedia":[{"embeddable":true,"href":"https:\/\/www.histoiresgalantes.fr\/blog\/wp-json\/wp\/v2\/media\/21868"}],"wp:attachment":[{"href":"https:\/\/www.histoiresgalantes.fr\/blog\/wp-json\/wp\/v2\/media?parent=21861"}],"wp:term":[{"taxonomy":"category","embeddable":true,"href":"https:\/\/www.histoiresgalantes.fr\/blog\/wp-json\/wp\/v2\/categories?post=21861"},{"taxonomy":"post_tag","embeddable":true,"href":"https:\/\/www.histoiresgalantes.fr\/blog\/wp-json\/wp\/v2\/tags?post=21861"}],"curies":[{"name":"wp","href":"https:\/\/api.w.org\/{rel}","templated":true}]}}