{"id":21876,"date":"2022-06-27T17:29:00","date_gmt":"2022-06-27T16:29:00","guid":{"rendered":"http:\/\/www.histoiresgalantes.fr\/blog\/?p=21876"},"modified":"2022-06-27T21:54:53","modified_gmt":"2022-06-27T20:54:53","slug":"hommage-a-claude-deruet-peintre-nanceien-du-xviie-siecle","status":"publish","type":"post","link":"https:\/\/www.histoiresgalantes.fr\/blog\/2022\/06\/27\/hommage-a-claude-deruet-peintre-nanceien-du-xviie-siecle\/","title":{"rendered":"Hommage \u00e0 Claude D\u00e9ruet, peintre nanc\u00e9ien du XVIIe si\u00e8cle"},"content":{"rendered":"\n<p>Sur un air d&#8217;\u00e9pinette vosgienne, jou\u00e9 par <strong>Christophe Toussaint<\/strong>, enregistr\u00e9 ce week-end au salon du Livre de Plombi\u00e8res-les-Bains.<br><br>Zoom sur <strong>Claude D\u00e9ruet<\/strong>, \u00ab Desruet \u00bb ou \u00ab Desruetz \u00bb, peintre nanc\u00e9ien extr\u00eamement talentueux m\u00e9ritant sans doute un peu plus de visibilit\u00e9 dans son pays natal qui l\u2019a mis \u00ab semble-t\u2019il \u00bb de c\u00f4t\u00e9 parce qu\u2019il \u00e9tait un peu (beaucoup) du cot\u00e9 de des Fran\u00e7ais pendant la Guerre de Trente ans. <br>Oups !  <br><\/p>\n\n\n\n<figure class=\"wp-block-video aligncenter\"><video autoplay controls src=\"https:\/\/www.histoiresgalantes.fr\/blog\/wp-content\/uploads\/2022\/06\/deruet1-1.mp4\"><\/video><\/figure>\n\n\n\n<p>Mais quel talent ! <br>De l&#8217;eau a coul\u00e9 sous les ponts. A quand une exposition <strong>D\u00c9RUET <\/strong>? <br>Peintre de cour officiel du duc Charles III de Lorraine et \u00e9l\u00e8ve de <strong>BELLANGE, D\u00c9RUET<\/strong> \u00e9tudie ensuite \u00e0 Rome pour se rapprocher ensuite de Louis XIII\u2026<br><br>Il peint beaucoup de cavaliers et de cavali\u00e8res, amazones, guerri\u00e8res, des sc\u00e8nes mythologiques, des portraits. <br>Ses \u0153uvres peu nombreuses sont dispers\u00e9es dans toute l&#8217;Europe (France, Allemagne, Belgique, Italie \u00e0 Rome\u2026), en dehors des grands tableaux conserv\u00e9s au mus\u00e9e des beaux-arts d\u2019Orl\u00e9ans.<br><br>Des s\u00e9ries d\u2019amazones sont au mus\u00e9e des beaux-arts de Strasbourg et au mus\u00e9e Jeanne d&#8217;Aboville de La F\u00e8re, et un important ensemble de ses \u0153uvres serait abrit\u00e9 dans les collections du mus\u00e9e Lorrain\u2026<br><\/p>\n\n\n\n<div class=\"wp-block-image\"><figure class=\"aligncenter size-large\"><a href=\"https:\/\/www.histoiresgalantes.fr\/blog\/wp-content\/uploads\/2022\/06\/image_callot_jacques_portrait_de_claude_deruet_lieure_1296_meaume_505_gdut1255_682522.jpg\"><img loading=\"lazy\" decoding=\"async\" width=\"612\" height=\"1024\" src=\"https:\/\/www.histoiresgalantes.fr\/blog\/wp-content\/uploads\/2022\/06\/image_callot_jacques_portrait_de_claude_deruet_lieure_1296_meaume_505_gdut1255_682522-612x1024.jpg\" alt=\"\" class=\"wp-image-21880\" srcset=\"https:\/\/www.histoiresgalantes.fr\/blog\/wp-content\/uploads\/2022\/06\/image_callot_jacques_portrait_de_claude_deruet_lieure_1296_meaume_505_gdut1255_682522-612x1024.jpg 612w, https:\/\/www.histoiresgalantes.fr\/blog\/wp-content\/uploads\/2022\/06\/image_callot_jacques_portrait_de_claude_deruet_lieure_1296_meaume_505_gdut1255_682522-179x300.jpg 179w, https:\/\/www.histoiresgalantes.fr\/blog\/wp-content\/uploads\/2022\/06\/image_callot_jacques_portrait_de_claude_deruet_lieure_1296_meaume_505_gdut1255_682522-768x1286.jpg 768w, https:\/\/www.histoiresgalantes.fr\/blog\/wp-content\/uploads\/2022\/06\/image_callot_jacques_portrait_de_claude_deruet_lieure_1296_meaume_505_gdut1255_682522-918x1536.jpg 918w, https:\/\/www.histoiresgalantes.fr\/blog\/wp-content\/uploads\/2022\/06\/image_callot_jacques_portrait_de_claude_deruet_lieure_1296_meaume_505_gdut1255_682522.jpg 1000w\" sizes=\"auto, (max-width: 612px) 100vw, 612px\" \/><\/a><figcaption>D\u00e9ruet par Callot<\/figcaption><\/figure><\/div>\n\n\n\n<p>Montage \u00a9 PFDebert 2022 juin<\/p>\n","protected":false},"excerpt":{"rendered":"<p>Sur un air d&#8217;\u00e9pinette vosgienne, jou\u00e9 par Christophe Toussaint, enregistr\u00e9 ce week-end au salon du Livre de Plombi\u00e8res-les-Bains. Zoom sur Claude D\u00e9ruet, \u00ab Desruet \u00bb ou \u00ab Desruetz \u00bb, peintre nanc\u00e9ien extr\u00eamement talentueux m\u00e9ritant sans doute un peu plus de visibilit\u00e9 dans son pays natal qui l\u2019a mis \u00ab semble-t\u2019il \u00bb de c\u00f4t\u00e9 parce qu\u2019il [&hellip;]<\/p>\n","protected":false},"author":1,"featured_media":21881,"comment_status":"open","ping_status":"open","sticky":false,"template":"","format":"image","meta":{"om_disable_all_campaigns":false,"_monsterinsights_skip_tracking":false,"_monsterinsights_sitenote_active":false,"_monsterinsights_sitenote_note":"","_monsterinsights_sitenote_category":0,"_s2mail":"yes","footnotes":""},"categories":[55,24],"tags":[],"class_list":["post-21876","post","type-post","status-publish","format-image","has-post-thumbnail","hentry","category-graveurs","category-peintres-dessinateurs","post_format-post-format-image"],"aioseo_notices":[],"_links":{"self":[{"href":"https:\/\/www.histoiresgalantes.fr\/blog\/wp-json\/wp\/v2\/posts\/21876","targetHints":{"allow":["GET"]}}],"collection":[{"href":"https:\/\/www.histoiresgalantes.fr\/blog\/wp-json\/wp\/v2\/posts"}],"about":[{"href":"https:\/\/www.histoiresgalantes.fr\/blog\/wp-json\/wp\/v2\/types\/post"}],"author":[{"embeddable":true,"href":"https:\/\/www.histoiresgalantes.fr\/blog\/wp-json\/wp\/v2\/users\/1"}],"replies":[{"embeddable":true,"href":"https:\/\/www.histoiresgalantes.fr\/blog\/wp-json\/wp\/v2\/comments?post=21876"}],"version-history":[{"count":6,"href":"https:\/\/www.histoiresgalantes.fr\/blog\/wp-json\/wp\/v2\/posts\/21876\/revisions"}],"predecessor-version":[{"id":21922,"href":"https:\/\/www.histoiresgalantes.fr\/blog\/wp-json\/wp\/v2\/posts\/21876\/revisions\/21922"}],"wp:featuredmedia":[{"embeddable":true,"href":"https:\/\/www.histoiresgalantes.fr\/blog\/wp-json\/wp\/v2\/media\/21881"}],"wp:attachment":[{"href":"https:\/\/www.histoiresgalantes.fr\/blog\/wp-json\/wp\/v2\/media?parent=21876"}],"wp:term":[{"taxonomy":"category","embeddable":true,"href":"https:\/\/www.histoiresgalantes.fr\/blog\/wp-json\/wp\/v2\/categories?post=21876"},{"taxonomy":"post_tag","embeddable":true,"href":"https:\/\/www.histoiresgalantes.fr\/blog\/wp-json\/wp\/v2\/tags?post=21876"}],"curies":[{"name":"wp","href":"https:\/\/api.w.org\/{rel}","templated":true}]}}