{"id":22131,"date":"2022-07-22T12:59:23","date_gmt":"2022-07-22T11:59:23","guid":{"rendered":"http:\/\/www.histoiresgalantes.fr\/blog\/?p=22131"},"modified":"2025-03-26T08:10:11","modified_gmt":"2025-03-26T07:10:11","slug":"22131","status":"publish","type":"post","link":"https:\/\/www.histoiresgalantes.fr\/blog\/2022\/07\/22\/22131\/","title":{"rendered":"Le myst\u00e9rieux ch\u00e2teau de Tr\u00e9milly (Haute-Marne)"},"content":{"rendered":"\n<p>Voici l\u2019histoire pas banale d\u2019un myst\u00e9rieux ch\u00e2teau aux volets clos, aper\u00e7u depuis la route des vacances.<br>Remake de la Belle &amp; la B\u00eate, les grilles en fer forg\u00e9 de la propri\u00e9t\u00e9 s\u2019entrouvent comme par magie\u2026<br>A d\u00e9faut de roses blanches, de magnifiques hortensias blancs bordent les pavillons des communs.<br>Pass\u00e9 le majestueux pavillon d\u2019entr\u00e9e, on aper\u00e7oit au milieu des jardins, la myst\u00e9rieuse b\u00e2tisse.\u00a0<br>Ses deux fa\u00e7ades principales alignent une multitude de fen\u00eatres aux volets bleus ferm\u00e9s comme des paupi\u00e8res.\u00a0Aucun souffle de vie n&#8217;anime cette belle endormie.<br>Mirage, ou \u00e9blouissement ?<br>Voici l\u2019histoire du myst\u00e9rieux <strong>ch\u00e2teau de Tr\u00e9milly<\/strong> :<br>Jadis s\u2019\u00e9levait \u00e0 cet emplacement une forteresse m\u00e9di\u00e9vale entour\u00e9e de douves, propri\u00e9t\u00e9 des seigneurs de Tr\u00e9milly.<br>Depuis ces temps anciens, le ch\u00e2teau a connu 28 propri\u00e9taires dont, vers 1540, Jacques M\u00e9nisson, fervent protecteur des protestants et protestant lui-m\u00eame.<br>Tr\u00e9milly n\u2019est pas loin du fief des ducs de Guise\u2026 Joinville et Wassy. Il br\u00fble une premi\u00e8re fois au XVIe si\u00e8cle.<br>Reconstruit en 1719, c\u2019est l\u2019un des rares ch\u00e2teaux dessin\u00e9s par l\u2019architecte et sculpteur chaumontais <strong>Jean-Baptiste Bouchardon<\/strong>.\u00a0<br>Le promeneur est invit\u00e9 \u00e0 d\u00e9couvrir ce ch\u00e2teau classique depuis les jardins qui font le tour de la b\u00e2tisse. <br>S\u2019il para\u00eet si myst\u00e9rieux, c\u2019est parce qu\u2019il est inoccup\u00e9 depuis vingt ans apr\u00e8s avoir \u00e9t\u00e9 ravag\u00e9 par un terrible incendie et qu&#8217;il n\u2019est plus, depuis, qu\u2019une coquille vide.<br>Si sa reconstruction ext\u00e9rieure est spectaculaire, l\u2019int\u00e9rieur n\u2019a toujours pas \u00e9t\u00e9 reconstruit.<br><br>Article et photographies \u00a9 PFDebert juillet 2022<br><br>Merci aux actuels propri\u00e9taires pour leur accueil chaleureux.<\/p>\n\n\n<div class=\"wp-block-image\">\n<figure class=\"aligncenter size-large\"><a href=\"https:\/\/www.histoiresgalantes.fr\/blog\/wp-content\/uploads\/2022\/07\/IMG_2943.jpg\"><img loading=\"lazy\" decoding=\"async\" width=\"1024\" height=\"683\" src=\"https:\/\/www.histoiresgalantes.fr\/blog\/wp-content\/uploads\/2022\/07\/IMG_2943-1024x683.jpg\" alt=\"\" class=\"wp-image-22132\" srcset=\"https:\/\/www.histoiresgalantes.fr\/blog\/wp-content\/uploads\/2022\/07\/IMG_2943-1024x683.jpg 1024w, https:\/\/www.histoiresgalantes.fr\/blog\/wp-content\/uploads\/2022\/07\/IMG_2943-300x200.jpg 300w, https:\/\/www.histoiresgalantes.fr\/blog\/wp-content\/uploads\/2022\/07\/IMG_2943-768x512.jpg 768w, https:\/\/www.histoiresgalantes.fr\/blog\/wp-content\/uploads\/2022\/07\/IMG_2943-330x220.jpg 330w, https:\/\/www.histoiresgalantes.fr\/blog\/wp-content\/uploads\/2022\/07\/IMG_2943.jpg 1200w\" sizes=\"auto, (max-width: 1024px) 100vw, 1024px\" \/><\/a><figcaption class=\"wp-element-caption\">Photographie \u00a9 PFDebert juillet 2022<\/figcaption><\/figure><\/div>\n\n<div class=\"wp-block-image\">\n<figure class=\"aligncenter size-large\"><a href=\"https:\/\/www.histoiresgalantes.fr\/blog\/wp-content\/uploads\/2022\/07\/IMG_2920.jpg\"><img loading=\"lazy\" decoding=\"async\" width=\"1024\" height=\"683\" src=\"https:\/\/www.histoiresgalantes.fr\/blog\/wp-content\/uploads\/2022\/07\/IMG_2920-1024x683.jpg\" alt=\"\" class=\"wp-image-22134\" srcset=\"https:\/\/www.histoiresgalantes.fr\/blog\/wp-content\/uploads\/2022\/07\/IMG_2920-1024x683.jpg 1024w, https:\/\/www.histoiresgalantes.fr\/blog\/wp-content\/uploads\/2022\/07\/IMG_2920-300x200.jpg 300w, https:\/\/www.histoiresgalantes.fr\/blog\/wp-content\/uploads\/2022\/07\/IMG_2920-768x512.jpg 768w, https:\/\/www.histoiresgalantes.fr\/blog\/wp-content\/uploads\/2022\/07\/IMG_2920-330x220.jpg 330w, https:\/\/www.histoiresgalantes.fr\/blog\/wp-content\/uploads\/2022\/07\/IMG_2920.jpg 1200w\" sizes=\"auto, (max-width: 1024px) 100vw, 1024px\" \/><\/a><figcaption class=\"wp-element-caption\">Photographie \u00a9 PFDebert juillet 2022<\/figcaption><\/figure><\/div>\n\n<div class=\"wp-block-image\">\n<figure class=\"aligncenter size-large\"><a href=\"https:\/\/www.histoiresgalantes.fr\/blog\/wp-content\/uploads\/2022\/07\/IMG_2923.jpg\"><img loading=\"lazy\" decoding=\"async\" width=\"1024\" height=\"683\" src=\"https:\/\/www.histoiresgalantes.fr\/blog\/wp-content\/uploads\/2022\/07\/IMG_2923-1024x683.jpg\" alt=\"\" class=\"wp-image-22133\" srcset=\"https:\/\/www.histoiresgalantes.fr\/blog\/wp-content\/uploads\/2022\/07\/IMG_2923-1024x683.jpg 1024w, https:\/\/www.histoiresgalantes.fr\/blog\/wp-content\/uploads\/2022\/07\/IMG_2923-300x200.jpg 300w, https:\/\/www.histoiresgalantes.fr\/blog\/wp-content\/uploads\/2022\/07\/IMG_2923-768x512.jpg 768w, https:\/\/www.histoiresgalantes.fr\/blog\/wp-content\/uploads\/2022\/07\/IMG_2923-330x220.jpg 330w, https:\/\/www.histoiresgalantes.fr\/blog\/wp-content\/uploads\/2022\/07\/IMG_2923.jpg 1200w\" sizes=\"auto, (max-width: 1024px) 100vw, 1024px\" \/><\/a><figcaption class=\"wp-element-caption\">Photographie \u00a9 PFDebert juillet 2022<\/figcaption><\/figure><\/div>\n\n\n<figure class=\"wp-block-image size-full\"><a href=\"https:\/\/www.histoiresgalantes.fr\/blog\/wp-content\/uploads\/2022\/07\/1024px-Chateau_de_Tremilly_brule.jpg\"><img loading=\"lazy\" decoding=\"async\" width=\"1024\" height=\"768\" src=\"https:\/\/www.histoiresgalantes.fr\/blog\/wp-content\/uploads\/2022\/07\/1024px-Chateau_de_Tremilly_brule.jpg\" alt=\"\" class=\"wp-image-22143\" srcset=\"https:\/\/www.histoiresgalantes.fr\/blog\/wp-content\/uploads\/2022\/07\/1024px-Chateau_de_Tremilly_brule.jpg 1024w, https:\/\/www.histoiresgalantes.fr\/blog\/wp-content\/uploads\/2022\/07\/1024px-Chateau_de_Tremilly_brule-300x225.jpg 300w, https:\/\/www.histoiresgalantes.fr\/blog\/wp-content\/uploads\/2022\/07\/1024px-Chateau_de_Tremilly_brule-768x576.jpg 768w, https:\/\/www.histoiresgalantes.fr\/blog\/wp-content\/uploads\/2022\/07\/1024px-Chateau_de_Tremilly_brule-640x480.jpg 640w\" sizes=\"auto, (max-width: 1024px) 100vw, 1024px\" \/><\/a><figcaption class=\"wp-element-caption\">Photographie \u00a9 PFDebert juillet 2022\u00a9 DR <\/figcaption><\/figure>\n","protected":false},"excerpt":{"rendered":"<p>Voici l\u2019histoire pas banale d\u2019un myst\u00e9rieux ch\u00e2teau aux volets clos, aper\u00e7u depuis la route des vacances.Remake de la Belle &amp; la B\u00eate, les grilles en fer forg\u00e9 de la propri\u00e9t\u00e9 s\u2019entrouvent comme par magie\u2026A d\u00e9faut de roses blanches, de magnifiques hortensias blancs bordent les pavillons des communs.Pass\u00e9 le majestueux pavillon d\u2019entr\u00e9e, on aper\u00e7oit au milieu [&hellip;]<\/p>\n","protected":false},"author":1,"featured_media":22148,"comment_status":"open","ping_status":"open","sticky":false,"template":"","format":"image","meta":{"om_disable_all_campaigns":false,"_monsterinsights_skip_tracking":false,"_monsterinsights_sitenote_active":false,"_monsterinsights_sitenote_note":"","_monsterinsights_sitenote_category":0,"_s2mail":"","footnotes":""},"categories":[32,29,70,76],"tags":[],"class_list":["post-22131","post","type-post","status-publish","format-image","has-post-thumbnail","hentry","category-sites-a-visiter","category-evenements","category-patrimoine","category-sortir","post_format-post-format-image"],"aioseo_notices":[],"_links":{"self":[{"href":"https:\/\/www.histoiresgalantes.fr\/blog\/wp-json\/wp\/v2\/posts\/22131","targetHints":{"allow":["GET"]}}],"collection":[{"href":"https:\/\/www.histoiresgalantes.fr\/blog\/wp-json\/wp\/v2\/posts"}],"about":[{"href":"https:\/\/www.histoiresgalantes.fr\/blog\/wp-json\/wp\/v2\/types\/post"}],"author":[{"embeddable":true,"href":"https:\/\/www.histoiresgalantes.fr\/blog\/wp-json\/wp\/v2\/users\/1"}],"replies":[{"embeddable":true,"href":"https:\/\/www.histoiresgalantes.fr\/blog\/wp-json\/wp\/v2\/comments?post=22131"}],"version-history":[{"count":10,"href":"https:\/\/www.histoiresgalantes.fr\/blog\/wp-json\/wp\/v2\/posts\/22131\/revisions"}],"predecessor-version":[{"id":29484,"href":"https:\/\/www.histoiresgalantes.fr\/blog\/wp-json\/wp\/v2\/posts\/22131\/revisions\/29484"}],"wp:featuredmedia":[{"embeddable":true,"href":"https:\/\/www.histoiresgalantes.fr\/blog\/wp-json\/wp\/v2\/media\/22148"}],"wp:attachment":[{"href":"https:\/\/www.histoiresgalantes.fr\/blog\/wp-json\/wp\/v2\/media?parent=22131"}],"wp:term":[{"taxonomy":"category","embeddable":true,"href":"https:\/\/www.histoiresgalantes.fr\/blog\/wp-json\/wp\/v2\/categories?post=22131"},{"taxonomy":"post_tag","embeddable":true,"href":"https:\/\/www.histoiresgalantes.fr\/blog\/wp-json\/wp\/v2\/tags?post=22131"}],"curies":[{"name":"wp","href":"https:\/\/api.w.org\/{rel}","templated":true}]}}