{"id":22871,"date":"2022-11-20T15:56:44","date_gmt":"2022-11-20T14:56:44","guid":{"rendered":"http:\/\/www.histoiresgalantes.fr\/blog\/?p=22871"},"modified":"2022-11-20T16:00:09","modified_gmt":"2022-11-20T15:00:09","slug":"sex-and-drugs-and-rockenroll","status":"publish","type":"post","link":"https:\/\/www.histoiresgalantes.fr\/blog\/2022\/11\/20\/sex-and-drugs-and-rockenroll\/","title":{"rendered":"Sex and drugs and rock&#8217;en&#8217;roll"},"content":{"rendered":"\n<div class=\"wp-block-image\"><figure class=\"aligncenter size-full\"><a href=\"https:\/\/www.histoiresgalantes.fr\/blog\/wp-content\/uploads\/2022\/11\/Jean-de-Breteuil.jpg\"><img loading=\"lazy\" decoding=\"async\" width=\"427\" height=\"325\" src=\"https:\/\/www.histoiresgalantes.fr\/blog\/wp-content\/uploads\/2022\/11\/Jean-de-Breteuil.jpg\" alt=\"\" class=\"wp-image-22875\" srcset=\"https:\/\/www.histoiresgalantes.fr\/blog\/wp-content\/uploads\/2022\/11\/Jean-de-Breteuil.jpg 427w, https:\/\/www.histoiresgalantes.fr\/blog\/wp-content\/uploads\/2022\/11\/Jean-de-Breteuil-300x228.jpg 300w\" sizes=\"auto, (max-width: 427px) 100vw, 427px\" \/><\/a><\/figure><\/div>\n\n\n\n<p>Connaissez-vous le lien entre <strong>Emilie du Ch\u00e2telet<\/strong> et <strong>Jim Morrison<\/strong> ?<br>Difficile de raconter aujourd\u2019hui cette histoire tragique, car il faut \u00e9viter les fausses interpr\u00e9tations en la repla\u00e7ant dans le contexte des ann\u00e9es 70 compl\u00e8tement \u00ab d\u00e9jant\u00e9es \u00bb. <\/p>\n\n\n\n<p>C\u2019est l\u2019histoire d\u2019un petit-petit\u2026 petit cousin d\u2019Emilie du Ch\u00e2telet (n\u00e9e Gabrielle Emilie Le Tonnelier de Breteuil), petit cousin sur sept g\u00e9n\u00e9rations, c\u2019est \u00e0 dire un descendant direct de l\u2019oncle d\u2019Emilie, Charles Achille Le Tonnelier de Breteuil. <br>A 18 ans \u00e0 peine, le comte <strong>Jean Le Tonnelier de Breteuil <\/strong>\u00e9coule d\u00e9j\u00e0 de la drogue dure dans le milieu underground des ann\u00e9es 70.<br>Ami des Rolling Stones, il approvisionne les stars du rock en h\u00e9ro\u00efne pure indienne de couleur rose, dite \u00ab Barbe \u00e0 Papa \u00bb.<br>Surnomm\u00e9 le \u00ab junkie aristo \u00bb, il est impliqu\u00e9 dans la mort de Janis Joplin, en 1970, et dans celle de Jim Morrison en 1971.<br>Sa petit amie de l\u2019\u00e9poque, Marianne Faithfull, confie en 2014, au magazine britannique Mojo, la v\u00e9ritable histoire du d\u00e9c\u00e8s de Morrison : &#8221; En r\u00e9alit\u00e9, dit-elle, c\u2019est la drogue de Jean de Breteuil, trop pure, qui a provoqu\u00e9 la mort de Morrison.&#8221;<br>Quelques semaines apr\u00e8s la mort de Jim Morrison, Jean de Breteuil d\u00e9c\u00e8de lui aussi d&#8217;une overdose d&#8217;h\u00e9ro\u00efne \u00e0 Tanger au Maroc, il \u00e9tait \u00e2g\u00e9 de 22 ans.<br>Inutile de dire que Jean de Breteuil, qui avait h\u00e9rit\u00e9 de la fortune de son p\u00e8re, \u00e9tait lui-m\u00eame une victime de ce trafic.<\/p>\n\n\n\n<p>Un roman s&#8217;inspire de sa tragique histoire : <em>Dealer, ou la valse des maudits <\/em>de Philippe Will.<br>\u00a9 PFDebert 2022<\/p>\n","protected":false},"excerpt":{"rendered":"<p>Connaissez-vous le lien entre Emilie du Ch\u00e2telet et Jim Morrison ?Difficile de raconter aujourd\u2019hui cette histoire tragique, car il faut \u00e9viter les fausses interpr\u00e9tations en la repla\u00e7ant dans le contexte des ann\u00e9es 70 compl\u00e8tement \u00ab d\u00e9jant\u00e9es \u00bb. C\u2019est l\u2019histoire d\u2019un petit-petit\u2026 petit cousin d\u2019Emilie du Ch\u00e2telet (n\u00e9e Gabrielle Emilie Le Tonnelier de Breteuil), petit cousin [&hellip;]<\/p>\n","protected":false},"author":1,"featured_media":22874,"comment_status":"open","ping_status":"open","sticky":false,"template":"","format":"image","meta":{"om_disable_all_campaigns":false,"_monsterinsights_skip_tracking":false,"_monsterinsights_sitenote_active":false,"_monsterinsights_sitenote_note":"","_monsterinsights_sitenote_category":0,"_s2mail":"yes","footnotes":""},"categories":[26,88],"tags":[],"class_list":["post-22871","post","type-post","status-publish","format-image","has-post-thumbnail","hentry","category-mme-du-chatelet","category-tragique","post_format-post-format-image"],"aioseo_notices":[],"_links":{"self":[{"href":"https:\/\/www.histoiresgalantes.fr\/blog\/wp-json\/wp\/v2\/posts\/22871","targetHints":{"allow":["GET"]}}],"collection":[{"href":"https:\/\/www.histoiresgalantes.fr\/blog\/wp-json\/wp\/v2\/posts"}],"about":[{"href":"https:\/\/www.histoiresgalantes.fr\/blog\/wp-json\/wp\/v2\/types\/post"}],"author":[{"embeddable":true,"href":"https:\/\/www.histoiresgalantes.fr\/blog\/wp-json\/wp\/v2\/users\/1"}],"replies":[{"embeddable":true,"href":"https:\/\/www.histoiresgalantes.fr\/blog\/wp-json\/wp\/v2\/comments?post=22871"}],"version-history":[{"count":4,"href":"https:\/\/www.histoiresgalantes.fr\/blog\/wp-json\/wp\/v2\/posts\/22871\/revisions"}],"predecessor-version":[{"id":22877,"href":"https:\/\/www.histoiresgalantes.fr\/blog\/wp-json\/wp\/v2\/posts\/22871\/revisions\/22877"}],"wp:featuredmedia":[{"embeddable":true,"href":"https:\/\/www.histoiresgalantes.fr\/blog\/wp-json\/wp\/v2\/media\/22874"}],"wp:attachment":[{"href":"https:\/\/www.histoiresgalantes.fr\/blog\/wp-json\/wp\/v2\/media?parent=22871"}],"wp:term":[{"taxonomy":"category","embeddable":true,"href":"https:\/\/www.histoiresgalantes.fr\/blog\/wp-json\/wp\/v2\/categories?post=22871"},{"taxonomy":"post_tag","embeddable":true,"href":"https:\/\/www.histoiresgalantes.fr\/blog\/wp-json\/wp\/v2\/tags?post=22871"}],"curies":[{"name":"wp","href":"https:\/\/api.w.org\/{rel}","templated":true}]}}