{"id":23244,"date":"2023-01-20T20:00:00","date_gmt":"2023-01-20T19:00:00","guid":{"rendered":"http:\/\/www.histoiresgalantes.fr\/blog\/?p=23244"},"modified":"2023-01-23T20:42:21","modified_gmt":"2023-01-23T19:42:21","slug":"stephane-jette-un-pave-dans-le-grand-bassin-de-versailles","status":"publish","type":"post","link":"https:\/\/www.histoiresgalantes.fr\/blog\/2023\/01\/20\/stephane-jette-un-pave-dans-le-grand-bassin-de-versailles\/","title":{"rendered":"St\u00e9phane jette un pav\u00e9 dans le grand bassin de Versailles"},"content":{"rendered":"\n<p>Je ne sais pas si vous avez vu l\u2019\u00e9mission tr\u00e8s int\u00e9ressante de St\u00e9phane Bern sur l&#8217;Homme au Masque de Fer ?<\/p>\n\n\n\n<p>Mon animateur pr\u00e9f\u00e9r\u00e9 y d\u00e9voile \u00ab le secret \u00bb le mieux gard\u00e9 du royaume de France, et que m\u00eame l\u2019illustre Voltaire, malin comme un singe, n\u2019avait pas, en son temps, r\u00e9solu.<br>Le scoop absolu !<br>Tenez-vous bien : Le roi Soleil ne serait pas un descendant direct des Cap\u00e9tiens. <br>Oui, c\u2019est du lourd.<br>St\u00e9phane m\u00e8ne l\u2019enqu\u00eate pour d\u00e9masquer un prisonnier dont l\u2019identit\u00e9 resta secr\u00e8te, pendant ses 34 annn\u00e9es de r\u00e9clusion, gr\u00e2ce \u00e0 un \u00e9nigmatique masque de fer.<br>L\u2019\u00e9mission \u00e9chafaude l\u2019hypoth\u00e8se que ce prisonnier, trait\u00e9 comme un seigneur et transport\u00e9 de prisons en prisons en chaise \u00e0 porteur, serait le demi-fr\u00e8re du roi, soit Eustache Dauger de Cavoye, \u00e9lev\u00e9 avec lui \u00e0 la cour de France !<br>Oui, parce que Louis XIII et Anne d\u2019Autriche n\u2019ayant pas eu de descendants apr\u00e8s 22 ans de mariage, le p\u00e8re d\u2019Eustache aurait quelque peu aid\u00e9 le destin\u2026 de la monarchie de droit divin.<br>Et le jeune Eustache aurait menac\u00e9 de tout r\u00e9v\u00e9ler \u2026<br>La preuve serait ces troublants portraits de Louis Dauger de Cavoye, fr\u00e8re d\u2019Eustache, en tout point le portrait de Louis XIV. <br>Mais peut-on se fier aux peintres qui portraituraient tous les seigneurs en tenue et attitude de cour ?Alors, tatata, moi je dis que les r\u00e9v\u00e9lations de St\u00e9phane m\u00e9riteraient pour le moins une petite analyse ADN.<br>Les corps de Louis XIII et de Louis XIV reposent \u00e0 la basilique Saint-Denis.<br><br><a href=\"https:\/\/www.france.tv\/france-3\/secrets-d-histoire\/secrets-d-histoire-saison-17\/4474696-l-homme-au-masque-de-fer.html?fbclid=IwAR2SFKGEmY1awqbleW-DU2sF_Lz40aEDsafNQFIF1M2d13fkWjkdafQjOKo\" target=\"_blank\" rel=\"noreferrer noopener nofollow\">Secrets d&#8217;Histoire en replay<\/a><br>Plusieurs illustrations d&#8217;\u00e9poque de l&#8217;Homme au masque de fer<\/p>\n\n\n\n<div class=\"wp-block-image\"><figure class=\"aligncenter size-full\"><a href=\"https:\/\/www.histoiresgalantes.fr\/blog\/wp-content\/uploads\/2023\/01\/louis-de-cavoye.jpg\"><img loading=\"lazy\" decoding=\"async\" width=\"405\" height=\"508\" src=\"https:\/\/www.histoiresgalantes.fr\/blog\/wp-content\/uploads\/2023\/01\/louis-de-cavoye.jpg\" alt=\"\" class=\"wp-image-23247\" srcset=\"https:\/\/www.histoiresgalantes.fr\/blog\/wp-content\/uploads\/2023\/01\/louis-de-cavoye.jpg 405w, https:\/\/www.histoiresgalantes.fr\/blog\/wp-content\/uploads\/2023\/01\/louis-de-cavoye-239x300.jpg 239w\" sizes=\"auto, (max-width: 405px) 100vw, 405px\" \/><\/a><figcaption>Louis Dauger de Cavoye<\/figcaption><\/figure><\/div>\n\n\n\n<div class=\"wp-block-image\"><figure class=\"aligncenter size-large\"><a href=\"https:\/\/www.histoiresgalantes.fr\/blog\/wp-content\/uploads\/2023\/01\/lpdp_50147-1.jpg\"><img loading=\"lazy\" decoding=\"async\" width=\"1024\" height=\"798\" src=\"https:\/\/www.histoiresgalantes.fr\/blog\/wp-content\/uploads\/2023\/01\/lpdp_50147-1-1024x798.jpg\" alt=\"\" class=\"wp-image-23246\" srcset=\"https:\/\/www.histoiresgalantes.fr\/blog\/wp-content\/uploads\/2023\/01\/lpdp_50147-1-1024x798.jpg 1024w, https:\/\/www.histoiresgalantes.fr\/blog\/wp-content\/uploads\/2023\/01\/lpdp_50147-1-300x234.jpg 300w, https:\/\/www.histoiresgalantes.fr\/blog\/wp-content\/uploads\/2023\/01\/lpdp_50147-1-768x598.jpg 768w, https:\/\/www.histoiresgalantes.fr\/blog\/wp-content\/uploads\/2023\/01\/lpdp_50147-1.jpg 1386w\" sizes=\"auto, (max-width: 1024px) 100vw, 1024px\" \/><\/a><figcaption>L&#8217;HOMME AU MASQUE DE FER<br>Anonyme , Graveur<br>Vers 17841794<br>18e si\u00e8cle<br>Mus\u00e9e Carnavalet, Histoire de Paris<\/figcaption><\/figure><\/div>\n\n\n\n<div class=\"wp-block-image\"><figure class=\"aligncenter size-large\"><a href=\"https:\/\/www.histoiresgalantes.fr\/blog\/wp-content\/uploads\/2023\/01\/Portrait_Veritable_de_lHomme_au_..._btv1b8446751r.jpg\"><img loading=\"lazy\" decoding=\"async\" width=\"1024\" height=\"703\" src=\"https:\/\/www.histoiresgalantes.fr\/blog\/wp-content\/uploads\/2023\/01\/Portrait_Veritable_de_lHomme_au_..._btv1b8446751r-1024x703.jpg\" alt=\"\" class=\"wp-image-23249\" srcset=\"https:\/\/www.histoiresgalantes.fr\/blog\/wp-content\/uploads\/2023\/01\/Portrait_Veritable_de_lHomme_au_..._btv1b8446751r-1024x703.jpg 1024w, https:\/\/www.histoiresgalantes.fr\/blog\/wp-content\/uploads\/2023\/01\/Portrait_Veritable_de_lHomme_au_..._btv1b8446751r-300x206.jpg 300w, https:\/\/www.histoiresgalantes.fr\/blog\/wp-content\/uploads\/2023\/01\/Portrait_Veritable_de_lHomme_au_..._btv1b8446751r-768x527.jpg 768w, https:\/\/www.histoiresgalantes.fr\/blog\/wp-content\/uploads\/2023\/01\/Portrait_Veritable_de_lHomme_au_..._btv1b8446751r.jpg 1535w\" sizes=\"auto, (max-width: 1024px) 100vw, 1024px\" \/><\/a><\/figure><\/div>\n\n\n\n<div class=\"wp-block-image\"><figure class=\"aligncenter size-full\"><a href=\"https:\/\/www.histoiresgalantes.fr\/blog\/wp-content\/uploads\/2023\/01\/Capture-de\u0301cran-2023-01-19-a\u0300-21.48.55.png\"><img loading=\"lazy\" decoding=\"async\" width=\"711\" height=\"938\" src=\"https:\/\/www.histoiresgalantes.fr\/blog\/wp-content\/uploads\/2023\/01\/Capture-de\u0301cran-2023-01-19-a\u0300-21.48.55.png\" alt=\"\" class=\"wp-image-23250\" srcset=\"https:\/\/www.histoiresgalantes.fr\/blog\/wp-content\/uploads\/2023\/01\/Capture-de\u0301cran-2023-01-19-a\u0300-21.48.55.png 711w, https:\/\/www.histoiresgalantes.fr\/blog\/wp-content\/uploads\/2023\/01\/Capture-de\u0301cran-2023-01-19-a\u0300-21.48.55-227x300.png 227w\" sizes=\"auto, (max-width: 711px) 100vw, 711px\" \/><\/a><figcaption>L&#8217;homme au masque de fer : [estampe] \/ Laurent [sig.]<br>Lorent, Jean Fran\u00e7ois (1773-18..). Illustrateur<br><strong>D\u00e9but XIX<\/strong><br>Sc\u00e8nes th\u00e9\u00e2trales &#8212; 1800-1869<\/figcaption><\/figure><\/div>\n\n\n\n<div class=\"wp-block-image\"><figure class=\"aligncenter size-large\"><a href=\"https:\/\/www.histoiresgalantes.fr\/blog\/wp-content\/uploads\/2023\/01\/image_anonyme_le_squelette_au_g.27789_707812-scaled.jpg\"><img loading=\"lazy\" decoding=\"async\" width=\"1024\" height=\"791\" src=\"https:\/\/www.histoiresgalantes.fr\/blog\/wp-content\/uploads\/2023\/01\/image_anonyme_le_squelette_au_g.27789_707812-1024x791.jpg\" alt=\"\" class=\"wp-image-23248\" srcset=\"https:\/\/www.histoiresgalantes.fr\/blog\/wp-content\/uploads\/2023\/01\/image_anonyme_le_squelette_au_g.27789_707812-1024x791.jpg 1024w, https:\/\/www.histoiresgalantes.fr\/blog\/wp-content\/uploads\/2023\/01\/image_anonyme_le_squelette_au_g.27789_707812-300x232.jpg 300w, https:\/\/www.histoiresgalantes.fr\/blog\/wp-content\/uploads\/2023\/01\/image_anonyme_le_squelette_au_g.27789_707812-768x593.jpg 768w, https:\/\/www.histoiresgalantes.fr\/blog\/wp-content\/uploads\/2023\/01\/image_anonyme_le_squelette_au_g.27789_707812-1536x1186.jpg 1536w, https:\/\/www.histoiresgalantes.fr\/blog\/wp-content\/uploads\/2023\/01\/image_anonyme_le_squelette_au_g.27789_707812-2048x1582.jpg 2048w\" sizes=\"auto, (max-width: 1024px) 100vw, 1024px\" \/><\/a><figcaption>Le squelette au masque de fer. Le comte de Lorges.<br>Anonyme , Graveur<br>Vers 17841794<br>18e si\u00e8cle<br>Mus\u00e9e Carnavalet, Histoire de Paris<br><\/figcaption><\/figure><\/div>\n","protected":false},"excerpt":{"rendered":"<p>Je ne sais pas si vous avez vu l\u2019\u00e9mission tr\u00e8s int\u00e9ressante de St\u00e9phane Bern sur l&#8217;Homme au Masque de Fer ? Mon animateur pr\u00e9f\u00e9r\u00e9 y d\u00e9voile \u00ab le secret \u00bb le mieux gard\u00e9 du royaume de France, et que m\u00eame l\u2019illustre Voltaire, malin comme un singe, n\u2019avait pas, en son temps, r\u00e9solu.Le scoop absolu !Tenez-vous [&hellip;]<\/p>\n","protected":false},"author":1,"featured_media":23252,"comment_status":"open","ping_status":"open","sticky":false,"template":"","format":"image","meta":{"om_disable_all_campaigns":false,"_monsterinsights_skip_tracking":false,"_monsterinsights_sitenote_active":false,"_monsterinsights_sitenote_note":"","_monsterinsights_sitenote_category":0,"_s2mail":"yes","footnotes":""},"categories":[17,88],"tags":[],"class_list":["post-23244","post","type-post","status-publish","format-image","has-post-thumbnail","hentry","category-portraits","category-tragique","post_format-post-format-image"],"aioseo_notices":[],"_links":{"self":[{"href":"https:\/\/www.histoiresgalantes.fr\/blog\/wp-json\/wp\/v2\/posts\/23244","targetHints":{"allow":["GET"]}}],"collection":[{"href":"https:\/\/www.histoiresgalantes.fr\/blog\/wp-json\/wp\/v2\/posts"}],"about":[{"href":"https:\/\/www.histoiresgalantes.fr\/blog\/wp-json\/wp\/v2\/types\/post"}],"author":[{"embeddable":true,"href":"https:\/\/www.histoiresgalantes.fr\/blog\/wp-json\/wp\/v2\/users\/1"}],"replies":[{"embeddable":true,"href":"https:\/\/www.histoiresgalantes.fr\/blog\/wp-json\/wp\/v2\/comments?post=23244"}],"version-history":[{"count":7,"href":"https:\/\/www.histoiresgalantes.fr\/blog\/wp-json\/wp\/v2\/posts\/23244\/revisions"}],"predecessor-version":[{"id":23260,"href":"https:\/\/www.histoiresgalantes.fr\/blog\/wp-json\/wp\/v2\/posts\/23244\/revisions\/23260"}],"wp:featuredmedia":[{"embeddable":true,"href":"https:\/\/www.histoiresgalantes.fr\/blog\/wp-json\/wp\/v2\/media\/23252"}],"wp:attachment":[{"href":"https:\/\/www.histoiresgalantes.fr\/blog\/wp-json\/wp\/v2\/media?parent=23244"}],"wp:term":[{"taxonomy":"category","embeddable":true,"href":"https:\/\/www.histoiresgalantes.fr\/blog\/wp-json\/wp\/v2\/categories?post=23244"},{"taxonomy":"post_tag","embeddable":true,"href":"https:\/\/www.histoiresgalantes.fr\/blog\/wp-json\/wp\/v2\/tags?post=23244"}],"curies":[{"name":"wp","href":"https:\/\/api.w.org\/{rel}","templated":true}]}}