{"id":23491,"date":"2023-02-27T16:55:00","date_gmt":"2023-02-27T15:55:00","guid":{"rendered":"http:\/\/www.histoiresgalantes.fr\/blog\/?p=23491"},"modified":"2023-03-01T10:16:14","modified_gmt":"2023-03-01T09:16:14","slug":"les-papillottes-demilie","status":"publish","type":"post","link":"https:\/\/www.histoiresgalantes.fr\/blog\/2023\/02\/27\/les-papillottes-demilie\/","title":{"rendered":"Les &#8220;papillottes&#8221; d&#8217;\u00c9milie"},"content":{"rendered":"\n<div class=\"wp-block-image\"><figure class=\"aligncenter size-large\"><a href=\"https:\/\/www.histoiresgalantes.fr\/blog\/wp-content\/uploads\/2023\/02\/leotard2.jpg\"><img loading=\"lazy\" decoding=\"async\" width=\"1024\" height=\"718\" src=\"https:\/\/www.histoiresgalantes.fr\/blog\/wp-content\/uploads\/2023\/02\/leotard2-1024x718.jpg\" alt=\"\" class=\"wp-image-23495\" srcset=\"https:\/\/www.histoiresgalantes.fr\/blog\/wp-content\/uploads\/2023\/02\/leotard2-1024x718.jpg 1024w, https:\/\/www.histoiresgalantes.fr\/blog\/wp-content\/uploads\/2023\/02\/leotard2-300x210.jpg 300w, https:\/\/www.histoiresgalantes.fr\/blog\/wp-content\/uploads\/2023\/02\/leotard2-768x538.jpg 768w, https:\/\/www.histoiresgalantes.fr\/blog\/wp-content\/uploads\/2023\/02\/leotard2-1536x1077.jpg 1536w, https:\/\/www.histoiresgalantes.fr\/blog\/wp-content\/uploads\/2023\/02\/leotard2.jpg 1645w\" sizes=\"auto, (max-width: 1024px) 100vw, 1024px\" \/><\/a><figcaption><em>Le petit d\u00e9jeuner de la famille Lavergne<\/em> par Jean Etienne L\u00e9otard, 1754. The National Gallery, London.<\/figcaption><\/figure><\/div>\n\n\n\n<p>Gr\u00e2ce au tableau de Jean Etienne L\u00e9otard, <em>Le petit d\u00e9jeuner de la famille Lavergne<\/em>, on peut imaginer <strong><a href=\"https:\/\/www.histoiresgalantes.fr\/blog\/2015\/03\/18\/emilie-du-chatele-portrait\/\" target=\"_blank\" rel=\"noreferrer noopener\">\u00c9milie du Ch\u00e2telet<\/a><\/strong> ainsi par\u00e9e de &#8220;papillottes&#8221; car, dixit Mme de Graffigny, elle portait ses cheveux noirs longs et boucl\u00e9s.<br>On retrouve dans ses archives beaucoup de &#8220;factures&#8221; de son coiffeur, qu&#8217;elle annote ainsi :<br><em>\u00ab Si vous voulez de l\u2019argent je vous en donnerai tout \u00e0 l\u2019heure \u00e0 1,20 livre par frisure et 3 livres par coupe de cheveux, [\u2026] car je n\u2019ai pas eu tant de coupe de cheveux que cela a ce qu\u2019il me para\u00eet \u00bb.<\/em><br><br>La grande math\u00e9maticienne \u00e9tait coquette mais difficile en affaires\u2026<br><br>\u00a9 PFourtier-D. 2023<br><em>Portrait de Mme du Ch\u00e2telet<\/em> par Marianne Loir, 1745. Mus\u00e9e des beaux-arts de Bordeaux.<br><br><\/p>\n\n\n\n<div class=\"wp-block-image\"><figure class=\"aligncenter size-large\"><a href=\"https:\/\/www.histoiresgalantes.fr\/blog\/wp-content\/uploads\/2023\/02\/FRAD052_100J481_0004.jpg\"><img loading=\"lazy\" decoding=\"async\" width=\"1024\" height=\"581\" src=\"https:\/\/www.histoiresgalantes.fr\/blog\/wp-content\/uploads\/2023\/02\/FRAD052_100J481_0004-1024x581.jpg\" alt=\"\" class=\"wp-image-23496\" srcset=\"https:\/\/www.histoiresgalantes.fr\/blog\/wp-content\/uploads\/2023\/02\/FRAD052_100J481_0004-1024x581.jpg 1024w, https:\/\/www.histoiresgalantes.fr\/blog\/wp-content\/uploads\/2023\/02\/FRAD052_100J481_0004-300x170.jpg 300w, https:\/\/www.histoiresgalantes.fr\/blog\/wp-content\/uploads\/2023\/02\/FRAD052_100J481_0004-768x436.jpg 768w, https:\/\/www.histoiresgalantes.fr\/blog\/wp-content\/uploads\/2023\/02\/FRAD052_100J481_0004.jpg 1200w\" sizes=\"auto, (max-width: 1024px) 100vw, 1024px\" \/><\/a><figcaption>M\u00e9moires (extrait) fonds du Ch\u00e2telet Archives d\u00e9partementales de Haute-Marne.<\/figcaption><\/figure><\/div>\n\n\n\n<div class=\"wp-block-image\"><figure class=\"aligncenter size-large\"><a href=\"https:\/\/www.histoiresgalantes.fr\/blog\/wp-content\/uploads\/2023\/02\/leotard1.jpg\"><img loading=\"lazy\" decoding=\"async\" width=\"1024\" height=\"678\" src=\"https:\/\/www.histoiresgalantes.fr\/blog\/wp-content\/uploads\/2023\/02\/leotard1-1024x678.jpg\" alt=\"\" class=\"wp-image-23499\" srcset=\"https:\/\/www.histoiresgalantes.fr\/blog\/wp-content\/uploads\/2023\/02\/leotard1-1024x678.jpg 1024w, https:\/\/www.histoiresgalantes.fr\/blog\/wp-content\/uploads\/2023\/02\/leotard1-300x199.jpg 300w, https:\/\/www.histoiresgalantes.fr\/blog\/wp-content\/uploads\/2023\/02\/leotard1-768x508.jpg 768w, https:\/\/www.histoiresgalantes.fr\/blog\/wp-content\/uploads\/2023\/02\/leotard1.jpg 1269w\" sizes=\"auto, (max-width: 1024px) 100vw, 1024px\" \/><\/a><\/figure><\/div>\n\n\n\n<div class=\"wp-block-image\"><figure class=\"aligncenter size-large\"><a href=\"https:\/\/www.histoiresgalantes.fr\/blog\/wp-content\/uploads\/2023\/02\/emilie7.jpg\"><img loading=\"lazy\" decoding=\"async\" width=\"612\" height=\"1024\" src=\"https:\/\/www.histoiresgalantes.fr\/blog\/wp-content\/uploads\/2023\/02\/emilie7-612x1024.jpg\" alt=\"\" class=\"wp-image-23501\" srcset=\"https:\/\/www.histoiresgalantes.fr\/blog\/wp-content\/uploads\/2023\/02\/emilie7-612x1024.jpg 612w, https:\/\/www.histoiresgalantes.fr\/blog\/wp-content\/uploads\/2023\/02\/emilie7-179x300.jpg 179w, https:\/\/www.histoiresgalantes.fr\/blog\/wp-content\/uploads\/2023\/02\/emilie7.jpg 747w\" sizes=\"auto, (max-width: 612px) 100vw, 612px\" \/><\/a><\/figure><\/div>\n\n\n\n<p><\/p>\n","protected":false},"excerpt":{"rendered":"<p>Gr\u00e2ce au tableau de Jean Etienne L\u00e9otard, Le petit d\u00e9jeuner de la famille Lavergne, on peut imaginer \u00c9milie du Ch\u00e2telet ainsi par\u00e9e de &#8220;papillottes&#8221; car, dixit Mme de Graffigny, elle portait ses cheveux noirs longs et boucl\u00e9s.On retrouve dans ses archives beaucoup de &#8220;factures&#8221; de son coiffeur, qu&#8217;elle annote ainsi :\u00ab Si vous voulez de [&hellip;]<\/p>\n","protected":false},"author":1,"featured_media":23493,"comment_status":"open","ping_status":"open","sticky":false,"template":"","format":"image","meta":{"om_disable_all_campaigns":false,"_monsterinsights_skip_tracking":false,"_monsterinsights_sitenote_active":false,"_monsterinsights_sitenote_note":"","_monsterinsights_sitenote_category":0,"_s2mail":"yes","footnotes":""},"categories":[80,26],"tags":[],"class_list":["post-23491","post","type-post","status-publish","format-image","has-post-thumbnail","hentry","category-beaute","category-mme-du-chatelet","post_format-post-format-image"],"aioseo_notices":[],"_links":{"self":[{"href":"https:\/\/www.histoiresgalantes.fr\/blog\/wp-json\/wp\/v2\/posts\/23491","targetHints":{"allow":["GET"]}}],"collection":[{"href":"https:\/\/www.histoiresgalantes.fr\/blog\/wp-json\/wp\/v2\/posts"}],"about":[{"href":"https:\/\/www.histoiresgalantes.fr\/blog\/wp-json\/wp\/v2\/types\/post"}],"author":[{"embeddable":true,"href":"https:\/\/www.histoiresgalantes.fr\/blog\/wp-json\/wp\/v2\/users\/1"}],"replies":[{"embeddable":true,"href":"https:\/\/www.histoiresgalantes.fr\/blog\/wp-json\/wp\/v2\/comments?post=23491"}],"version-history":[{"count":8,"href":"https:\/\/www.histoiresgalantes.fr\/blog\/wp-json\/wp\/v2\/posts\/23491\/revisions"}],"predecessor-version":[{"id":23507,"href":"https:\/\/www.histoiresgalantes.fr\/blog\/wp-json\/wp\/v2\/posts\/23491\/revisions\/23507"}],"wp:featuredmedia":[{"embeddable":true,"href":"https:\/\/www.histoiresgalantes.fr\/blog\/wp-json\/wp\/v2\/media\/23493"}],"wp:attachment":[{"href":"https:\/\/www.histoiresgalantes.fr\/blog\/wp-json\/wp\/v2\/media?parent=23491"}],"wp:term":[{"taxonomy":"category","embeddable":true,"href":"https:\/\/www.histoiresgalantes.fr\/blog\/wp-json\/wp\/v2\/categories?post=23491"},{"taxonomy":"post_tag","embeddable":true,"href":"https:\/\/www.histoiresgalantes.fr\/blog\/wp-json\/wp\/v2\/tags?post=23491"}],"curies":[{"name":"wp","href":"https:\/\/api.w.org\/{rel}","templated":true}]}}