{"id":23591,"date":"2023-03-06T22:44:42","date_gmt":"2023-03-06T21:44:42","guid":{"rendered":"http:\/\/www.histoiresgalantes.fr\/blog\/?p=23591"},"modified":"2023-03-07T12:17:28","modified_gmt":"2023-03-07T11:17:28","slug":"week-end-a-dijon","status":"publish","type":"post","link":"https:\/\/www.histoiresgalantes.fr\/blog\/2023\/03\/06\/week-end-a-dijon\/","title":{"rendered":"Week-end \u00e0 Dijon"},"content":{"rendered":"\n<figure class=\"wp-block-image size-full\"><a href=\"https:\/\/www.histoiresgalantes.fr\/blog\/wp-content\/uploads\/2023\/03\/IMG_2008.jpg\"><img loading=\"lazy\" decoding=\"async\" width=\"1000\" height=\"667\" src=\"https:\/\/www.histoiresgalantes.fr\/blog\/wp-content\/uploads\/2023\/03\/IMG_2008.jpg\" alt=\"\" class=\"wp-image-23592\" srcset=\"https:\/\/www.histoiresgalantes.fr\/blog\/wp-content\/uploads\/2023\/03\/IMG_2008.jpg 1000w, https:\/\/www.histoiresgalantes.fr\/blog\/wp-content\/uploads\/2023\/03\/IMG_2008-300x200.jpg 300w, https:\/\/www.histoiresgalantes.fr\/blog\/wp-content\/uploads\/2023\/03\/IMG_2008-768x512.jpg 768w, https:\/\/www.histoiresgalantes.fr\/blog\/wp-content\/uploads\/2023\/03\/IMG_2008-330x220.jpg 330w\" sizes=\"auto, (max-width: 1000px) 100vw, 1000px\" \/><\/a><\/figure>\n\n\n\n<p>Mus\u00e9e des beaux-arts &#8211; Le Moyen \u00c2ge <br><br>Je conseille vivement la visite de Dijon pour la mise en valeur de son patrimoine exceptionnel.<br>Les agr\u00e9ables d\u00e9ambulations propos\u00e9es par l\u2019office du tourisme dans le centre historique, enti\u00e8rement pi\u00e9ton, drainent des milliers de personnes, les mains dans les poches et le nez au vent, \u2026<br><br>Pi\u00e8ce phare, le <strong>mus\u00e9e des Beaux-arts <\/strong>de Dijon install\u00e9 dans l&#8217;<strong>ancien Palais des Ducs de Bourgogne<\/strong>. <br>Il fonctionne comme le Louvre en proposant pas moins de quatre \u00e9tages de collections d\u00e9roulant le fil de vingt si\u00e8cles d\u2019histoire. Epoustouflant !<br><br>Les sculpteurs et artistes dijonnais sont \u00e0 l\u2019honneur \u00e9galement, tel le sculpteur <strong>Fran\u00e7ois Rude<\/strong>, auquel la ville a consacr\u00e9 un mus\u00e9e, dans une ancienne \u00e9glise.<br><br>Des \u00e9choppes et des boutiques illustrent le dynamisme des rues dijonnaises ou coule un flux incessant de visiteurs.<br><br>Une ville inspirante\u2026<br><br>Photographies droits r\u00e9serv\u00e9s \u00a9 Pascale Fourtier-Debert 2023<\/p>\n\n\n\n<figure class=\"wp-block-image size-large is-resized\"><a href=\"https:\/\/www.histoiresgalantes.fr\/blog\/wp-content\/uploads\/2023\/03\/IMG_2036.jpg\"><img loading=\"lazy\" decoding=\"async\" src=\"https:\/\/www.histoiresgalantes.fr\/blog\/wp-content\/uploads\/2023\/03\/IMG_2036-1024x683.jpg\" alt=\"\" class=\"wp-image-23593\" width=\"842\" height=\"561\" srcset=\"https:\/\/www.histoiresgalantes.fr\/blog\/wp-content\/uploads\/2023\/03\/IMG_2036-1024x683.jpg 1024w, https:\/\/www.histoiresgalantes.fr\/blog\/wp-content\/uploads\/2023\/03\/IMG_2036-300x200.jpg 300w, https:\/\/www.histoiresgalantes.fr\/blog\/wp-content\/uploads\/2023\/03\/IMG_2036-768x512.jpg 768w, https:\/\/www.histoiresgalantes.fr\/blog\/wp-content\/uploads\/2023\/03\/IMG_2036-330x220.jpg 330w, https:\/\/www.histoiresgalantes.fr\/blog\/wp-content\/uploads\/2023\/03\/IMG_2036.jpg 1500w\" sizes=\"auto, (max-width: 842px) 100vw, 842px\" \/><\/a><figcaption>ANge de l&#8217;Annonciation, XVe si\u00e8cle &#8211; Influence des sculpteurs Paul de Werve et Antoine Le Moiturier<\/figcaption><\/figure>\n\n\n\n<div class=\"wp-block-image\"><figure class=\"aligncenter size-large\"><a href=\"https:\/\/www.histoiresgalantes.fr\/blog\/wp-content\/uploads\/2023\/03\/IMG_6109.jpg\"><img loading=\"lazy\" decoding=\"async\" width=\"1024\" height=\"768\" src=\"https:\/\/www.histoiresgalantes.fr\/blog\/wp-content\/uploads\/2023\/03\/IMG_6109-1024x768.jpg\" alt=\"\" class=\"wp-image-23595\" srcset=\"https:\/\/www.histoiresgalantes.fr\/blog\/wp-content\/uploads\/2023\/03\/IMG_6109-1024x768.jpg 1024w, https:\/\/www.histoiresgalantes.fr\/blog\/wp-content\/uploads\/2023\/03\/IMG_6109-300x225.jpg 300w, https:\/\/www.histoiresgalantes.fr\/blog\/wp-content\/uploads\/2023\/03\/IMG_6109-768x576.jpg 768w, https:\/\/www.histoiresgalantes.fr\/blog\/wp-content\/uploads\/2023\/03\/IMG_6109-640x480.jpg 640w, https:\/\/www.histoiresgalantes.fr\/blog\/wp-content\/uploads\/2023\/03\/IMG_6109.jpg 1333w\" sizes=\"auto, (max-width: 1024px) 100vw, 1024px\" \/><\/a><figcaption><a href=\"https:\/\/www.histoiresgalantes.fr\/blog\/wp-content\/uploads\/2023\/03\/IMG_2040.jpg\"><\/a>Retable de la Crucifixion &#8211; Command\u00e9 pour la chartreuse de Champmol en 1390, ce retable fut r\u00e9alis\u00e9 en Flandre, de 1391 \u00e0 1399, par Jacques de Baerze et Melchior Broederlam <\/figcaption><\/figure><\/div>\n\n\n\n<div class=\"wp-block-image\"><figure class=\"aligncenter size-large\"><a href=\"https:\/\/www.histoiresgalantes.fr\/blog\/wp-content\/uploads\/2023\/03\/IMG_2041.jpg\"><img loading=\"lazy\" decoding=\"async\" width=\"683\" height=\"1024\" src=\"https:\/\/www.histoiresgalantes.fr\/blog\/wp-content\/uploads\/2023\/03\/IMG_2041-683x1024.jpg\" alt=\"\" class=\"wp-image-23597\" srcset=\"https:\/\/www.histoiresgalantes.fr\/blog\/wp-content\/uploads\/2023\/03\/IMG_2041-683x1024.jpg 683w, https:\/\/www.histoiresgalantes.fr\/blog\/wp-content\/uploads\/2023\/03\/IMG_2041-200x300.jpg 200w, https:\/\/www.histoiresgalantes.fr\/blog\/wp-content\/uploads\/2023\/03\/IMG_2041-768x1152.jpg 768w, https:\/\/www.histoiresgalantes.fr\/blog\/wp-content\/uploads\/2023\/03\/IMG_2041.jpg 1000w\" sizes=\"auto, (max-width: 683px) 100vw, 683px\" \/><\/a><\/figure><\/div>\n\n\n\n<figure class=\"wp-block-image size-large\"><a href=\"https:\/\/www.histoiresgalantes.fr\/blog\/wp-content\/uploads\/2023\/03\/IMG_2075.jpg\"><img loading=\"lazy\" decoding=\"async\" width=\"1024\" height=\"683\" src=\"https:\/\/www.histoiresgalantes.fr\/blog\/wp-content\/uploads\/2023\/03\/IMG_2075-1024x683.jpg\" alt=\"\" class=\"wp-image-23596\" srcset=\"https:\/\/www.histoiresgalantes.fr\/blog\/wp-content\/uploads\/2023\/03\/IMG_2075-1024x683.jpg 1024w, https:\/\/www.histoiresgalantes.fr\/blog\/wp-content\/uploads\/2023\/03\/IMG_2075-300x200.jpg 300w, https:\/\/www.histoiresgalantes.fr\/blog\/wp-content\/uploads\/2023\/03\/IMG_2075-768x512.jpg 768w, https:\/\/www.histoiresgalantes.fr\/blog\/wp-content\/uploads\/2023\/03\/IMG_2075-330x220.jpg 330w, https:\/\/www.histoiresgalantes.fr\/blog\/wp-content\/uploads\/2023\/03\/IMG_2075.jpg 1500w\" sizes=\"auto, (max-width: 1024px) 100vw, 1024px\" \/><\/a><figcaption>La mort &#8211; XVIe si\u00e8cle<br>Le bras droit brandissait une fl\u00e8che. A rapprocher du c\u00e9l\u00e8bre transi de Ren\u00e9 de Chalon<\/figcaption><\/figure>\n\n\n\n<div class=\"wp-block-image\"><figure class=\"aligncenter size-large\"><a href=\"https:\/\/www.histoiresgalantes.fr\/blog\/wp-content\/uploads\/2023\/03\/IMG_8429.jpg\"><img loading=\"lazy\" decoding=\"async\" width=\"1024\" height=\"683\" src=\"https:\/\/www.histoiresgalantes.fr\/blog\/wp-content\/uploads\/2023\/03\/IMG_8429-1024x683.jpg\" alt=\"\" class=\"wp-image-23629\" srcset=\"https:\/\/www.histoiresgalantes.fr\/blog\/wp-content\/uploads\/2023\/03\/IMG_8429-1024x683.jpg 1024w, https:\/\/www.histoiresgalantes.fr\/blog\/wp-content\/uploads\/2023\/03\/IMG_8429-300x200.jpg 300w, https:\/\/www.histoiresgalantes.fr\/blog\/wp-content\/uploads\/2023\/03\/IMG_8429-768x512.jpg 768w, https:\/\/www.histoiresgalantes.fr\/blog\/wp-content\/uploads\/2023\/03\/IMG_8429-330x220.jpg 330w, https:\/\/www.histoiresgalantes.fr\/blog\/wp-content\/uploads\/2023\/03\/IMG_8429.jpg 1500w\" sizes=\"auto, (max-width: 1024px) 100vw, 1024px\" \/><\/a><\/figure><\/div>\n\n\n\n<div class=\"wp-block-image\"><figure class=\"aligncenter size-large\"><a href=\"https:\/\/www.histoiresgalantes.fr\/blog\/wp-content\/uploads\/2023\/03\/IMG_2039.jpg\"><img loading=\"lazy\" decoding=\"async\" width=\"683\" height=\"1024\" src=\"https:\/\/www.histoiresgalantes.fr\/blog\/wp-content\/uploads\/2023\/03\/IMG_2039-683x1024.jpg\" alt=\"\" class=\"wp-image-23599\" srcset=\"https:\/\/www.histoiresgalantes.fr\/blog\/wp-content\/uploads\/2023\/03\/IMG_2039-683x1024.jpg 683w, https:\/\/www.histoiresgalantes.fr\/blog\/wp-content\/uploads\/2023\/03\/IMG_2039-200x300.jpg 200w, https:\/\/www.histoiresgalantes.fr\/blog\/wp-content\/uploads\/2023\/03\/IMG_2039-768x1152.jpg 768w, https:\/\/www.histoiresgalantes.fr\/blog\/wp-content\/uploads\/2023\/03\/IMG_2039.jpg 1000w\" sizes=\"auto, (max-width: 683px) 100vw, 683px\" \/><\/a><\/figure><\/div>\n\n\n\n<div class=\"wp-block-image\"><figure class=\"aligncenter size-large\"><a href=\"https:\/\/www.histoiresgalantes.fr\/blog\/wp-content\/uploads\/2023\/03\/IMG_8395-1.jpg\"><img loading=\"lazy\" decoding=\"async\" width=\"1024\" height=\"683\" src=\"https:\/\/www.histoiresgalantes.fr\/blog\/wp-content\/uploads\/2023\/03\/IMG_8395-1-1024x683.jpg\" alt=\"\" class=\"wp-image-23634\" srcset=\"https:\/\/www.histoiresgalantes.fr\/blog\/wp-content\/uploads\/2023\/03\/IMG_8395-1-1024x683.jpg 1024w, https:\/\/www.histoiresgalantes.fr\/blog\/wp-content\/uploads\/2023\/03\/IMG_8395-1-300x200.jpg 300w, https:\/\/www.histoiresgalantes.fr\/blog\/wp-content\/uploads\/2023\/03\/IMG_8395-1-768x512.jpg 768w, https:\/\/www.histoiresgalantes.fr\/blog\/wp-content\/uploads\/2023\/03\/IMG_8395-1-330x220.jpg 330w, https:\/\/www.histoiresgalantes.fr\/blog\/wp-content\/uploads\/2023\/03\/IMG_8395-1.jpg 1500w\" sizes=\"auto, (max-width: 1024px) 100vw, 1024px\" \/><\/a><\/figure><\/div>\n","protected":false},"excerpt":{"rendered":"<p>Mus\u00e9e des beaux-arts &#8211; Le Moyen \u00c2ge Je conseille vivement la visite de Dijon pour la mise en valeur de son patrimoine exceptionnel.Les agr\u00e9ables d\u00e9ambulations propos\u00e9es par l\u2019office du tourisme dans le centre historique, enti\u00e8rement pi\u00e9ton, drainent des milliers de personnes, les mains dans les poches et le nez au vent, \u2026 Pi\u00e8ce phare, le [&hellip;]<\/p>\n","protected":false},"author":1,"featured_media":23601,"comment_status":"open","ping_status":"open","sticky":false,"template":"","format":"image","meta":{"om_disable_all_campaigns":false,"_monsterinsights_skip_tracking":false,"_monsterinsights_sitenote_active":false,"_monsterinsights_sitenote_note":"","_monsterinsights_sitenote_category":0,"_s2mail":"yes","footnotes":""},"categories":[32,70,76],"tags":[],"class_list":["post-23591","post","type-post","status-publish","format-image","has-post-thumbnail","hentry","category-sites-a-visiter","category-patrimoine","category-sortir","post_format-post-format-image"],"aioseo_notices":[],"_links":{"self":[{"href":"https:\/\/www.histoiresgalantes.fr\/blog\/wp-json\/wp\/v2\/posts\/23591","targetHints":{"allow":["GET"]}}],"collection":[{"href":"https:\/\/www.histoiresgalantes.fr\/blog\/wp-json\/wp\/v2\/posts"}],"about":[{"href":"https:\/\/www.histoiresgalantes.fr\/blog\/wp-json\/wp\/v2\/types\/post"}],"author":[{"embeddable":true,"href":"https:\/\/www.histoiresgalantes.fr\/blog\/wp-json\/wp\/v2\/users\/1"}],"replies":[{"embeddable":true,"href":"https:\/\/www.histoiresgalantes.fr\/blog\/wp-json\/wp\/v2\/comments?post=23591"}],"version-history":[{"count":6,"href":"https:\/\/www.histoiresgalantes.fr\/blog\/wp-json\/wp\/v2\/posts\/23591\/revisions"}],"predecessor-version":[{"id":23635,"href":"https:\/\/www.histoiresgalantes.fr\/blog\/wp-json\/wp\/v2\/posts\/23591\/revisions\/23635"}],"wp:featuredmedia":[{"embeddable":true,"href":"https:\/\/www.histoiresgalantes.fr\/blog\/wp-json\/wp\/v2\/media\/23601"}],"wp:attachment":[{"href":"https:\/\/www.histoiresgalantes.fr\/blog\/wp-json\/wp\/v2\/media?parent=23591"}],"wp:term":[{"taxonomy":"category","embeddable":true,"href":"https:\/\/www.histoiresgalantes.fr\/blog\/wp-json\/wp\/v2\/categories?post=23591"},{"taxonomy":"post_tag","embeddable":true,"href":"https:\/\/www.histoiresgalantes.fr\/blog\/wp-json\/wp\/v2\/tags?post=23591"}],"curies":[{"name":"wp","href":"https:\/\/api.w.org\/{rel}","templated":true}]}}