{"id":24035,"date":"2023-04-06T10:34:00","date_gmt":"2023-04-06T09:34:00","guid":{"rendered":"http:\/\/www.histoiresgalantes.fr\/blog\/?p=24035"},"modified":"2023-04-10T10:41:41","modified_gmt":"2023-04-10T09:41:41","slug":"le-ccn-ballet-de-lorraine-a-la-pointe-de-lavant-garde-avec-deux-pieces-dexception","status":"publish","type":"post","link":"https:\/\/www.histoiresgalantes.fr\/blog\/2023\/04\/06\/le-ccn-ballet-de-lorraine-a-la-pointe-de-lavant-garde-avec-deux-pieces-dexception\/","title":{"rendered":"Le CCN &#8211; Ballet de Lorraine \u00e0 la pointe de l&#8217;avant-garde avec deux pi\u00e8ces d&#8217;exception"},"content":{"rendered":"\n<p>Les sublimes danseurs du CCN interpr\u00e8tent g\u00e9nialement, encore ce soir et demain \u00e0 l&#8217;Op\u00e9ra de Nancy, deux pi\u00e8ces cr\u00e9\u00e9es sp\u00e9cialement pour eux : <\/p>\n\n\n\n<p><em>Dancefloor <\/em>de <strong>Michele Murray<\/strong> : Des poses, des gestes, des \u00e9gos, des attitudes et des individualit\u00e9s, \u2026 les danseurs illustrent notre \u00e9poque contemporaine. Une pi\u00e8ce philosophique !<br><br><em>Acid Gems<\/em> d&#8217;<strong>Adam Linder<\/strong> : \u00c9poustouflant d&#8217;inventivit\u00e9, Adam Linder r\u00e9invente le corps de ballet avec des gestes d\u00e9cal\u00e9s, des rythmes, des codes urbains, \u2026 dans un match dirig\u00e9 par des arbitres \u00e9tonnants\u2026 Captivant !<\/p>\n\n\n\n<figure class=\"wp-block-image size-large\"><a href=\"https:\/\/www.histoiresgalantes.fr\/blog\/wp-content\/uploads\/2023\/04\/ccn-ballet-de-lorraine1.jpg\"><img loading=\"lazy\" decoding=\"async\" width=\"1024\" height=\"683\" src=\"https:\/\/www.histoiresgalantes.fr\/blog\/wp-content\/uploads\/2023\/04\/ccn-ballet-de-lorraine1-1024x683.jpg\" alt=\"\" class=\"wp-image-24037\" srcset=\"https:\/\/www.histoiresgalantes.fr\/blog\/wp-content\/uploads\/2023\/04\/ccn-ballet-de-lorraine1-1024x683.jpg 1024w, https:\/\/www.histoiresgalantes.fr\/blog\/wp-content\/uploads\/2023\/04\/ccn-ballet-de-lorraine1-300x200.jpg 300w, https:\/\/www.histoiresgalantes.fr\/blog\/wp-content\/uploads\/2023\/04\/ccn-ballet-de-lorraine1-768x512.jpg 768w, https:\/\/www.histoiresgalantes.fr\/blog\/wp-content\/uploads\/2023\/04\/ccn-ballet-de-lorraine1-1536x1024.jpg 1536w, https:\/\/www.histoiresgalantes.fr\/blog\/wp-content\/uploads\/2023\/04\/ccn-ballet-de-lorraine1-330x220.jpg 330w, https:\/\/www.histoiresgalantes.fr\/blog\/wp-content\/uploads\/2023\/04\/ccn-ballet-de-lorraine1.jpg 2048w\" sizes=\"auto, (max-width: 1024px) 100vw, 1024px\" \/><\/a><figcaption>Adam Linder \u00a9 ccn-ballet-de-lorraine 2023<\/figcaption><\/figure>\n\n\n\n<figure class=\"wp-block-image size-large\"><a href=\"https:\/\/www.histoiresgalantes.fr\/blog\/wp-content\/uploads\/2023\/04\/ccn-ballet-de-lorraine3.jpg\"><img loading=\"lazy\" decoding=\"async\" width=\"1024\" height=\"683\" src=\"https:\/\/www.histoiresgalantes.fr\/blog\/wp-content\/uploads\/2023\/04\/ccn-ballet-de-lorraine3-1024x683.jpg\" alt=\"\" class=\"wp-image-24038\" srcset=\"https:\/\/www.histoiresgalantes.fr\/blog\/wp-content\/uploads\/2023\/04\/ccn-ballet-de-lorraine3-1024x683.jpg 1024w, https:\/\/www.histoiresgalantes.fr\/blog\/wp-content\/uploads\/2023\/04\/ccn-ballet-de-lorraine3-300x200.jpg 300w, https:\/\/www.histoiresgalantes.fr\/blog\/wp-content\/uploads\/2023\/04\/ccn-ballet-de-lorraine3-768x512.jpg 768w, https:\/\/www.histoiresgalantes.fr\/blog\/wp-content\/uploads\/2023\/04\/ccn-ballet-de-lorraine3-1536x1024.jpg 1536w, https:\/\/www.histoiresgalantes.fr\/blog\/wp-content\/uploads\/2023\/04\/ccn-ballet-de-lorraine3-330x220.jpg 330w, https:\/\/www.histoiresgalantes.fr\/blog\/wp-content\/uploads\/2023\/04\/ccn-ballet-de-lorraine3.jpg 2048w\" sizes=\"auto, (max-width: 1024px) 100vw, 1024px\" \/><\/a><figcaption>Mich\u00e8le Murray \u00a9 ccn-ballet-de-lorraine 2023<\/figcaption><\/figure>\n","protected":false},"excerpt":{"rendered":"<p>Les sublimes danseurs du CCN interpr\u00e8tent g\u00e9nialement, encore ce soir et demain \u00e0 l&#8217;Op\u00e9ra de Nancy, deux pi\u00e8ces cr\u00e9\u00e9es sp\u00e9cialement pour eux : Dancefloor de Michele Murray : Des poses, des gestes, des \u00e9gos, des attitudes et des individualit\u00e9s, \u2026 les danseurs illustrent notre \u00e9poque contemporaine. Une pi\u00e8ce philosophique ! Acid Gems d&#8217;Adam Linder : [&hellip;]<\/p>\n","protected":false},"author":1,"featured_media":24039,"comment_status":"open","ping_status":"open","sticky":false,"template":"","format":"image","meta":{"om_disable_all_campaigns":false,"_monsterinsights_skip_tracking":false,"_monsterinsights_sitenote_active":false,"_monsterinsights_sitenote_note":"","_monsterinsights_sitenote_category":0,"_s2mail":"yes","footnotes":""},"categories":[29,76,87],"tags":[],"class_list":["post-24035","post","type-post","status-publish","format-image","has-post-thumbnail","hentry","category-evenements","category-sortir","category-sublime","post_format-post-format-image"],"aioseo_notices":[],"_links":{"self":[{"href":"https:\/\/www.histoiresgalantes.fr\/blog\/wp-json\/wp\/v2\/posts\/24035","targetHints":{"allow":["GET"]}}],"collection":[{"href":"https:\/\/www.histoiresgalantes.fr\/blog\/wp-json\/wp\/v2\/posts"}],"about":[{"href":"https:\/\/www.histoiresgalantes.fr\/blog\/wp-json\/wp\/v2\/types\/post"}],"author":[{"embeddable":true,"href":"https:\/\/www.histoiresgalantes.fr\/blog\/wp-json\/wp\/v2\/users\/1"}],"replies":[{"embeddable":true,"href":"https:\/\/www.histoiresgalantes.fr\/blog\/wp-json\/wp\/v2\/comments?post=24035"}],"version-history":[{"count":4,"href":"https:\/\/www.histoiresgalantes.fr\/blog\/wp-json\/wp\/v2\/posts\/24035\/revisions"}],"predecessor-version":[{"id":24042,"href":"https:\/\/www.histoiresgalantes.fr\/blog\/wp-json\/wp\/v2\/posts\/24035\/revisions\/24042"}],"wp:featuredmedia":[{"embeddable":true,"href":"https:\/\/www.histoiresgalantes.fr\/blog\/wp-json\/wp\/v2\/media\/24039"}],"wp:attachment":[{"href":"https:\/\/www.histoiresgalantes.fr\/blog\/wp-json\/wp\/v2\/media?parent=24035"}],"wp:term":[{"taxonomy":"category","embeddable":true,"href":"https:\/\/www.histoiresgalantes.fr\/blog\/wp-json\/wp\/v2\/categories?post=24035"},{"taxonomy":"post_tag","embeddable":true,"href":"https:\/\/www.histoiresgalantes.fr\/blog\/wp-json\/wp\/v2\/tags?post=24035"}],"curies":[{"name":"wp","href":"https:\/\/api.w.org\/{rel}","templated":true}]}}